{"id":166409,"date":"2016-10-25T08:07:38","date_gmt":"2016-10-25T08:07:38","guid":{"rendered":"https:\/\/admin.industriall-union.org\/se-incendia-una-fabrica-en-pakistan\/"},"modified":"2025-02-06T20:26:41","modified_gmt":"2025-02-06T20:26:41","slug":"se-incendia-una-fabrica-en-pakistan","status":"publish","type":"article","link":"https:\/\/admin.industriall-union.org\/es\/se-incendia-una-fabrica-en-pakistan\/","title":{"rendered":"Se incendia una f\u00e1brica en Pakist\u00e1n"},"content":{"rendered":"<p>Del total de 500 trabajadores y trabajadoras que laboraban en esa f\u00e1brica, 5 se hallaban en el turno de noche en la f\u00e1brica de Esa Textile en Karachi cuando se produjo el incendio. Seg\u00fan los testigos, los bomberos tuvieron dificultades para acceder al lugar del incendio, por lo que se vieron obligados a romper paredes y ventanas para extinguir las llamas. Las ventanas de la f\u00e1brica se hallaban cerradas de manera ilegal con bloques de cemento y barras de hierro, de modo muy semejante a lo que se hizo en la planta de Ali Enterprises donde un incendio mat\u00f3 a 260 trabajadores y trabajadoras en 2012.<\/p><p>Apoorva Kaiwar, Secretaria Regional de IndustriALL Global Union, se\u00f1al\u00f3 que con este incendio se pone de relieve el bajo nivel de seguridad laboral en las f\u00e1bricas de prendas de vestir y textiles de Pakist\u00e1n.<\/p><blockquote><p>El gobierno debe tomar inmediatamente medidas preventivas para mejorar las condiciones de seguridad laboral en las f\u00e1bricas de todo el pa\u00eds. Los trabajadores y trabajadoras tienen que acudir al trabajo y ganarse la vida sin poner en peligro sus vidas.<\/p><\/blockquote>","protected":false},"featured_media":0,"template":"","issues":[402],"companies":[],"regions":[182],"sectors":[464],"article_tags":[],"class_list":["post-166409","article","type-article","status-publish","hentry","issues-health-and-safety","regions-pakistan","sectors-textile-leather-garment-shoes-and-textile-services"],"acf":[],"yoast_head":"<!-- This site is optimized with the Yoast SEO Premium plugin v27.1 (Yoast SEO v27.1) - https:\/\/yoast.com\/product\/yoast-seo-premium-wordpress\/ -->\n<title>Se incendia una f\u00e1brica en Pakist\u00e1n - industriall-union<\/title>\n<meta name=\"description\" content=\"Del total de 500 trabajadores y trabajadoras que laboraban en esa f\u00e1brica, 5 se hallaban en el turno de noche en la f\u00e1brica de Esa Textile en Karachi\" \/>\n<meta name=\"robots\" content=\"index, follow, max-snippet:-1, max-image-preview:large, max-video-preview:-1\" \/>\n<link rel=\"canonical\" href=\"https:\/\/admin.industriall-union.org\/es\/se-incendia-una-fabrica-en-pakistan\/\" \/>\n<meta property=\"og:locale\" content=\"es_ES\" \/>\n<meta property=\"og:type\" content=\"article\" \/>\n<meta property=\"og:title\" content=\"Se incendia una f\u00e1brica en Pakist\u00e1n\" \/>\n<meta property=\"og:description\" content=\"Del total de 500 trabajadores y trabajadoras que laboraban en esa f\u00e1brica, 5 se hallaban en el turno de noche en la f\u00e1brica de Esa Textile en Karachi\" \/>\n<meta property=\"og:url\" content=\"https:\/\/admin.industriall-union.org\/es\/se-incendia-una-fabrica-en-pakistan\/\" \/>\n<meta property=\"og:site_name\" content=\"industriall-union\" \/>\n<meta property=\"article:modified_time\" content=\"2025-02-06T20:26:41+00:00\" \/>\n<meta name=\"twitter:card\" content=\"summary_large_image\" \/>\n<meta name=\"twitter:label1\" content=\"Est. reading time\" \/>\n\t<meta name=\"twitter:data1\" content=\"1 minute\" \/>\n<script type=\"application\/ld+json\" class=\"yoast-schema-graph\">{\"@context\":\"https:\/\/schema.org\",\"@graph\":[{\"@type\":\"WebPage\",\"@id\":\"https:\/\/admin.industriall-union.org\/es\/se-incendia-una-fabrica-en-pakistan\/\",\"url\":\"https:\/\/admin.industriall-union.org\/es\/se-incendia-una-fabrica-en-pakistan\/\",\"name\":\"Se incendia una f\u00e1brica en Pakist\u00e1n - industriall-union\",\"isPartOf\":{\"@id\":\"https:\/\/admin.industriall-union.org\/#website\"},\"datePublished\":\"2016-10-25T08:07:38+00:00\",\"dateModified\":\"2025-02-06T20:26:41+00:00\",\"description\":\"Del total de 500 trabajadores y trabajadoras que laboraban en esa f\u00e1brica, 5 se hallaban en el turno de noche en la f\u00e1brica de Esa Textile en Karachi\",\"breadcrumb\":{\"@id\":\"https:\/\/admin.industriall-union.org\/es\/se-incendia-una-fabrica-en-pakistan\/#breadcrumb\"},\"inLanguage\":\"es-ES\",\"potentialAction\":[{\"@type\":\"ReadAction\",\"target\":[\"https:\/\/admin.industriall-union.org\/es\/se-incendia-una-fabrica-en-pakistan\/\"]}]},{\"@type\":\"BreadcrumbList\",\"@id\":\"https:\/\/admin.industriall-union.org\/es\/se-incendia-una-fabrica-en-pakistan\/#breadcrumb\",\"itemListElement\":[{\"@type\":\"ListItem\",\"position\":1,\"name\":\"Home\",\"item\":\"https:\/\/admin.industriall-union.org\/\"},{\"@type\":\"ListItem\",\"position\":2,\"name\":\"Articles\",\"item\":\"https:\/\/admin.industriall-union.org\/article\/\"},{\"@type\":\"ListItem\",\"position\":3,\"name\":\"Se incendia una f\u00e1brica en Pakist\u00e1n\"}]},{\"@type\":\"WebSite\",\"@id\":\"https:\/\/admin.industriall-union.org\/#website\",\"url\":\"https:\/\/admin.industriall-union.org\/\",\"name\":\"industriall-union\",\"description\":\"\",\"potentialAction\":[{\"@type\":\"SearchAction\",\"target\":{\"@type\":\"EntryPoint\",\"urlTemplate\":\"https:\/\/admin.industriall-union.org\/?s={search_term_string}\"},\"query-input\":{\"@type\":\"PropertyValueSpecification\",\"valueRequired\":true,\"valueName\":\"search_term_string\"}}],\"inLanguage\":\"es-ES\"}]}<\/script>\n<!-- \/ Yoast SEO Premium plugin. -->","yoast_head_json":{"title":"Se incendia una f\u00e1brica en Pakist\u00e1n - industriall-union","description":"Del total de 500 trabajadores y trabajadoras que laboraban en esa f\u00e1brica, 5 se hallaban en el turno de noche en la f\u00e1brica de Esa Textile en Karachi","robots":{"index":"index","follow":"follow","max-snippet":"max-snippet:-1","max-image-preview":"max-image-preview:large","max-video-preview":"max-video-preview:-1"},"canonical":"https:\/\/admin.industriall-union.org\/es\/se-incendia-una-fabrica-en-pakistan\/","og_locale":"es_ES","og_type":"article","og_title":"Se incendia una f\u00e1brica en Pakist\u00e1n","og_description":"Del total de 500 trabajadores y trabajadoras que laboraban en esa f\u00e1brica, 5 se hallaban en el turno de noche en la f\u00e1brica de Esa Textile en Karachi","og_url":"https:\/\/admin.industriall-union.org\/es\/se-incendia-una-fabrica-en-pakistan\/","og_site_name":"industriall-union","article_modified_time":"2025-02-06T20:26:41+00:00","twitter_card":"summary_large_image","twitter_misc":{"Est. reading time":"1 minute"},"schema":{"@context":"https:\/\/schema.org","@graph":[{"@type":"WebPage","@id":"https:\/\/admin.industriall-union.org\/es\/se-incendia-una-fabrica-en-pakistan\/","url":"https:\/\/admin.industriall-union.org\/es\/se-incendia-una-fabrica-en-pakistan\/","name":"Se incendia una f\u00e1brica en Pakist\u00e1n - industriall-union","isPartOf":{"@id":"https:\/\/admin.industriall-union.org\/#website"},"datePublished":"2016-10-25T08:07:38+00:00","dateModified":"2025-02-06T20:26:41+00:00","description":"Del total de 500 trabajadores y trabajadoras que laboraban en esa f\u00e1brica, 5 se hallaban en el turno de noche en la f\u00e1brica de Esa Textile en Karachi","breadcrumb":{"@id":"https:\/\/admin.industriall-union.org\/es\/se-incendia-una-fabrica-en-pakistan\/#breadcrumb"},"inLanguage":"es-ES","potentialAction":[{"@type":"ReadAction","target":["https:\/\/admin.industriall-union.org\/es\/se-incendia-una-fabrica-en-pakistan\/"]}]},{"@type":"BreadcrumbList","@id":"https:\/\/admin.industriall-union.org\/es\/se-incendia-una-fabrica-en-pakistan\/#breadcrumb","itemListElement":[{"@type":"ListItem","position":1,"name":"Home","item":"https:\/\/admin.industriall-union.org\/"},{"@type":"ListItem","position":2,"name":"Articles","item":"https:\/\/admin.industriall-union.org\/article\/"},{"@type":"ListItem","position":3,"name":"Se incendia una f\u00e1brica en Pakist\u00e1n"}]},{"@type":"WebSite","@id":"https:\/\/admin.industriall-union.org\/#website","url":"https:\/\/admin.industriall-union.org\/","name":"industriall-union","description":"","potentialAction":[{"@type":"SearchAction","target":{"@type":"EntryPoint","urlTemplate":"https:\/\/admin.industriall-union.org\/?s={search_term_string}"},"query-input":{"@type":"PropertyValueSpecification","valueRequired":true,"valueName":"search_term_string"}}],"inLanguage":"es-ES"}]}},"_links":{"self":[{"href":"https:\/\/admin.industriall-union.org\/es\/wp-json\/wp\/v2\/article\/166409","targetHints":{"allow":["GET"]}}],"collection":[{"href":"https:\/\/admin.industriall-union.org\/es\/wp-json\/wp\/v2\/article"}],"about":[{"href":"https:\/\/admin.industriall-union.org\/es\/wp-json\/wp\/v2\/types\/article"}],"wp:attachment":[{"href":"https:\/\/admin.industriall-union.org\/es\/wp-json\/wp\/v2\/media?parent=166409"}],"wp:term":[{"taxonomy":"issues","embeddable":true,"href":"https:\/\/admin.industriall-union.org\/es\/wp-json\/wp\/v2\/issues?post=166409"},{"taxonomy":"companies","embeddable":true,"href":"https:\/\/admin.industriall-union.org\/es\/wp-json\/wp\/v2\/companies?post=166409"},{"taxonomy":"regions","embeddable":true,"href":"https:\/\/admin.industriall-union.org\/es\/wp-json\/wp\/v2\/regions?post=166409"},{"taxonomy":"sectors","embeddable":true,"href":"https:\/\/admin.industriall-union.org\/es\/wp-json\/wp\/v2\/sectors?post=166409"},{"taxonomy":"article_tags","embeddable":true,"href":"https:\/\/admin.industriall-union.org\/es\/wp-json\/wp\/v2\/article_tags?post=166409"}],"curies":[{"name":"wp","href":"https:\/\/api.w.org\/{rel}","templated":true}]}}