{"id":166156,"date":"2016-11-14T10:33:28","date_gmt":"2016-11-14T10:33:28","guid":{"rendered":"https:\/\/admin.industriall-union.org\/blog-de-la-cop22-de-marrakesh-quinto-dia-viernes-11-de-noviembre-de-2016\/"},"modified":"2025-02-06T19:43:51","modified_gmt":"2025-02-06T19:43:51","slug":"blog-de-la-cop22-de-marrakesh-quinto-dia-viernes-11-de-noviembre-de-2016","status":"publish","type":"article","link":"https:\/\/admin.industriall-union.org\/es\/blog-de-la-cop22-de-marrakesh-quinto-dia-viernes-11-de-noviembre-de-2016\/","title":{"rendered":"Blog de la COP22 de Marrakesh \u2013 Quinto d\u00eda, viernes 11 de noviembre de 2016"},"content":{"rendered":"<p>Quinto d\u00eda de la vig\u00e9simo segunda Conferencia de las Partes en la Convenci\u00f3n Marco de las Naciones Unidas sobre el Cambio Clim\u00e1tico (COP22), 11 de noviembre en Marrakesh (Marruecos).<br \/><br \/>El viernes fue el d\u00eda del evento paralelo sindical oficial en la COP. En un evento paralelo oficial las organizaciones esperan atraer la atenci\u00f3n de otros participantes y tienen la ocasi\u00f3n de exponerles su punto de vista.<br \/><br \/>&iexcl;Fue un gran \u00e9xito de asistencia! La sala estaba abarrotada de gente ansiosa de escuchar el punto de vista de los sindicatos, algunos incluso deseando permanecer de pie durante la reuni\u00f3n al estar todos los asientos ocupados. Brian Kohler, de la IndustriALL Global Union, expuso parte de nuestra labor sobre la transici\u00f3n justa y el an\u00e1lisis de la sostenibilidad sectorial.<br \/><br \/>En los debates que los sindicatos han seguido m\u00e1s atentamente, en las reuniones del \u00f3rgano conocido informalmente como Grupo de Contacto Mejorado sobre el Impacto de las Medidas de Respuesta, se ha hecho p\u00fablico finalmente un proyecto de decisi\u00f3n. Se crear\u00e1 un Grupo de Expertos T\u00e9cnicos para formular recomendaciones formales a la pr\u00f3xima COP sobre transici\u00f3n justa, transformaci\u00f3n industrial y diversificaci\u00f3n econ\u00f3mica. Esto podr\u00eda ser un punto importante para la realizaci\u00f3n de una terminolog\u00eda concreta sobre transici\u00f3n justa en la aplicaci\u00f3n del Acuerdo de Par\u00eds.<br \/><br \/>Persisten las tentativas de las Partes para limitar la participaci\u00f3n de observadores. No est\u00e1 claro por qu\u00e9 es as\u00ed en esta COP. Corre el rumor de que puede haber habido alg\u00fan abuso de la condici\u00f3n de observador por encuestadores profesionales u otros, pero aunque esto sea cierto no por ello se debe sancionar necesariamente a todas las organizaciones observadoras.<br \/><br \/>El viernes, naturalmente, continuaron muchas otras deliberaciones, inclusive sobre la transferencia de tecnolog\u00eda y los continuos esfuerzos para crear el Fondo Verde para el Clima de 100.000 millones $ anuales.<\/p>","protected":false},"featured_media":0,"template":"","issues":[393,419,418],"companies":[],"regions":[],"sectors":[],"article_tags":[],"class_list":["post-166156","article","type-article","status-publish","hentry","issues-climate-change-just-transition","issues-environment","issues-sustainability"],"acf":[],"yoast_head":"<!-- This site is optimized with the Yoast SEO Premium plugin v27.1 (Yoast SEO v27.1) - https:\/\/yoast.com\/product\/yoast-seo-premium-wordpress\/ -->\n<title>Blog de la COP22 de Marrakesh \u2013 Quinto d\u00eda, viernes 11 de noviembre de 2016 - industriall-union<\/title>\n<meta name=\"description\" content=\"Quinto d\u00eda de la vig\u00e9simo segunda Conferencia de las Partes en la Convenci\u00f3n Marco de las Naciones Unidas sobre el Cambio Clim\u00e1tico (COP22), 11 de\" \/>\n<meta name=\"robots\" content=\"index, follow, max-snippet:-1, max-image-preview:large, max-video-preview:-1\" \/>\n<link rel=\"canonical\" href=\"https:\/\/admin.industriall-union.org\/es\/blog-de-la-cop22-de-marrakesh-quinto-dia-viernes-11-de-noviembre-de-2016\/\" \/>\n<meta property=\"og:locale\" content=\"es_ES\" \/>\n<meta property=\"og:type\" content=\"article\" \/>\n<meta property=\"og:title\" content=\"Blog de la COP22 de Marrakesh \u2013 Quinto d\u00eda, viernes 11 de noviembre de 2016\" \/>\n<meta property=\"og:description\" content=\"Quinto d\u00eda de la vig\u00e9simo segunda Conferencia de las Partes en la Convenci\u00f3n Marco de las Naciones Unidas sobre el Cambio Clim\u00e1tico (COP22), 11 de\" \/>\n<meta property=\"og:url\" content=\"https:\/\/admin.industriall-union.org\/es\/blog-de-la-cop22-de-marrakesh-quinto-dia-viernes-11-de-noviembre-de-2016\/\" \/>\n<meta property=\"og:site_name\" content=\"industriall-union\" \/>\n<meta property=\"article:modified_time\" content=\"2025-02-06T19:43:51+00:00\" \/>\n<meta name=\"twitter:card\" content=\"summary_large_image\" \/>\n<meta name=\"twitter:label1\" content=\"Est. reading time\" \/>\n\t<meta name=\"twitter:data1\" content=\"2 minutes\" \/>\n<script type=\"application\/ld+json\" class=\"yoast-schema-graph\">{\"@context\":\"https:\/\/schema.org\",\"@graph\":[{\"@type\":\"WebPage\",\"@id\":\"https:\/\/admin.industriall-union.org\/es\/blog-de-la-cop22-de-marrakesh-quinto-dia-viernes-11-de-noviembre-de-2016\/\",\"url\":\"https:\/\/admin.industriall-union.org\/es\/blog-de-la-cop22-de-marrakesh-quinto-dia-viernes-11-de-noviembre-de-2016\/\",\"name\":\"Blog de la COP22 de Marrakesh \u2013 Quinto d\u00eda, viernes 11 de noviembre de 2016 - industriall-union\",\"isPartOf\":{\"@id\":\"https:\/\/admin.industriall-union.org\/#website\"},\"datePublished\":\"2016-11-14T10:33:28+00:00\",\"dateModified\":\"2025-02-06T19:43:51+00:00\",\"description\":\"Quinto d\u00eda de la vig\u00e9simo segunda Conferencia de las Partes en la Convenci\u00f3n Marco de las Naciones Unidas sobre el Cambio Clim\u00e1tico (COP22), 11 de\",\"breadcrumb\":{\"@id\":\"https:\/\/admin.industriall-union.org\/es\/blog-de-la-cop22-de-marrakesh-quinto-dia-viernes-11-de-noviembre-de-2016\/#breadcrumb\"},\"inLanguage\":\"es-ES\",\"potentialAction\":[{\"@type\":\"ReadAction\",\"target\":[\"https:\/\/admin.industriall-union.org\/es\/blog-de-la-cop22-de-marrakesh-quinto-dia-viernes-11-de-noviembre-de-2016\/\"]}]},{\"@type\":\"BreadcrumbList\",\"@id\":\"https:\/\/admin.industriall-union.org\/es\/blog-de-la-cop22-de-marrakesh-quinto-dia-viernes-11-de-noviembre-de-2016\/#breadcrumb\",\"itemListElement\":[{\"@type\":\"ListItem\",\"position\":1,\"name\":\"Home\",\"item\":\"https:\/\/admin.industriall-union.org\/\"},{\"@type\":\"ListItem\",\"position\":2,\"name\":\"Articles\",\"item\":\"https:\/\/admin.industriall-union.org\/article\/\"},{\"@type\":\"ListItem\",\"position\":3,\"name\":\"Blog de la COP22 de Marrakesh \u2013 Quinto d\u00eda, viernes 11 de noviembre de 2016\"}]},{\"@type\":\"WebSite\",\"@id\":\"https:\/\/admin.industriall-union.org\/#website\",\"url\":\"https:\/\/admin.industriall-union.org\/\",\"name\":\"industriall-union\",\"description\":\"\",\"potentialAction\":[{\"@type\":\"SearchAction\",\"target\":{\"@type\":\"EntryPoint\",\"urlTemplate\":\"https:\/\/admin.industriall-union.org\/?s={search_term_string}\"},\"query-input\":{\"@type\":\"PropertyValueSpecification\",\"valueRequired\":true,\"valueName\":\"search_term_string\"}}],\"inLanguage\":\"es-ES\"}]}<\/script>\n<!-- \/ Yoast SEO Premium plugin. -->","yoast_head_json":{"title":"Blog de la COP22 de Marrakesh \u2013 Quinto d\u00eda, viernes 11 de noviembre de 2016 - industriall-union","description":"Quinto d\u00eda de la vig\u00e9simo segunda Conferencia de las Partes en la Convenci\u00f3n Marco de las Naciones Unidas sobre el Cambio Clim\u00e1tico (COP22), 11 de","robots":{"index":"index","follow":"follow","max-snippet":"max-snippet:-1","max-image-preview":"max-image-preview:large","max-video-preview":"max-video-preview:-1"},"canonical":"https:\/\/admin.industriall-union.org\/es\/blog-de-la-cop22-de-marrakesh-quinto-dia-viernes-11-de-noviembre-de-2016\/","og_locale":"es_ES","og_type":"article","og_title":"Blog de la COP22 de Marrakesh \u2013 Quinto d\u00eda, viernes 11 de noviembre de 2016","og_description":"Quinto d\u00eda de la vig\u00e9simo segunda Conferencia de las Partes en la Convenci\u00f3n Marco de las Naciones Unidas sobre el Cambio Clim\u00e1tico (COP22), 11 de","og_url":"https:\/\/admin.industriall-union.org\/es\/blog-de-la-cop22-de-marrakesh-quinto-dia-viernes-11-de-noviembre-de-2016\/","og_site_name":"industriall-union","article_modified_time":"2025-02-06T19:43:51+00:00","twitter_card":"summary_large_image","twitter_misc":{"Est. reading time":"2 minutes"},"schema":{"@context":"https:\/\/schema.org","@graph":[{"@type":"WebPage","@id":"https:\/\/admin.industriall-union.org\/es\/blog-de-la-cop22-de-marrakesh-quinto-dia-viernes-11-de-noviembre-de-2016\/","url":"https:\/\/admin.industriall-union.org\/es\/blog-de-la-cop22-de-marrakesh-quinto-dia-viernes-11-de-noviembre-de-2016\/","name":"Blog de la COP22 de Marrakesh \u2013 Quinto d\u00eda, viernes 11 de noviembre de 2016 - industriall-union","isPartOf":{"@id":"https:\/\/admin.industriall-union.org\/#website"},"datePublished":"2016-11-14T10:33:28+00:00","dateModified":"2025-02-06T19:43:51+00:00","description":"Quinto d\u00eda de la vig\u00e9simo segunda Conferencia de las Partes en la Convenci\u00f3n Marco de las Naciones Unidas sobre el Cambio Clim\u00e1tico (COP22), 11 de","breadcrumb":{"@id":"https:\/\/admin.industriall-union.org\/es\/blog-de-la-cop22-de-marrakesh-quinto-dia-viernes-11-de-noviembre-de-2016\/#breadcrumb"},"inLanguage":"es-ES","potentialAction":[{"@type":"ReadAction","target":["https:\/\/admin.industriall-union.org\/es\/blog-de-la-cop22-de-marrakesh-quinto-dia-viernes-11-de-noviembre-de-2016\/"]}]},{"@type":"BreadcrumbList","@id":"https:\/\/admin.industriall-union.org\/es\/blog-de-la-cop22-de-marrakesh-quinto-dia-viernes-11-de-noviembre-de-2016\/#breadcrumb","itemListElement":[{"@type":"ListItem","position":1,"name":"Home","item":"https:\/\/admin.industriall-union.org\/"},{"@type":"ListItem","position":2,"name":"Articles","item":"https:\/\/admin.industriall-union.org\/article\/"},{"@type":"ListItem","position":3,"name":"Blog de la COP22 de Marrakesh \u2013 Quinto d\u00eda, viernes 11 de noviembre de 2016"}]},{"@type":"WebSite","@id":"https:\/\/admin.industriall-union.org\/#website","url":"https:\/\/admin.industriall-union.org\/","name":"industriall-union","description":"","potentialAction":[{"@type":"SearchAction","target":{"@type":"EntryPoint","urlTemplate":"https:\/\/admin.industriall-union.org\/?s={search_term_string}"},"query-input":{"@type":"PropertyValueSpecification","valueRequired":true,"valueName":"search_term_string"}}],"inLanguage":"es-ES"}]}},"_links":{"self":[{"href":"https:\/\/admin.industriall-union.org\/es\/wp-json\/wp\/v2\/article\/166156","targetHints":{"allow":["GET"]}}],"collection":[{"href":"https:\/\/admin.industriall-union.org\/es\/wp-json\/wp\/v2\/article"}],"about":[{"href":"https:\/\/admin.industriall-union.org\/es\/wp-json\/wp\/v2\/types\/article"}],"wp:attachment":[{"href":"https:\/\/admin.industriall-union.org\/es\/wp-json\/wp\/v2\/media?parent=166156"}],"wp:term":[{"taxonomy":"issues","embeddable":true,"href":"https:\/\/admin.industriall-union.org\/es\/wp-json\/wp\/v2\/issues?post=166156"},{"taxonomy":"companies","embeddable":true,"href":"https:\/\/admin.industriall-union.org\/es\/wp-json\/wp\/v2\/companies?post=166156"},{"taxonomy":"regions","embeddable":true,"href":"https:\/\/admin.industriall-union.org\/es\/wp-json\/wp\/v2\/regions?post=166156"},{"taxonomy":"sectors","embeddable":true,"href":"https:\/\/admin.industriall-union.org\/es\/wp-json\/wp\/v2\/sectors?post=166156"},{"taxonomy":"article_tags","embeddable":true,"href":"https:\/\/admin.industriall-union.org\/es\/wp-json\/wp\/v2\/article_tags?post=166156"}],"curies":[{"name":"wp","href":"https:\/\/api.w.org\/{rel}","templated":true}]}}