{"id":166109,"date":"2016-11-15T09:14:29","date_gmt":"2016-11-15T09:14:29","guid":{"rendered":"https:\/\/admin.industriall-union.org\/blog-de-la-cop22-de-marrakesh-octavo-dia-14-de-noviembre-de-2016\/"},"modified":"2025-02-06T19:36:50","modified_gmt":"2025-02-06T19:36:50","slug":"blog-de-la-cop22-de-marrakesh-octavo-dia-14-de-noviembre-de-2016","status":"publish","type":"article","link":"https:\/\/admin.industriall-union.org\/es\/blog-de-la-cop22-de-marrakesh-octavo-dia-14-de-noviembre-de-2016\/","title":{"rendered":"Blog de la COP22 de Marrakesh \u2013 Octavo d\u00eda, 14 de noviembre de 2016"},"content":{"rendered":"<p>Como la Conferencia pasa de las discusiones t\u00e9cnicas al segmento pol\u00edtico de alto nivel, algunos de los grandes comit\u00e9s activos en la primera semana est\u00e1n terminando su labor. A continuaci\u00f3n figuran los comentarios de la IndustriALL en la plenaria de clausura del \u00d3rgano Subsidiario de Ejecuci\u00f3n.<br \/><br \/>Muchas gracias, Sr.Presidente:<\/p><p>Soy Brian Kohler, director de sostenibilidad de la IndustriALL Global Union, y tambi\u00e9n hablo hoy en nombre de los sindicatos a nivel mundial.<\/p><p>En Par\u00eds, las Partes se comprometieron a un marco de transici\u00f3n justa que establece un v\u00ednculo claro entre la necesidad de proteger nuestro clima y la necesidad de asegurar la vida y los medios de subsistencia de los trabajadores de hoy y de ma\u00f1ana.<\/p><p>Aqu\u00ed, en Marrakesh, la discusi\u00f3n de c\u00f3mo llevarlo a la pr\u00e1ctica se ha centrado en el grupo de contacto OSE\/OSACT, conocido como Foro Mejorado sobre el Impacto de la Implementaci\u00f3n de las Medidas de Respuesta. Apoyamos la propuesta contenida en su proyecto de conclusiones para constituir un Grupo de expertos t\u00e9cnicos ad-hoc sobre diversificaci\u00f3n econ\u00f3mica y transformaci\u00f3n y sobre transici\u00f3n justa de la fuerza laboral y la creaci\u00f3n de trabajo decente y empleos de calidad, y tomamos nota de la decisi\u00f3n de las Partes&nbsp; de aprovechar la pericia de los sindicatos en la futura labor de este grupo.<\/p><p>Es esencial que formen parte de este grupo los expertos interesados correctos. Como la discusi\u00f3n se centra principalmente en los empleos y la transici\u00f3n a una econom\u00eda sostenible, los sindicatos deben estar representados en \u00e9l.<\/p><p>Los sindicatos tienen ideas concretas sobre la manera de elaborar y aportar el apoyo social requerido para una transici\u00f3n justa a un clima global estable, y una econom\u00eda mundial estable. Entre estas ideas figuran las pol\u00edticas industriales sostenibles, la transformaci\u00f3n industrial y la diversificaci\u00f3n econ\u00f3mica, acompa\u00f1adas de programas de ajuste laboral creativos y un fuerte respaldo social.<\/p><p>Las partes interesadas pertinentes en este caso son los sindicatos. Sr. Presidente, ning\u00fan grupo importante de los representados aqu\u00ed ha realizado m\u00e1s investigaciones ni tiene una mejor comprensi\u00f3n de los componentes necesarios para una transici\u00f3n justa. Estamos dispuestos a hacer contribuciones detalladas y a ofrecer asesoramiento por medio del Grupo de expertos t\u00e9cnicos ad hoc&nbsp; al Foro Mejorado.<\/p><p>Agradecemos a las Partes su apoyo sobre este asunto- Necesitamos urgentemente que esta conversaci\u00f3n tenga \u00e9xito.<\/p><p>Muchas gracias.<\/p>","protected":false},"featured_media":0,"template":"","issues":[393,419,418],"companies":[],"regions":[],"sectors":[],"article_tags":[],"class_list":["post-166109","article","type-article","status-publish","hentry","issues-climate-change-just-transition","issues-environment","issues-sustainability"],"acf":[],"yoast_head":"<!-- This site is optimized with the Yoast SEO Premium plugin v27.1 (Yoast SEO v27.1) - https:\/\/yoast.com\/product\/yoast-seo-premium-wordpress\/ -->\n<title>Blog de la COP22 de Marrakesh \u2013 Octavo d\u00eda, 14 de noviembre de 2016 - industriall-union<\/title>\n<meta name=\"description\" content=\"Como la Conferencia pasa de las discusiones t\u00e9cnicas al segmento pol\u00edtico de alto nivel, algunos de los grandes comit\u00e9s activos en la primera semana est\u00e1n\" \/>\n<meta name=\"robots\" content=\"index, follow, max-snippet:-1, max-image-preview:large, max-video-preview:-1\" \/>\n<link rel=\"canonical\" href=\"https:\/\/admin.industriall-union.org\/es\/blog-de-la-cop22-de-marrakesh-octavo-dia-14-de-noviembre-de-2016\/\" \/>\n<meta property=\"og:locale\" content=\"es_ES\" \/>\n<meta property=\"og:type\" content=\"article\" \/>\n<meta property=\"og:title\" content=\"Blog de la COP22 de Marrakesh \u2013 Octavo d\u00eda, 14 de noviembre de 2016\" \/>\n<meta property=\"og:description\" content=\"Como la Conferencia pasa de las discusiones t\u00e9cnicas al segmento pol\u00edtico de alto nivel, algunos de los grandes comit\u00e9s activos en la primera semana est\u00e1n\" \/>\n<meta property=\"og:url\" content=\"https:\/\/admin.industriall-union.org\/es\/blog-de-la-cop22-de-marrakesh-octavo-dia-14-de-noviembre-de-2016\/\" \/>\n<meta property=\"og:site_name\" content=\"industriall-union\" \/>\n<meta property=\"article:modified_time\" content=\"2025-02-06T19:36:50+00:00\" \/>\n<meta name=\"twitter:card\" content=\"summary_large_image\" \/>\n<meta name=\"twitter:label1\" content=\"Est. reading time\" \/>\n\t<meta name=\"twitter:data1\" content=\"2 minutes\" \/>\n<script type=\"application\/ld+json\" class=\"yoast-schema-graph\">{\"@context\":\"https:\/\/schema.org\",\"@graph\":[{\"@type\":\"WebPage\",\"@id\":\"https:\/\/admin.industriall-union.org\/es\/blog-de-la-cop22-de-marrakesh-octavo-dia-14-de-noviembre-de-2016\/\",\"url\":\"https:\/\/admin.industriall-union.org\/es\/blog-de-la-cop22-de-marrakesh-octavo-dia-14-de-noviembre-de-2016\/\",\"name\":\"Blog de la COP22 de Marrakesh \u2013 Octavo d\u00eda, 14 de noviembre de 2016 - industriall-union\",\"isPartOf\":{\"@id\":\"https:\/\/admin.industriall-union.org\/#website\"},\"datePublished\":\"2016-11-15T09:14:29+00:00\",\"dateModified\":\"2025-02-06T19:36:50+00:00\",\"description\":\"Como la Conferencia pasa de las discusiones t\u00e9cnicas al segmento pol\u00edtico de alto nivel, algunos de los grandes comit\u00e9s activos en la primera semana est\u00e1n\",\"breadcrumb\":{\"@id\":\"https:\/\/admin.industriall-union.org\/es\/blog-de-la-cop22-de-marrakesh-octavo-dia-14-de-noviembre-de-2016\/#breadcrumb\"},\"inLanguage\":\"es-ES\",\"potentialAction\":[{\"@type\":\"ReadAction\",\"target\":[\"https:\/\/admin.industriall-union.org\/es\/blog-de-la-cop22-de-marrakesh-octavo-dia-14-de-noviembre-de-2016\/\"]}]},{\"@type\":\"BreadcrumbList\",\"@id\":\"https:\/\/admin.industriall-union.org\/es\/blog-de-la-cop22-de-marrakesh-octavo-dia-14-de-noviembre-de-2016\/#breadcrumb\",\"itemListElement\":[{\"@type\":\"ListItem\",\"position\":1,\"name\":\"Home\",\"item\":\"https:\/\/admin.industriall-union.org\/\"},{\"@type\":\"ListItem\",\"position\":2,\"name\":\"Articles\",\"item\":\"https:\/\/admin.industriall-union.org\/article\/\"},{\"@type\":\"ListItem\",\"position\":3,\"name\":\"Blog de la COP22 de Marrakesh \u2013 Octavo d\u00eda, 14 de noviembre de 2016\"}]},{\"@type\":\"WebSite\",\"@id\":\"https:\/\/admin.industriall-union.org\/#website\",\"url\":\"https:\/\/admin.industriall-union.org\/\",\"name\":\"industriall-union\",\"description\":\"\",\"potentialAction\":[{\"@type\":\"SearchAction\",\"target\":{\"@type\":\"EntryPoint\",\"urlTemplate\":\"https:\/\/admin.industriall-union.org\/?s={search_term_string}\"},\"query-input\":{\"@type\":\"PropertyValueSpecification\",\"valueRequired\":true,\"valueName\":\"search_term_string\"}}],\"inLanguage\":\"es-ES\"}]}<\/script>\n<!-- \/ Yoast SEO Premium plugin. -->","yoast_head_json":{"title":"Blog de la COP22 de Marrakesh \u2013 Octavo d\u00eda, 14 de noviembre de 2016 - industriall-union","description":"Como la Conferencia pasa de las discusiones t\u00e9cnicas al segmento pol\u00edtico de alto nivel, algunos de los grandes comit\u00e9s activos en la primera semana est\u00e1n","robots":{"index":"index","follow":"follow","max-snippet":"max-snippet:-1","max-image-preview":"max-image-preview:large","max-video-preview":"max-video-preview:-1"},"canonical":"https:\/\/admin.industriall-union.org\/es\/blog-de-la-cop22-de-marrakesh-octavo-dia-14-de-noviembre-de-2016\/","og_locale":"es_ES","og_type":"article","og_title":"Blog de la COP22 de Marrakesh \u2013 Octavo d\u00eda, 14 de noviembre de 2016","og_description":"Como la Conferencia pasa de las discusiones t\u00e9cnicas al segmento pol\u00edtico de alto nivel, algunos de los grandes comit\u00e9s activos en la primera semana est\u00e1n","og_url":"https:\/\/admin.industriall-union.org\/es\/blog-de-la-cop22-de-marrakesh-octavo-dia-14-de-noviembre-de-2016\/","og_site_name":"industriall-union","article_modified_time":"2025-02-06T19:36:50+00:00","twitter_card":"summary_large_image","twitter_misc":{"Est. reading time":"2 minutes"},"schema":{"@context":"https:\/\/schema.org","@graph":[{"@type":"WebPage","@id":"https:\/\/admin.industriall-union.org\/es\/blog-de-la-cop22-de-marrakesh-octavo-dia-14-de-noviembre-de-2016\/","url":"https:\/\/admin.industriall-union.org\/es\/blog-de-la-cop22-de-marrakesh-octavo-dia-14-de-noviembre-de-2016\/","name":"Blog de la COP22 de Marrakesh \u2013 Octavo d\u00eda, 14 de noviembre de 2016 - industriall-union","isPartOf":{"@id":"https:\/\/admin.industriall-union.org\/#website"},"datePublished":"2016-11-15T09:14:29+00:00","dateModified":"2025-02-06T19:36:50+00:00","description":"Como la Conferencia pasa de las discusiones t\u00e9cnicas al segmento pol\u00edtico de alto nivel, algunos de los grandes comit\u00e9s activos en la primera semana est\u00e1n","breadcrumb":{"@id":"https:\/\/admin.industriall-union.org\/es\/blog-de-la-cop22-de-marrakesh-octavo-dia-14-de-noviembre-de-2016\/#breadcrumb"},"inLanguage":"es-ES","potentialAction":[{"@type":"ReadAction","target":["https:\/\/admin.industriall-union.org\/es\/blog-de-la-cop22-de-marrakesh-octavo-dia-14-de-noviembre-de-2016\/"]}]},{"@type":"BreadcrumbList","@id":"https:\/\/admin.industriall-union.org\/es\/blog-de-la-cop22-de-marrakesh-octavo-dia-14-de-noviembre-de-2016\/#breadcrumb","itemListElement":[{"@type":"ListItem","position":1,"name":"Home","item":"https:\/\/admin.industriall-union.org\/"},{"@type":"ListItem","position":2,"name":"Articles","item":"https:\/\/admin.industriall-union.org\/article\/"},{"@type":"ListItem","position":3,"name":"Blog de la COP22 de Marrakesh \u2013 Octavo d\u00eda, 14 de noviembre de 2016"}]},{"@type":"WebSite","@id":"https:\/\/admin.industriall-union.org\/#website","url":"https:\/\/admin.industriall-union.org\/","name":"industriall-union","description":"","potentialAction":[{"@type":"SearchAction","target":{"@type":"EntryPoint","urlTemplate":"https:\/\/admin.industriall-union.org\/?s={search_term_string}"},"query-input":{"@type":"PropertyValueSpecification","valueRequired":true,"valueName":"search_term_string"}}],"inLanguage":"es-ES"}]}},"_links":{"self":[{"href":"https:\/\/admin.industriall-union.org\/es\/wp-json\/wp\/v2\/article\/166109","targetHints":{"allow":["GET"]}}],"collection":[{"href":"https:\/\/admin.industriall-union.org\/es\/wp-json\/wp\/v2\/article"}],"about":[{"href":"https:\/\/admin.industriall-union.org\/es\/wp-json\/wp\/v2\/types\/article"}],"wp:attachment":[{"href":"https:\/\/admin.industriall-union.org\/es\/wp-json\/wp\/v2\/media?parent=166109"}],"wp:term":[{"taxonomy":"issues","embeddable":true,"href":"https:\/\/admin.industriall-union.org\/es\/wp-json\/wp\/v2\/issues?post=166109"},{"taxonomy":"companies","embeddable":true,"href":"https:\/\/admin.industriall-union.org\/es\/wp-json\/wp\/v2\/companies?post=166109"},{"taxonomy":"regions","embeddable":true,"href":"https:\/\/admin.industriall-union.org\/es\/wp-json\/wp\/v2\/regions?post=166109"},{"taxonomy":"sectors","embeddable":true,"href":"https:\/\/admin.industriall-union.org\/es\/wp-json\/wp\/v2\/sectors?post=166109"},{"taxonomy":"article_tags","embeddable":true,"href":"https:\/\/admin.industriall-union.org\/es\/wp-json\/wp\/v2\/article_tags?post=166109"}],"curies":[{"name":"wp","href":"https:\/\/api.w.org\/{rel}","templated":true}]}}