{"id":165926,"date":"2016-11-28T13:34:16","date_gmt":"2016-11-28T13:34:16","guid":{"rendered":"https:\/\/admin.industriall-union.org\/los-sindicatos-mundiales-se-congregaran-en-apoyo-de-la-huelga-general-en-corea\/"},"modified":"2025-02-06T18:55:20","modified_gmt":"2025-02-06T18:55:20","slug":"los-sindicatos-mundiales-se-congregaran-en-apoyo-de-la-huelga-general-en-corea","status":"publish","type":"article","link":"https:\/\/admin.industriall-union.org\/es\/los-sindicatos-mundiales-se-congregaran-en-apoyo-de-la-huelga-general-en-corea\/","title":{"rendered":"Los sindicatos mundiales se congregar\u00e1n en apoyo de la huelga general en Corea"},"content":{"rendered":"<p>Las federaciones sindicales internacionales FITCM, IndustriALL, UITA, ISP y UNI se desplazar\u00e1n seguidamente hasta la Misi\u00f3n de Corea del Sur en Ginebra para entregar en mano una carta de apoyo a la huelga general y de condena por la persecuci\u00f3n de sindicalistas en el pa\u00eds.<\/p><p>La huelga la organiza la Confederaci\u00f3n Coreana de Sindicatos (KCTU). El presidente de la KCTU, Han Sang-Gyun, est\u00e1 cumpliendo una condena de prisi\u00f3n de cinco a\u00f1os por sus actividades en la organizaci\u00f3n de una protesta popular de 100.000 personas en 2015.<\/p><p>En los dos \u00faltimos a\u00f1os, los sindicalistas est\u00e1n empe\u00f1ados en una dura lucha contra las reformas del Gobierno de la presidenta de Corea del Sur, Park Geun-hye, destinadas a reducir los sueldos y hacer el trabajo m\u00e1s inseguro. En represalia, docenas de sindicalistas han sido detenidos, las oficinas sindicales&nbsp; han sido saqueadas y los sindicatos despojados de su estatus legal.<\/p><p>El secretario general de la IndustriALL Global Union, Valter Sanches, dice:<\/p><blockquote><p>Los miembros de la IndustriALL en todo el mundo se est\u00e1n movilizando en apoyo de la huelga general. Los trabajadores en Corea no s\u00f3lo sufren ataques del Gobierno, sino tambi\u00e9n de los todopoderosos conglomerados chaebol que hacen cuanto pueden para aplastar a los sindicatos y recortar derechos laborales. Los sindicatos coreanos, con la ayuda del movimiento sindical mundial, est\u00e1n resistiendo.<\/p><\/blockquote><p>Ambet Yuson, secretario general de la FITCM, dice:<\/p><blockquote><p>Ha llegado el momento de que la presidenta Park renuncie. El actual esc\u00e1ndalo de corrupci\u00f3n es s\u00f3lo la punta del iceberg. Nuestros compa\u00f1eros y compa\u00f1eras de la KCTU han sido despedidos los dos \u00faltimos a\u00f1os en una dura lucha para oponerse a las reformas laborales neoliberales del Gobierno de Park. El ataque desencadenado por el Gobierno de Park contra el movimiento sindical simplemente por defender sus derechos democr\u00e1ticos es un retroceso a la \u00e9poca de la dictadura militar. Centenares de sindicalistas han sido detenidos y muchos sometidos a enjuiciamientos pol\u00edticos arbitrarios, entre ellos Han Sang Gyun, presidente de la KCTU.<\/p><\/blockquote><p>El secretario general de la UITA, Ron Oswald, declara:<\/p><blockquote><p>La UITA est\u00e1 aqu\u00ed para mostrar su solidaridad con nuestras compa\u00f1eras y compa\u00f1eros de Corea, exigir la dimisi\u00f3n de la presidenta y oponerse a la escalada de los ataques a los derechos de los sindicatos y a las libertades civiles b\u00e1sicas. Se est\u00e1 condenando a prisi\u00f3n a sindicalistas por combatir la precariedad, defender el derecho de huelga y oponerse al Acuerdo de Asociaci\u00f3n Trans-Pac\u00edfico. Junto con nuestros miembros en Corea y en todo el mundo, exigimos que el Gobierno asuma la responsabilidad de esas continuas violaciones de los derechos humanos.<\/p><\/blockquote>","protected":false},"featured_media":0,"template":"","issues":[420,424,425],"companies":[],"regions":[170],"sectors":[],"article_tags":[],"class_list":["post-165926","article","type-article","status-publish","hentry","issues-solidarity","issues-violation","issues-workers-rights","regions-korea"],"acf":[],"yoast_head":"<!-- This site is optimized with the Yoast SEO Premium plugin v27.1 (Yoast SEO v27.1) - https:\/\/yoast.com\/product\/yoast-seo-premium-wordpress\/ -->\n<title>Los sindicatos mundiales se congregar\u00e1n en apoyo de la huelga general en Corea - industriall-union<\/title>\n<meta name=\"description\" content=\"Las federaciones sindicales internacionales FITCM, IndustriALL, UITA, ISP y UNI se desplazar\u00e1n seguidamente hasta la Misi\u00f3n de Corea del Sur en Ginebra\" \/>\n<meta name=\"robots\" content=\"index, follow, max-snippet:-1, max-image-preview:large, max-video-preview:-1\" \/>\n<link rel=\"canonical\" href=\"https:\/\/admin.industriall-union.org\/es\/los-sindicatos-mundiales-se-congregaran-en-apoyo-de-la-huelga-general-en-corea\/\" \/>\n<meta property=\"og:locale\" content=\"es_ES\" \/>\n<meta property=\"og:type\" content=\"article\" \/>\n<meta property=\"og:title\" content=\"Los sindicatos mundiales se congregar\u00e1n en apoyo de la huelga general en Corea\" \/>\n<meta property=\"og:description\" content=\"Las federaciones sindicales internacionales FITCM, IndustriALL, UITA, ISP y UNI se desplazar\u00e1n seguidamente hasta la Misi\u00f3n de Corea del Sur en Ginebra\" \/>\n<meta property=\"og:url\" content=\"https:\/\/admin.industriall-union.org\/es\/los-sindicatos-mundiales-se-congregaran-en-apoyo-de-la-huelga-general-en-corea\/\" \/>\n<meta property=\"og:site_name\" content=\"industriall-union\" \/>\n<meta property=\"article:modified_time\" content=\"2025-02-06T18:55:20+00:00\" \/>\n<meta name=\"twitter:card\" content=\"summary_large_image\" \/>\n<meta name=\"twitter:label1\" content=\"Est. reading time\" \/>\n\t<meta name=\"twitter:data1\" content=\"2 minutes\" \/>\n<script type=\"application\/ld+json\" class=\"yoast-schema-graph\">{\"@context\":\"https:\/\/schema.org\",\"@graph\":[{\"@type\":\"WebPage\",\"@id\":\"https:\/\/admin.industriall-union.org\/es\/los-sindicatos-mundiales-se-congregaran-en-apoyo-de-la-huelga-general-en-corea\/\",\"url\":\"https:\/\/admin.industriall-union.org\/es\/los-sindicatos-mundiales-se-congregaran-en-apoyo-de-la-huelga-general-en-corea\/\",\"name\":\"Los sindicatos mundiales se congregar\u00e1n en apoyo de la huelga general en Corea - industriall-union\",\"isPartOf\":{\"@id\":\"https:\/\/admin.industriall-union.org\/#website\"},\"datePublished\":\"2016-11-28T13:34:16+00:00\",\"dateModified\":\"2025-02-06T18:55:20+00:00\",\"description\":\"Las federaciones sindicales internacionales FITCM, IndustriALL, UITA, ISP y UNI se desplazar\u00e1n seguidamente hasta la Misi\u00f3n de Corea del Sur en Ginebra\",\"breadcrumb\":{\"@id\":\"https:\/\/admin.industriall-union.org\/es\/los-sindicatos-mundiales-se-congregaran-en-apoyo-de-la-huelga-general-en-corea\/#breadcrumb\"},\"inLanguage\":\"es-ES\",\"potentialAction\":[{\"@type\":\"ReadAction\",\"target\":[\"https:\/\/admin.industriall-union.org\/es\/los-sindicatos-mundiales-se-congregaran-en-apoyo-de-la-huelga-general-en-corea\/\"]}]},{\"@type\":\"BreadcrumbList\",\"@id\":\"https:\/\/admin.industriall-union.org\/es\/los-sindicatos-mundiales-se-congregaran-en-apoyo-de-la-huelga-general-en-corea\/#breadcrumb\",\"itemListElement\":[{\"@type\":\"ListItem\",\"position\":1,\"name\":\"Home\",\"item\":\"https:\/\/admin.industriall-union.org\/\"},{\"@type\":\"ListItem\",\"position\":2,\"name\":\"Articles\",\"item\":\"https:\/\/admin.industriall-union.org\/article\/\"},{\"@type\":\"ListItem\",\"position\":3,\"name\":\"Los sindicatos mundiales se congregar\u00e1n en apoyo de la huelga general en Corea\"}]},{\"@type\":\"WebSite\",\"@id\":\"https:\/\/admin.industriall-union.org\/#website\",\"url\":\"https:\/\/admin.industriall-union.org\/\",\"name\":\"industriall-union\",\"description\":\"\",\"potentialAction\":[{\"@type\":\"SearchAction\",\"target\":{\"@type\":\"EntryPoint\",\"urlTemplate\":\"https:\/\/admin.industriall-union.org\/?s={search_term_string}\"},\"query-input\":{\"@type\":\"PropertyValueSpecification\",\"valueRequired\":true,\"valueName\":\"search_term_string\"}}],\"inLanguage\":\"es-ES\"}]}<\/script>\n<!-- \/ Yoast SEO Premium plugin. -->","yoast_head_json":{"title":"Los sindicatos mundiales se congregar\u00e1n en apoyo de la huelga general en Corea - industriall-union","description":"Las federaciones sindicales internacionales FITCM, IndustriALL, UITA, ISP y UNI se desplazar\u00e1n seguidamente hasta la Misi\u00f3n de Corea del Sur en Ginebra","robots":{"index":"index","follow":"follow","max-snippet":"max-snippet:-1","max-image-preview":"max-image-preview:large","max-video-preview":"max-video-preview:-1"},"canonical":"https:\/\/admin.industriall-union.org\/es\/los-sindicatos-mundiales-se-congregaran-en-apoyo-de-la-huelga-general-en-corea\/","og_locale":"es_ES","og_type":"article","og_title":"Los sindicatos mundiales se congregar\u00e1n en apoyo de la huelga general en Corea","og_description":"Las federaciones sindicales internacionales FITCM, IndustriALL, UITA, ISP y UNI se desplazar\u00e1n seguidamente hasta la Misi\u00f3n de Corea del Sur en Ginebra","og_url":"https:\/\/admin.industriall-union.org\/es\/los-sindicatos-mundiales-se-congregaran-en-apoyo-de-la-huelga-general-en-corea\/","og_site_name":"industriall-union","article_modified_time":"2025-02-06T18:55:20+00:00","twitter_card":"summary_large_image","twitter_misc":{"Est. reading time":"2 minutes"},"schema":{"@context":"https:\/\/schema.org","@graph":[{"@type":"WebPage","@id":"https:\/\/admin.industriall-union.org\/es\/los-sindicatos-mundiales-se-congregaran-en-apoyo-de-la-huelga-general-en-corea\/","url":"https:\/\/admin.industriall-union.org\/es\/los-sindicatos-mundiales-se-congregaran-en-apoyo-de-la-huelga-general-en-corea\/","name":"Los sindicatos mundiales se congregar\u00e1n en apoyo de la huelga general en Corea - industriall-union","isPartOf":{"@id":"https:\/\/admin.industriall-union.org\/#website"},"datePublished":"2016-11-28T13:34:16+00:00","dateModified":"2025-02-06T18:55:20+00:00","description":"Las federaciones sindicales internacionales FITCM, IndustriALL, UITA, ISP y UNI se desplazar\u00e1n seguidamente hasta la Misi\u00f3n de Corea del Sur en Ginebra","breadcrumb":{"@id":"https:\/\/admin.industriall-union.org\/es\/los-sindicatos-mundiales-se-congregaran-en-apoyo-de-la-huelga-general-en-corea\/#breadcrumb"},"inLanguage":"es-ES","potentialAction":[{"@type":"ReadAction","target":["https:\/\/admin.industriall-union.org\/es\/los-sindicatos-mundiales-se-congregaran-en-apoyo-de-la-huelga-general-en-corea\/"]}]},{"@type":"BreadcrumbList","@id":"https:\/\/admin.industriall-union.org\/es\/los-sindicatos-mundiales-se-congregaran-en-apoyo-de-la-huelga-general-en-corea\/#breadcrumb","itemListElement":[{"@type":"ListItem","position":1,"name":"Home","item":"https:\/\/admin.industriall-union.org\/"},{"@type":"ListItem","position":2,"name":"Articles","item":"https:\/\/admin.industriall-union.org\/article\/"},{"@type":"ListItem","position":3,"name":"Los sindicatos mundiales se congregar\u00e1n en apoyo de la huelga general en Corea"}]},{"@type":"WebSite","@id":"https:\/\/admin.industriall-union.org\/#website","url":"https:\/\/admin.industriall-union.org\/","name":"industriall-union","description":"","potentialAction":[{"@type":"SearchAction","target":{"@type":"EntryPoint","urlTemplate":"https:\/\/admin.industriall-union.org\/?s={search_term_string}"},"query-input":{"@type":"PropertyValueSpecification","valueRequired":true,"valueName":"search_term_string"}}],"inLanguage":"es-ES"}]}},"_links":{"self":[{"href":"https:\/\/admin.industriall-union.org\/es\/wp-json\/wp\/v2\/article\/165926","targetHints":{"allow":["GET"]}}],"collection":[{"href":"https:\/\/admin.industriall-union.org\/es\/wp-json\/wp\/v2\/article"}],"about":[{"href":"https:\/\/admin.industriall-union.org\/es\/wp-json\/wp\/v2\/types\/article"}],"wp:attachment":[{"href":"https:\/\/admin.industriall-union.org\/es\/wp-json\/wp\/v2\/media?parent=165926"}],"wp:term":[{"taxonomy":"issues","embeddable":true,"href":"https:\/\/admin.industriall-union.org\/es\/wp-json\/wp\/v2\/issues?post=165926"},{"taxonomy":"companies","embeddable":true,"href":"https:\/\/admin.industriall-union.org\/es\/wp-json\/wp\/v2\/companies?post=165926"},{"taxonomy":"regions","embeddable":true,"href":"https:\/\/admin.industriall-union.org\/es\/wp-json\/wp\/v2\/regions?post=165926"},{"taxonomy":"sectors","embeddable":true,"href":"https:\/\/admin.industriall-union.org\/es\/wp-json\/wp\/v2\/sectors?post=165926"},{"taxonomy":"article_tags","embeddable":true,"href":"https:\/\/admin.industriall-union.org\/es\/wp-json\/wp\/v2\/article_tags?post=165926"}],"curies":[{"name":"wp","href":"https:\/\/api.w.org\/{rel}","templated":true}]}}