{"id":165903,"date":"2016-12-01T15:56:37","date_gmt":"2016-12-01T15:56:37","guid":{"rendered":"https:\/\/admin.industriall-union.org\/sindicatos-de-burkina-faso-y-senegal-luchan-contra-contratos-precarios\/"},"modified":"2025-02-06T18:49:20","modified_gmt":"2025-02-06T18:49:20","slug":"sindicatos-de-burkina-faso-y-senegal-luchan-contra-contratos-precarios","status":"publish","type":"article","link":"https:\/\/admin.industriall-union.org\/es\/sindicatos-de-burkina-faso-y-senegal-luchan-contra-contratos-precarios\/","title":{"rendered":"Sindicatos de Burkina Faso y Senegal luchan contra contratos precarios"},"content":{"rendered":"<p>Los afiliados de IndustriALL Global Union en Burkina Faso y Senegal se reunieron el 30 de noviembre y 1<sup>o<\/sup> de diciembre en Ouagadougou para hacer un balance de los avances que se han logrado a trav\u00e9s de su lucha contra el trabajo precario. Tanto los afiliados de Senegal como los de Burkina Faso llevan a\u00f1os combatiendo activamente el uso abusivo de contratos por jornada y de plazo fijo.<\/p><p>En septiembre reci\u00e9n pasado, despu\u00e9s de un <a href=\"http:\/\/www.industriall-union.org\/es\/continua-prolongado-conflicto-en-burkina-faso\">conflicto laboral<\/a> que se prolong\u00f3 por varios meses en la mina Bissa Gold, propiedad de Nord Gold en Burkina Faso, 750 trabajadores con contratos temporales a plazo fijo lograron contratos permanentes. Se cree que doscientos trabajadores\/as temporales contratados por agencias pasar\u00e1n a ser empleados permanentes de Bissa Gold.<\/p><p>Este avance se ha logrado gracias a una campa\u00f1a activa, e intensa publicidad en los medios de comunicaci\u00f3n. La campa\u00f1a fue encabezada por la F\u00e9d\u00e9ration des Industries Diverses (FID), organizaci\u00f3n afiliada a IndustriALL, y su confederaci\u00f3n sindical, la CNTB, con el apoyo de IndustriALL.<\/p><p>Nord Gold ha informado que pagar\u00e1 a sus trabajadores\/as todas las horas extraordinarias no pagadas y las vacaciones debidas por su subcontratista, Exterhum, de acuerdo con lo exigido por los trabajadores\/as. El caso de 116 trabajadores\/as que fueron despedidos en forma ilegal en octubre de 2015 sigue esperando una decisi\u00f3n final de los tribunales laborales.<\/p><p>En Burkina Faso en 2015, la F\u00e9d\u00e9ration Nationale des Travailleurs du Textile, de l&#039;Habillement et du Cuir (FNTTHC) logr\u00f3 la afiliaci\u00f3n de 548 nuevos miembros, todos trabajadores\/as precarios. Los sindicatos afiliados a IndustriALL emprender\u00e1n acciones conjuntas el 7 de diciembre para denunciar y exigir la revisi\u00f3n de una ley laboral que se aprob\u00f3 en 2008 que permite la renovaci\u00f3n constante de contratos a plazo fijo. Desde que se aprobara esta ley, ha aumentado vertiginosamente el n\u00famero de trabajadores\/as contratados a plazo fijo.<\/p><p>En Senegal, en 2016, el sindicato general Syndicat Unique des Travailleurs des Industries Diverses du S\u00e9n\u00e9gal (SUTIDS) logr\u00f3 por medio de negociaciones la regularizaci\u00f3n de 218 trabajadores\/as a plazo fijo y por jornada de un total de 996 trabajadores\/as precarios que laboran en 15 empresas del sector de la qu\u00edmica.<\/p><p>El sindicato de trabajadores de la qu\u00edmica, Syndicat National des Travailleurs des Industries Chimiques et Activit\u00e9s Rattach\u00e9es du S\u00e9n\u00e9gal (SYNTICS) logr\u00f3 la afiliaci\u00f3n de 316 trabajadores\/as precarios. Ha cambiado completamente la vida de los trabajadores\/as cuyos contratos han sido regularizados. No s\u00f3lo han aumentado sus salarios, a veces en un 100%: ahora ellos y sus familias tienen acceso a atenci\u00f3n m\u00e9dica y cuentan con equipos de protecci\u00f3n adecuados.<\/p><p>En 2015, los sindicatos lanzaron <a href=\"http:\/\/www.industriall-union.org\/es\/senegal-se-movilizan-los-afiliados-para-el-7-de-octubre\">una campa\u00f1a<\/a> para limitar el uso de jornaleros en sus pa\u00edses. Gracias a esta acci\u00f3n, en 2016, los sindicatos est\u00e1n realizando negociaciones en el comit\u00e9 tripartito nacional para modificar la legislaci\u00f3n sobre el uso de trabajo por jornada.<\/p><p>La enmienda en cuesti\u00f3n tiene por objeto prohibir el uso del trabajo por jornada en las actividades clave de las empresas y proporcionar a los jornaleros cobertura m\u00e9dica y protecci\u00f3n social. Los afiliados piensan realizar otro d\u00eda de acci\u00f3n en diciembre para presionar tanto a los empleadores como al gobierno. Para esta campa\u00f1a, los afiliados de IndustriALL lograron movilizar a varias confederaciones y sindicatos de los sectores de servicios y agricultura.<\/p>","protected":false},"featured_media":0,"template":"","issues":[415],"companies":[],"regions":[315,346,311],"sectors":[476,494,464],"article_tags":[],"class_list":["post-165903","article","type-article","status-publish","hentry","issues-stop-precarious-work","regions-burkina-faso","regions-senegal","regions-sub-saharan-africa","sectors-chemical-pharmaceutical-bio-science","sectors-mining-and-dgojp","sectors-textile-leather-garment-shoes-and-textile-services"],"acf":[],"yoast_head":"<!-- This site is optimized with the Yoast SEO Premium plugin v27.1 (Yoast SEO v27.1) - https:\/\/yoast.com\/product\/yoast-seo-premium-wordpress\/ -->\n<title>Sindicatos de Burkina Faso y Senegal luchan contra contratos precarios - industriall-union<\/title>\n<meta name=\"description\" content=\"Los afiliados de IndustriALL Global Union en Burkina Faso y Senegal se reunieron el 30 de noviembre y 1o de diciembre en Ouagadougou para hacer un balance\" \/>\n<meta name=\"robots\" content=\"index, follow, max-snippet:-1, max-image-preview:large, max-video-preview:-1\" \/>\n<link rel=\"canonical\" href=\"https:\/\/admin.industriall-union.org\/es\/sindicatos-de-burkina-faso-y-senegal-luchan-contra-contratos-precarios\/\" \/>\n<meta property=\"og:locale\" content=\"es_ES\" \/>\n<meta property=\"og:type\" content=\"article\" \/>\n<meta property=\"og:title\" content=\"Sindicatos de Burkina Faso y Senegal luchan contra contratos precarios\" \/>\n<meta property=\"og:description\" content=\"Los afiliados de IndustriALL Global Union en Burkina Faso y Senegal se reunieron el 30 de noviembre y 1o de diciembre en Ouagadougou para hacer un balance\" \/>\n<meta property=\"og:url\" content=\"https:\/\/admin.industriall-union.org\/es\/sindicatos-de-burkina-faso-y-senegal-luchan-contra-contratos-precarios\/\" \/>\n<meta property=\"og:site_name\" content=\"industriall-union\" \/>\n<meta property=\"article:modified_time\" content=\"2025-02-06T18:49:20+00:00\" \/>\n<meta name=\"twitter:card\" content=\"summary_large_image\" \/>\n<meta name=\"twitter:label1\" content=\"Est. reading time\" \/>\n\t<meta name=\"twitter:data1\" content=\"3 minutes\" \/>\n<script type=\"application\/ld+json\" class=\"yoast-schema-graph\">{\"@context\":\"https:\/\/schema.org\",\"@graph\":[{\"@type\":\"WebPage\",\"@id\":\"https:\/\/admin.industriall-union.org\/es\/sindicatos-de-burkina-faso-y-senegal-luchan-contra-contratos-precarios\/\",\"url\":\"https:\/\/admin.industriall-union.org\/es\/sindicatos-de-burkina-faso-y-senegal-luchan-contra-contratos-precarios\/\",\"name\":\"Sindicatos de Burkina Faso y Senegal luchan contra contratos precarios - industriall-union\",\"isPartOf\":{\"@id\":\"https:\/\/admin.industriall-union.org\/#website\"},\"datePublished\":\"2016-12-01T15:56:37+00:00\",\"dateModified\":\"2025-02-06T18:49:20+00:00\",\"description\":\"Los afiliados de IndustriALL Global Union en Burkina Faso y Senegal se reunieron el 30 de noviembre y 1o de diciembre en Ouagadougou para hacer un balance\",\"breadcrumb\":{\"@id\":\"https:\/\/admin.industriall-union.org\/es\/sindicatos-de-burkina-faso-y-senegal-luchan-contra-contratos-precarios\/#breadcrumb\"},\"inLanguage\":\"es-ES\",\"potentialAction\":[{\"@type\":\"ReadAction\",\"target\":[\"https:\/\/admin.industriall-union.org\/es\/sindicatos-de-burkina-faso-y-senegal-luchan-contra-contratos-precarios\/\"]}]},{\"@type\":\"BreadcrumbList\",\"@id\":\"https:\/\/admin.industriall-union.org\/es\/sindicatos-de-burkina-faso-y-senegal-luchan-contra-contratos-precarios\/#breadcrumb\",\"itemListElement\":[{\"@type\":\"ListItem\",\"position\":1,\"name\":\"Home\",\"item\":\"https:\/\/admin.industriall-union.org\/\"},{\"@type\":\"ListItem\",\"position\":2,\"name\":\"Articles\",\"item\":\"https:\/\/admin.industriall-union.org\/article\/\"},{\"@type\":\"ListItem\",\"position\":3,\"name\":\"Sindicatos de Burkina Faso y Senegal luchan contra contratos precarios\"}]},{\"@type\":\"WebSite\",\"@id\":\"https:\/\/admin.industriall-union.org\/#website\",\"url\":\"https:\/\/admin.industriall-union.org\/\",\"name\":\"industriall-union\",\"description\":\"\",\"potentialAction\":[{\"@type\":\"SearchAction\",\"target\":{\"@type\":\"EntryPoint\",\"urlTemplate\":\"https:\/\/admin.industriall-union.org\/?s={search_term_string}\"},\"query-input\":{\"@type\":\"PropertyValueSpecification\",\"valueRequired\":true,\"valueName\":\"search_term_string\"}}],\"inLanguage\":\"es-ES\"}]}<\/script>\n<!-- \/ Yoast SEO Premium plugin. -->","yoast_head_json":{"title":"Sindicatos de Burkina Faso y Senegal luchan contra contratos precarios - industriall-union","description":"Los afiliados de IndustriALL Global Union en Burkina Faso y Senegal se reunieron el 30 de noviembre y 1o de diciembre en Ouagadougou para hacer un balance","robots":{"index":"index","follow":"follow","max-snippet":"max-snippet:-1","max-image-preview":"max-image-preview:large","max-video-preview":"max-video-preview:-1"},"canonical":"https:\/\/admin.industriall-union.org\/es\/sindicatos-de-burkina-faso-y-senegal-luchan-contra-contratos-precarios\/","og_locale":"es_ES","og_type":"article","og_title":"Sindicatos de Burkina Faso y Senegal luchan contra contratos precarios","og_description":"Los afiliados de IndustriALL Global Union en Burkina Faso y Senegal se reunieron el 30 de noviembre y 1o de diciembre en Ouagadougou para hacer un balance","og_url":"https:\/\/admin.industriall-union.org\/es\/sindicatos-de-burkina-faso-y-senegal-luchan-contra-contratos-precarios\/","og_site_name":"industriall-union","article_modified_time":"2025-02-06T18:49:20+00:00","twitter_card":"summary_large_image","twitter_misc":{"Est. reading time":"3 minutes"},"schema":{"@context":"https:\/\/schema.org","@graph":[{"@type":"WebPage","@id":"https:\/\/admin.industriall-union.org\/es\/sindicatos-de-burkina-faso-y-senegal-luchan-contra-contratos-precarios\/","url":"https:\/\/admin.industriall-union.org\/es\/sindicatos-de-burkina-faso-y-senegal-luchan-contra-contratos-precarios\/","name":"Sindicatos de Burkina Faso y Senegal luchan contra contratos precarios - industriall-union","isPartOf":{"@id":"https:\/\/admin.industriall-union.org\/#website"},"datePublished":"2016-12-01T15:56:37+00:00","dateModified":"2025-02-06T18:49:20+00:00","description":"Los afiliados de IndustriALL Global Union en Burkina Faso y Senegal se reunieron el 30 de noviembre y 1o de diciembre en Ouagadougou para hacer un balance","breadcrumb":{"@id":"https:\/\/admin.industriall-union.org\/es\/sindicatos-de-burkina-faso-y-senegal-luchan-contra-contratos-precarios\/#breadcrumb"},"inLanguage":"es-ES","potentialAction":[{"@type":"ReadAction","target":["https:\/\/admin.industriall-union.org\/es\/sindicatos-de-burkina-faso-y-senegal-luchan-contra-contratos-precarios\/"]}]},{"@type":"BreadcrumbList","@id":"https:\/\/admin.industriall-union.org\/es\/sindicatos-de-burkina-faso-y-senegal-luchan-contra-contratos-precarios\/#breadcrumb","itemListElement":[{"@type":"ListItem","position":1,"name":"Home","item":"https:\/\/admin.industriall-union.org\/"},{"@type":"ListItem","position":2,"name":"Articles","item":"https:\/\/admin.industriall-union.org\/article\/"},{"@type":"ListItem","position":3,"name":"Sindicatos de Burkina Faso y Senegal luchan contra contratos precarios"}]},{"@type":"WebSite","@id":"https:\/\/admin.industriall-union.org\/#website","url":"https:\/\/admin.industriall-union.org\/","name":"industriall-union","description":"","potentialAction":[{"@type":"SearchAction","target":{"@type":"EntryPoint","urlTemplate":"https:\/\/admin.industriall-union.org\/?s={search_term_string}"},"query-input":{"@type":"PropertyValueSpecification","valueRequired":true,"valueName":"search_term_string"}}],"inLanguage":"es-ES"}]}},"_links":{"self":[{"href":"https:\/\/admin.industriall-union.org\/es\/wp-json\/wp\/v2\/article\/165903","targetHints":{"allow":["GET"]}}],"collection":[{"href":"https:\/\/admin.industriall-union.org\/es\/wp-json\/wp\/v2\/article"}],"about":[{"href":"https:\/\/admin.industriall-union.org\/es\/wp-json\/wp\/v2\/types\/article"}],"wp:attachment":[{"href":"https:\/\/admin.industriall-union.org\/es\/wp-json\/wp\/v2\/media?parent=165903"}],"wp:term":[{"taxonomy":"issues","embeddable":true,"href":"https:\/\/admin.industriall-union.org\/es\/wp-json\/wp\/v2\/issues?post=165903"},{"taxonomy":"companies","embeddable":true,"href":"https:\/\/admin.industriall-union.org\/es\/wp-json\/wp\/v2\/companies?post=165903"},{"taxonomy":"regions","embeddable":true,"href":"https:\/\/admin.industriall-union.org\/es\/wp-json\/wp\/v2\/regions?post=165903"},{"taxonomy":"sectors","embeddable":true,"href":"https:\/\/admin.industriall-union.org\/es\/wp-json\/wp\/v2\/sectors?post=165903"},{"taxonomy":"article_tags","embeddable":true,"href":"https:\/\/admin.industriall-union.org\/es\/wp-json\/wp\/v2\/article_tags?post=165903"}],"curies":[{"name":"wp","href":"https:\/\/api.w.org\/{rel}","templated":true}]}}