{"id":165740,"date":"2016-12-15T18:00:52","date_gmt":"2016-12-15T18:00:52","guid":{"rendered":"https:\/\/admin.industriall-union.org\/el-mensaje-sobre-lafargeholcim-escuchado-los-derechos-de-los-trabajadores-son-derechos-humanos\/"},"modified":"2025-02-05T17:03:46","modified_gmt":"2025-02-05T17:03:46","slug":"el-mensaje-sobre-lafargeholcim-escuchado-los-derechos-de-los-trabajadores-son-derechos-humanos","status":"publish","type":"article","link":"https:\/\/admin.industriall-union.org\/es\/el-mensaje-sobre-lafargeholcim-escuchado-los-derechos-de-los-trabajadores-son-derechos-humanos\/","title":{"rendered":"El mensaje sobre LafargeHolcim escuchado: \u201cLos derechos de los trabajadores son derechos humanos\u201d"},"content":{"rendered":"<p>Hubo movilizaciones y concentraciones en las Am\u00e9rica, Europa y \u00c1frica, donde los miembros de la IndustriALL Global Union, la Federaci\u00f3n Internacional de Trabajadores de la Construcci\u00f3n y de la Madera (FITCM) y la Federaci\u00f3n Europea de Trabajadores de la Construcci\u00f3n y de la Madera (FETCM) utilizaron el eslogan &ldquo;Los derechos de los trabajadores son derechos humanos&rdquo; para declarar alto y claro que no tolerar\u00e1n la violaci\u00f3n de los derechos humanos de los trabajadores y seguir\u00e1n alzando la voz en defensa de los trabajadores de LafargeHolcim.<\/p><p>Algunos, como la Uganda Building Workers&rsquo; Union, se sirvieron de d\u00eda de acci\u00f3n para poner en marcha una campa\u00f1a de sindicaci\u00f3n y atraer a m\u00e1s trabajadores subcontratados a sus filas. En L\u00edbano, los trabajadores celebraron una asamblea general dedicada al d\u00eda de acci\u00f3n mundial.<\/p><p>Otros, como el sindicato PTHI en Indonesia, utilizaron el d\u00eda para expresar su descontento y desacuerdo con la direcci\u00f3n sobre los arriesgados planes de la empresa, con los que el sindicato considera que se eliminar\u00edan empleos permanentes y se aumentar\u00eda el trabajo precario.<\/p><p>Afiliados del PCWC en Filipinas apoyaron el d\u00eda de acci\u00f3n con movilizaciones y reuniones de sus miembros, mientras en el otro lado del mundo, en Estados Unidos, el United Steelworkers en Allegheny Technologies Steel, donde hubo un cierre patronal el a\u00f1o pasado, expres\u00f3 su fuerte apoyo de solidaridad a los miembros del USW despedidos en Texada, en Canada. El mismo d\u00eda, el United Steelworkers, que negociaba un nuevo contrato con Heidelberg Cement, el rival de LafargeHolcim, mostr\u00f3 tambi\u00e9n su respaldo a sus compa\u00f1eros y compa\u00f1eras de LafargeHolcim.<\/p><p>Las demandas de los trabajadores no han cambiado desde 2015, cuando la empresa de fusion\u00f3. Los sindicatos mundiales desean un di\u00e1logo social que funcione, prometido en varias ocasiones por la direcci\u00f3n, con el fin de abordar problemas no resueltos, como:<\/p><ul><li>La necesidad de reducir la externalizaci\u00f3n, la subcontrataci\u00f3n y otras formas de trabajo precario.<\/li><li>La necesidad de mejorar la cooperaci\u00f3n con los sindicatos sobre salud y seguridad.<\/li><li>El inicio de negociaciones significativas con los sindicatos sobre la reestructuraci\u00f3n en curso, el futuro de las relaciones laborales y cuestiones sociales.<\/li><\/ul><p>Matthias Hartwich, director del sector de materiales de construcci\u00f3n de la IndustriALL, dijo:<\/p><p>&ldquo;LafargeHolcim afirma que es el l\u00edder del mercado y una referencia en el sector. Ya es m\u00e1s que hora de que muestren que son serios. LafargeHolcim tiene que cumplir sus promesas a los trabajadores y entablar un di\u00e1logo social significativo que ayude a salvar vidas de los trabajadores y proteger sus derechos.&rdquo;<\/p>","protected":false},"featured_media":0,"template":"","issues":[409,425],"companies":[68,86],"regions":[],"sectors":[485],"article_tags":[],"class_list":["post-165740","article","type-article","status-publish","hentry","issues-multinational-companies-mncs","issues-workers-rights","companies-holcim","companies-lafarge","sectors-cement"],"acf":[],"yoast_head":"<!-- This site is optimized with the Yoast SEO Premium plugin v27.1 (Yoast SEO v27.1) - https:\/\/yoast.com\/product\/yoast-seo-premium-wordpress\/ -->\n<title>El mensaje sobre LafargeHolcim escuchado: \u201cLos derechos de los trabajadores son derechos humanos\u201d - industriall-union<\/title>\n<meta name=\"description\" content=\"Hubo movilizaciones y concentraciones en las Am\u00e9rica, Europa y \u00c1frica, donde los miembros de la IndustriALL Global Union, la Federaci\u00f3n Internacional de\" \/>\n<meta name=\"robots\" content=\"index, follow, max-snippet:-1, max-image-preview:large, max-video-preview:-1\" \/>\n<link rel=\"canonical\" href=\"https:\/\/admin.industriall-union.org\/es\/el-mensaje-sobre-lafargeholcim-escuchado-los-derechos-de-los-trabajadores-son-derechos-humanos\/\" \/>\n<meta property=\"og:locale\" content=\"es_ES\" \/>\n<meta property=\"og:type\" content=\"article\" \/>\n<meta property=\"og:title\" content=\"El mensaje sobre LafargeHolcim escuchado: \u201cLos derechos de los trabajadores son derechos humanos\u201d\" \/>\n<meta property=\"og:description\" content=\"Hubo movilizaciones y concentraciones en las Am\u00e9rica, Europa y \u00c1frica, donde los miembros de la IndustriALL Global Union, la Federaci\u00f3n Internacional de\" \/>\n<meta property=\"og:url\" content=\"https:\/\/admin.industriall-union.org\/es\/el-mensaje-sobre-lafargeholcim-escuchado-los-derechos-de-los-trabajadores-son-derechos-humanos\/\" \/>\n<meta property=\"og:site_name\" content=\"industriall-union\" \/>\n<meta property=\"article:modified_time\" content=\"2025-02-05T17:03:46+00:00\" \/>\n<meta name=\"twitter:card\" content=\"summary_large_image\" \/>\n<meta name=\"twitter:label1\" content=\"Est. reading time\" \/>\n\t<meta name=\"twitter:data1\" content=\"2 minutes\" \/>\n<script type=\"application\/ld+json\" class=\"yoast-schema-graph\">{\"@context\":\"https:\/\/schema.org\",\"@graph\":[{\"@type\":\"WebPage\",\"@id\":\"https:\/\/admin.industriall-union.org\/es\/el-mensaje-sobre-lafargeholcim-escuchado-los-derechos-de-los-trabajadores-son-derechos-humanos\/\",\"url\":\"https:\/\/admin.industriall-union.org\/es\/el-mensaje-sobre-lafargeholcim-escuchado-los-derechos-de-los-trabajadores-son-derechos-humanos\/\",\"name\":\"El mensaje sobre LafargeHolcim escuchado: \u201cLos derechos de los trabajadores son derechos humanos\u201d - industriall-union\",\"isPartOf\":{\"@id\":\"https:\/\/admin.industriall-union.org\/#website\"},\"datePublished\":\"2016-12-15T18:00:52+00:00\",\"dateModified\":\"2025-02-05T17:03:46+00:00\",\"description\":\"Hubo movilizaciones y concentraciones en las Am\u00e9rica, Europa y \u00c1frica, donde los miembros de la IndustriALL Global Union, la Federaci\u00f3n Internacional de\",\"breadcrumb\":{\"@id\":\"https:\/\/admin.industriall-union.org\/es\/el-mensaje-sobre-lafargeholcim-escuchado-los-derechos-de-los-trabajadores-son-derechos-humanos\/#breadcrumb\"},\"inLanguage\":\"es-ES\",\"potentialAction\":[{\"@type\":\"ReadAction\",\"target\":[\"https:\/\/admin.industriall-union.org\/es\/el-mensaje-sobre-lafargeholcim-escuchado-los-derechos-de-los-trabajadores-son-derechos-humanos\/\"]}]},{\"@type\":\"BreadcrumbList\",\"@id\":\"https:\/\/admin.industriall-union.org\/es\/el-mensaje-sobre-lafargeholcim-escuchado-los-derechos-de-los-trabajadores-son-derechos-humanos\/#breadcrumb\",\"itemListElement\":[{\"@type\":\"ListItem\",\"position\":1,\"name\":\"Home\",\"item\":\"https:\/\/admin.industriall-union.org\/\"},{\"@type\":\"ListItem\",\"position\":2,\"name\":\"Articles\",\"item\":\"https:\/\/admin.industriall-union.org\/article\/\"},{\"@type\":\"ListItem\",\"position\":3,\"name\":\"El mensaje sobre LafargeHolcim escuchado: \u201cLos derechos de los trabajadores son derechos humanos\u201d\"}]},{\"@type\":\"WebSite\",\"@id\":\"https:\/\/admin.industriall-union.org\/#website\",\"url\":\"https:\/\/admin.industriall-union.org\/\",\"name\":\"industriall-union\",\"description\":\"\",\"potentialAction\":[{\"@type\":\"SearchAction\",\"target\":{\"@type\":\"EntryPoint\",\"urlTemplate\":\"https:\/\/admin.industriall-union.org\/?s={search_term_string}\"},\"query-input\":{\"@type\":\"PropertyValueSpecification\",\"valueRequired\":true,\"valueName\":\"search_term_string\"}}],\"inLanguage\":\"es-ES\"}]}<\/script>\n<!-- \/ Yoast SEO Premium plugin. -->","yoast_head_json":{"title":"El mensaje sobre LafargeHolcim escuchado: \u201cLos derechos de los trabajadores son derechos humanos\u201d - industriall-union","description":"Hubo movilizaciones y concentraciones en las Am\u00e9rica, Europa y \u00c1frica, donde los miembros de la IndustriALL Global Union, la Federaci\u00f3n Internacional de","robots":{"index":"index","follow":"follow","max-snippet":"max-snippet:-1","max-image-preview":"max-image-preview:large","max-video-preview":"max-video-preview:-1"},"canonical":"https:\/\/admin.industriall-union.org\/es\/el-mensaje-sobre-lafargeholcim-escuchado-los-derechos-de-los-trabajadores-son-derechos-humanos\/","og_locale":"es_ES","og_type":"article","og_title":"El mensaje sobre LafargeHolcim escuchado: \u201cLos derechos de los trabajadores son derechos humanos\u201d","og_description":"Hubo movilizaciones y concentraciones en las Am\u00e9rica, Europa y \u00c1frica, donde los miembros de la IndustriALL Global Union, la Federaci\u00f3n Internacional de","og_url":"https:\/\/admin.industriall-union.org\/es\/el-mensaje-sobre-lafargeholcim-escuchado-los-derechos-de-los-trabajadores-son-derechos-humanos\/","og_site_name":"industriall-union","article_modified_time":"2025-02-05T17:03:46+00:00","twitter_card":"summary_large_image","twitter_misc":{"Est. reading time":"2 minutes"},"schema":{"@context":"https:\/\/schema.org","@graph":[{"@type":"WebPage","@id":"https:\/\/admin.industriall-union.org\/es\/el-mensaje-sobre-lafargeholcim-escuchado-los-derechos-de-los-trabajadores-son-derechos-humanos\/","url":"https:\/\/admin.industriall-union.org\/es\/el-mensaje-sobre-lafargeholcim-escuchado-los-derechos-de-los-trabajadores-son-derechos-humanos\/","name":"El mensaje sobre LafargeHolcim escuchado: \u201cLos derechos de los trabajadores son derechos humanos\u201d - industriall-union","isPartOf":{"@id":"https:\/\/admin.industriall-union.org\/#website"},"datePublished":"2016-12-15T18:00:52+00:00","dateModified":"2025-02-05T17:03:46+00:00","description":"Hubo movilizaciones y concentraciones en las Am\u00e9rica, Europa y \u00c1frica, donde los miembros de la IndustriALL Global Union, la Federaci\u00f3n Internacional de","breadcrumb":{"@id":"https:\/\/admin.industriall-union.org\/es\/el-mensaje-sobre-lafargeholcim-escuchado-los-derechos-de-los-trabajadores-son-derechos-humanos\/#breadcrumb"},"inLanguage":"es-ES","potentialAction":[{"@type":"ReadAction","target":["https:\/\/admin.industriall-union.org\/es\/el-mensaje-sobre-lafargeholcim-escuchado-los-derechos-de-los-trabajadores-son-derechos-humanos\/"]}]},{"@type":"BreadcrumbList","@id":"https:\/\/admin.industriall-union.org\/es\/el-mensaje-sobre-lafargeholcim-escuchado-los-derechos-de-los-trabajadores-son-derechos-humanos\/#breadcrumb","itemListElement":[{"@type":"ListItem","position":1,"name":"Home","item":"https:\/\/admin.industriall-union.org\/"},{"@type":"ListItem","position":2,"name":"Articles","item":"https:\/\/admin.industriall-union.org\/article\/"},{"@type":"ListItem","position":3,"name":"El mensaje sobre LafargeHolcim escuchado: \u201cLos derechos de los trabajadores son derechos humanos\u201d"}]},{"@type":"WebSite","@id":"https:\/\/admin.industriall-union.org\/#website","url":"https:\/\/admin.industriall-union.org\/","name":"industriall-union","description":"","potentialAction":[{"@type":"SearchAction","target":{"@type":"EntryPoint","urlTemplate":"https:\/\/admin.industriall-union.org\/?s={search_term_string}"},"query-input":{"@type":"PropertyValueSpecification","valueRequired":true,"valueName":"search_term_string"}}],"inLanguage":"es-ES"}]}},"_links":{"self":[{"href":"https:\/\/admin.industriall-union.org\/es\/wp-json\/wp\/v2\/article\/165740","targetHints":{"allow":["GET"]}}],"collection":[{"href":"https:\/\/admin.industriall-union.org\/es\/wp-json\/wp\/v2\/article"}],"about":[{"href":"https:\/\/admin.industriall-union.org\/es\/wp-json\/wp\/v2\/types\/article"}],"wp:attachment":[{"href":"https:\/\/admin.industriall-union.org\/es\/wp-json\/wp\/v2\/media?parent=165740"}],"wp:term":[{"taxonomy":"issues","embeddable":true,"href":"https:\/\/admin.industriall-union.org\/es\/wp-json\/wp\/v2\/issues?post=165740"},{"taxonomy":"companies","embeddable":true,"href":"https:\/\/admin.industriall-union.org\/es\/wp-json\/wp\/v2\/companies?post=165740"},{"taxonomy":"regions","embeddable":true,"href":"https:\/\/admin.industriall-union.org\/es\/wp-json\/wp\/v2\/regions?post=165740"},{"taxonomy":"sectors","embeddable":true,"href":"https:\/\/admin.industriall-union.org\/es\/wp-json\/wp\/v2\/sectors?post=165740"},{"taxonomy":"article_tags","embeddable":true,"href":"https:\/\/admin.industriall-union.org\/es\/wp-json\/wp\/v2\/article_tags?post=165740"}],"curies":[{"name":"wp","href":"https:\/\/api.w.org\/{rel}","templated":true}]}}