{"id":165729,"date":"2016-12-16T11:11:57","date_gmt":"2016-12-16T11:11:57","guid":{"rendered":"https:\/\/admin.industriall-union.org\/adquiera-la-nueva-edicion-de-global-worker-con-noticias-del-congreso-de-industriall\/"},"modified":"2025-02-05T16:58:36","modified_gmt":"2025-02-05T16:58:36","slug":"adquiera-la-nueva-edicion-de-global-worker-con-noticias-del-congreso-de-industriall","status":"publish","type":"article","link":"https:\/\/admin.industriall-union.org\/es\/adquiera-la-nueva-edicion-de-global-worker-con-noticias-del-congreso-de-industriall\/","title":{"rendered":"\u00a1Adquiera la nueva edici\u00f3n de Global Worker, con noticias del Congreso de IndustriALL!"},"content":{"rendered":"<p>La nueva edici\u00f3n a todo color incluye un informe completo y fotos del estupendo <a href=\"http:\/\/www.industriall-union.org\/industriall-2nd-congress-rio-de-janeiro-brazil3-7-october-2016\" target=\"_blank\">II Congreso Mundial de IndustriALL, realizado en Rio de Janeiro<\/a>, Brasil. Unos 1.400 sindicalistas de todo el mundo asistieron al Congreso, que se llev\u00f3 a cabo en el mes de octubre.<\/p><p>Esta edici\u00f3n de &lsquo;Global Worker&rsquo; tambi\u00e9n contiene una entrevista con el nuevo Secretario General de IndustriALL, <a href=\"http:\/\/www.industriall-union.org\/interview-valter-sanches\" target=\"_blank\">Valter Sanches<\/a>, y un an\u00e1lisis de la persecuci\u00f3n pol\u00edtica que sufre <a href=\"http:\/\/www.industriall-union.org\/trade-unions-stand-with-lula\" target=\"_blank\">Luiz In\u00e1cio &lsquo;Lula&rsquo; da Silva, ex presidente del Brasil<\/a>, quien ofreci\u00f3 un discurso emocionante en la ceremonia de inauguraci\u00f3n del Congreso.<\/p><p>Siguiendo la tem\u00e1tica latinoamericana, hay un art\u00edculo de fondo sobre el papel de los sindicatos en el <a href=\"http:\/\/www.industriall-union.org\/colombias-trade-unions-mobilize-for-peace\" target=\"_blank\">proceso de paz en Colombia<\/a>. En el Congreso, los afiliados de IndustriALL aprobaron por unanimidad una resoluci\u00f3n de apoyo a la paz en ese pa\u00eds tan dividido.<\/p><p>Adem\u00e1s, puede leer sobre nuestro reci\u00e9n aprobado afiliado de Ir\u00e1n, el <a href=\"http:\/\/www.industriall-union.org\/free-and-independent-trade-unions-fight-for-workers-rights-in-iran\" target=\"_blank\">Sindicato de Trabajadores Metal\u00fargicos y Mec\u00e1nicos de Ir\u00e1n<\/a>, que se afili\u00f3 a IndustriALL a principios de este a\u00f1o.<\/p><p>El desarrollo sindical es parte integral de la labor de IndustriALL y la <a href=\"http:\/\/www.industriall-union.org\/transforming-how-we-organize\" target=\"_blank\">transformaci\u00f3n de la labor de organizaci\u00f3n sindical<\/a> es tema de un informe especial en esta edici\u00f3n de Global Worker.<\/p><p>En momentos en que Somalia est\u00e1 saliendo de una prolongada guerra civil, se enfrentan enormes desaf\u00edos en la labor de sindicalizaci\u00f3n en ese pa\u00eds, sobre todo por ser una sociedad donde el imperio de la ley es d\u00e9bil. Lea nuestra fascinante entrevista con Omar Faruk Osman, Secretario General de la Federaci\u00f3n de Sindicatos de Somalia, en nuestro art\u00edculo sobre la <a href=\"http:\/\/www.industriall-union.org\/organizing-in-a-fragile-environment\" target=\"_blank\">labor de sindicalizaci\u00f3n en un entorno fr\u00e1gil<\/a>.<\/p><p>&iexcl;Adem\u00e1s, con la suscripci\u00f3n a Global Worker viene gratis un impresionante p\u00f3ster del Congreso para guardar como recuerdo!<\/p>","protected":false},"featured_media":0,"template":"","issues":[408],"companies":[],"regions":[],"sectors":[],"article_tags":[],"class_list":["post-165729","article","type-article","status-publish","hentry","issues-global-worker"],"acf":[],"yoast_head":"<!-- This site is optimized with the Yoast SEO Premium plugin v27.1 (Yoast SEO v27.1) - https:\/\/yoast.com\/product\/yoast-seo-premium-wordpress\/ -->\n<title>\u00a1Adquiera la nueva edici\u00f3n de Global Worker, con noticias del Congreso de IndustriALL! - industriall-union<\/title>\n<meta name=\"description\" content=\"La nueva edici\u00f3n a todo color incluye un informe completo y fotos del estupendo II Congreso Mundial de IndustriALL, realizado en Rio de Janeiro, Brasil.\" \/>\n<meta name=\"robots\" content=\"index, follow, max-snippet:-1, max-image-preview:large, max-video-preview:-1\" \/>\n<link rel=\"canonical\" href=\"https:\/\/admin.industriall-union.org\/es\/adquiera-la-nueva-edicion-de-global-worker-con-noticias-del-congreso-de-industriall\/\" \/>\n<meta property=\"og:locale\" content=\"es_ES\" \/>\n<meta property=\"og:type\" content=\"article\" \/>\n<meta property=\"og:title\" content=\"\u00a1Adquiera la nueva edici\u00f3n de Global Worker, con noticias del Congreso de IndustriALL!\" \/>\n<meta property=\"og:description\" content=\"La nueva edici\u00f3n a todo color incluye un informe completo y fotos del estupendo II Congreso Mundial de IndustriALL, realizado en Rio de Janeiro, Brasil.\" \/>\n<meta property=\"og:url\" content=\"https:\/\/admin.industriall-union.org\/es\/adquiera-la-nueva-edicion-de-global-worker-con-noticias-del-congreso-de-industriall\/\" \/>\n<meta property=\"og:site_name\" content=\"industriall-union\" \/>\n<meta property=\"article:modified_time\" content=\"2025-02-05T16:58:36+00:00\" \/>\n<meta name=\"twitter:card\" content=\"summary_large_image\" \/>\n<meta name=\"twitter:label1\" content=\"Est. reading time\" \/>\n\t<meta name=\"twitter:data1\" content=\"2 minutes\" \/>\n<script type=\"application\/ld+json\" class=\"yoast-schema-graph\">{\"@context\":\"https:\/\/schema.org\",\"@graph\":[{\"@type\":\"WebPage\",\"@id\":\"https:\/\/admin.industriall-union.org\/es\/adquiera-la-nueva-edicion-de-global-worker-con-noticias-del-congreso-de-industriall\/\",\"url\":\"https:\/\/admin.industriall-union.org\/es\/adquiera-la-nueva-edicion-de-global-worker-con-noticias-del-congreso-de-industriall\/\",\"name\":\"\u00a1Adquiera la nueva edici\u00f3n de Global Worker, con noticias del Congreso de IndustriALL! - industriall-union\",\"isPartOf\":{\"@id\":\"https:\/\/admin.industriall-union.org\/#website\"},\"datePublished\":\"2016-12-16T11:11:57+00:00\",\"dateModified\":\"2025-02-05T16:58:36+00:00\",\"description\":\"La nueva edici\u00f3n a todo color incluye un informe completo y fotos del estupendo II Congreso Mundial de IndustriALL, realizado en Rio de Janeiro, Brasil.\",\"breadcrumb\":{\"@id\":\"https:\/\/admin.industriall-union.org\/es\/adquiera-la-nueva-edicion-de-global-worker-con-noticias-del-congreso-de-industriall\/#breadcrumb\"},\"inLanguage\":\"es-ES\",\"potentialAction\":[{\"@type\":\"ReadAction\",\"target\":[\"https:\/\/admin.industriall-union.org\/es\/adquiera-la-nueva-edicion-de-global-worker-con-noticias-del-congreso-de-industriall\/\"]}]},{\"@type\":\"BreadcrumbList\",\"@id\":\"https:\/\/admin.industriall-union.org\/es\/adquiera-la-nueva-edicion-de-global-worker-con-noticias-del-congreso-de-industriall\/#breadcrumb\",\"itemListElement\":[{\"@type\":\"ListItem\",\"position\":1,\"name\":\"Home\",\"item\":\"https:\/\/admin.industriall-union.org\/\"},{\"@type\":\"ListItem\",\"position\":2,\"name\":\"Articles\",\"item\":\"https:\/\/admin.industriall-union.org\/article\/\"},{\"@type\":\"ListItem\",\"position\":3,\"name\":\"\u00a1Adquiera la nueva edici\u00f3n de Global Worker, con noticias del Congreso de IndustriALL!\"}]},{\"@type\":\"WebSite\",\"@id\":\"https:\/\/admin.industriall-union.org\/#website\",\"url\":\"https:\/\/admin.industriall-union.org\/\",\"name\":\"industriall-union\",\"description\":\"\",\"potentialAction\":[{\"@type\":\"SearchAction\",\"target\":{\"@type\":\"EntryPoint\",\"urlTemplate\":\"https:\/\/admin.industriall-union.org\/?s={search_term_string}\"},\"query-input\":{\"@type\":\"PropertyValueSpecification\",\"valueRequired\":true,\"valueName\":\"search_term_string\"}}],\"inLanguage\":\"es-ES\"}]}<\/script>\n<!-- \/ Yoast SEO Premium plugin. -->","yoast_head_json":{"title":"\u00a1Adquiera la nueva edici\u00f3n de Global Worker, con noticias del Congreso de IndustriALL! - industriall-union","description":"La nueva edici\u00f3n a todo color incluye un informe completo y fotos del estupendo II Congreso Mundial de IndustriALL, realizado en Rio de Janeiro, Brasil.","robots":{"index":"index","follow":"follow","max-snippet":"max-snippet:-1","max-image-preview":"max-image-preview:large","max-video-preview":"max-video-preview:-1"},"canonical":"https:\/\/admin.industriall-union.org\/es\/adquiera-la-nueva-edicion-de-global-worker-con-noticias-del-congreso-de-industriall\/","og_locale":"es_ES","og_type":"article","og_title":"\u00a1Adquiera la nueva edici\u00f3n de Global Worker, con noticias del Congreso de IndustriALL!","og_description":"La nueva edici\u00f3n a todo color incluye un informe completo y fotos del estupendo II Congreso Mundial de IndustriALL, realizado en Rio de Janeiro, Brasil.","og_url":"https:\/\/admin.industriall-union.org\/es\/adquiera-la-nueva-edicion-de-global-worker-con-noticias-del-congreso-de-industriall\/","og_site_name":"industriall-union","article_modified_time":"2025-02-05T16:58:36+00:00","twitter_card":"summary_large_image","twitter_misc":{"Est. reading time":"2 minutes"},"schema":{"@context":"https:\/\/schema.org","@graph":[{"@type":"WebPage","@id":"https:\/\/admin.industriall-union.org\/es\/adquiera-la-nueva-edicion-de-global-worker-con-noticias-del-congreso-de-industriall\/","url":"https:\/\/admin.industriall-union.org\/es\/adquiera-la-nueva-edicion-de-global-worker-con-noticias-del-congreso-de-industriall\/","name":"\u00a1Adquiera la nueva edici\u00f3n de Global Worker, con noticias del Congreso de IndustriALL! - industriall-union","isPartOf":{"@id":"https:\/\/admin.industriall-union.org\/#website"},"datePublished":"2016-12-16T11:11:57+00:00","dateModified":"2025-02-05T16:58:36+00:00","description":"La nueva edici\u00f3n a todo color incluye un informe completo y fotos del estupendo II Congreso Mundial de IndustriALL, realizado en Rio de Janeiro, Brasil.","breadcrumb":{"@id":"https:\/\/admin.industriall-union.org\/es\/adquiera-la-nueva-edicion-de-global-worker-con-noticias-del-congreso-de-industriall\/#breadcrumb"},"inLanguage":"es-ES","potentialAction":[{"@type":"ReadAction","target":["https:\/\/admin.industriall-union.org\/es\/adquiera-la-nueva-edicion-de-global-worker-con-noticias-del-congreso-de-industriall\/"]}]},{"@type":"BreadcrumbList","@id":"https:\/\/admin.industriall-union.org\/es\/adquiera-la-nueva-edicion-de-global-worker-con-noticias-del-congreso-de-industriall\/#breadcrumb","itemListElement":[{"@type":"ListItem","position":1,"name":"Home","item":"https:\/\/admin.industriall-union.org\/"},{"@type":"ListItem","position":2,"name":"Articles","item":"https:\/\/admin.industriall-union.org\/article\/"},{"@type":"ListItem","position":3,"name":"\u00a1Adquiera la nueva edici\u00f3n de Global Worker, con noticias del Congreso de IndustriALL!"}]},{"@type":"WebSite","@id":"https:\/\/admin.industriall-union.org\/#website","url":"https:\/\/admin.industriall-union.org\/","name":"industriall-union","description":"","potentialAction":[{"@type":"SearchAction","target":{"@type":"EntryPoint","urlTemplate":"https:\/\/admin.industriall-union.org\/?s={search_term_string}"},"query-input":{"@type":"PropertyValueSpecification","valueRequired":true,"valueName":"search_term_string"}}],"inLanguage":"es-ES"}]}},"_links":{"self":[{"href":"https:\/\/admin.industriall-union.org\/es\/wp-json\/wp\/v2\/article\/165729","targetHints":{"allow":["GET"]}}],"collection":[{"href":"https:\/\/admin.industriall-union.org\/es\/wp-json\/wp\/v2\/article"}],"about":[{"href":"https:\/\/admin.industriall-union.org\/es\/wp-json\/wp\/v2\/types\/article"}],"wp:attachment":[{"href":"https:\/\/admin.industriall-union.org\/es\/wp-json\/wp\/v2\/media?parent=165729"}],"wp:term":[{"taxonomy":"issues","embeddable":true,"href":"https:\/\/admin.industriall-union.org\/es\/wp-json\/wp\/v2\/issues?post=165729"},{"taxonomy":"companies","embeddable":true,"href":"https:\/\/admin.industriall-union.org\/es\/wp-json\/wp\/v2\/companies?post=165729"},{"taxonomy":"regions","embeddable":true,"href":"https:\/\/admin.industriall-union.org\/es\/wp-json\/wp\/v2\/regions?post=165729"},{"taxonomy":"sectors","embeddable":true,"href":"https:\/\/admin.industriall-union.org\/es\/wp-json\/wp\/v2\/sectors?post=165729"},{"taxonomy":"article_tags","embeddable":true,"href":"https:\/\/admin.industriall-union.org\/es\/wp-json\/wp\/v2\/article_tags?post=165729"}],"curies":[{"name":"wp","href":"https:\/\/api.w.org\/{rel}","templated":true}]}}