{"id":165296,"date":"2017-02-22T18:52:44","date_gmt":"2017-02-22T18:52:44","guid":{"rendered":"https:\/\/admin.industriall-union.org\/centrales-sindicales-de-brasil-actuan-juntas-contra-la-reforma-de-pensiones\/"},"modified":"2025-02-05T15:08:54","modified_gmt":"2025-02-05T15:08:54","slug":"centrales-sindicales-de-brasil-actuan-juntas-contra-la-reforma-de-pensiones","status":"publish","type":"article","link":"https:\/\/admin.industriall-union.org\/es\/centrales-sindicales-de-brasil-actuan-juntas-contra-la-reforma-de-pensiones\/","title":{"rendered":"Centrales sindicales de Brasil act\u00faan juntas contra la reforma de pensiones"},"content":{"rendered":"<p>La For\u00e7a Sindical, la CUT, UGT, CTB, CGTB, Nueva Central, CSB, Intersindical y CSP-Conlutas se reunieron el 21 de febrero en el Congreso Nacional en Brasilia para explicarle al presidente de la C\u00e1mara de Representantes, Rodrigo Maia, por qu\u00e9 la enmienda a la Constituci\u00f3n <strong>PEC287<\/strong> para reformar el sistema de pensiones es <strong>perjudicial para los trabajadores <\/strong>y por lo tanto no debe ser aprobada.<\/p><p>Durante la reuni\u00f3n tambi\u00e9n le pidieron tener mayor participaci\u00f3n en las audiencias p\u00fablicas. Tras el encuentro, anunciaron que el pr\u00f3ximo <strong>8 de marzo<\/strong> saldr\u00e1n a la calle para conmemorar el D\u00eda internacional de la mujer y para protestar contra la reforma al sistema jubilatorio. Adem\u00e1s desarrollar\u00e1n una jornada de lucha y defensa de sus derechos el <strong>15 de marzo<\/strong>.<\/p><p>La enmienda ya fue enviada al Congreso Nacional y el gobierno de Michel Temer estima que en abril ser\u00e1 votada. Quienes la impulsan sostienen que con ella pretenden terminar el d\u00e9ficit de la Seguridad Social, lo cual es falso.<\/p><p>Sin embargo, los trabajadores defienden que su implementaci\u00f3n supondr\u00eda una importante <strong>p\u00e9rdida de los derechos laborales <\/strong>alcanzados. El PEC aumenta la edad m\u00ednima de jubilaci\u00f3n a 65 a\u00f1os para los hombres y las mujeres, mientras que actualmente es 60 y 55 respectivamente.<\/p><p>Adem\u00e1s, establece que para poder retirase deben haber aportado durante 25 a\u00f1os, mientras que hoy en d\u00eda la exigencia son 15. Algunos especialistas en la materia tambi\u00e9n han criticado la reforma por considerar que no toma en cuenta la realidad laboral brasile\u00f1a, donde existe una gran cantidad de <strong>trabajadores precarios<\/strong>.<\/p><p>A ellos les ser\u00eda casi imposible jubilarse debido a la informalidad e inestabilidad de sus empleos. De perder sus trabajos, no conseguir\u00edan estar al d\u00eda con la contribuci\u00f3n a la seguridad social y a consecuencia no llegar\u00edan a los a\u00f1os de aportes requeridos.<\/p><p>Por su parte, el Dieese public\u00f3 un informe t\u00e9cnico en enero con el cual demostr\u00f3 que la reforma que se pretende realizar motiva aun m\u00e1s la desigualdad social y la pobreza en Brasil.<\/p><p>Hasta el 8 de marzo, los sindicatos desarrollar\u00e1n nuevos encuentros para seguir debatiendo sobre la reforma, y para continuar informando y advirtiendo a la sociedad sobre la necesidad de luchar juntos para que no avancen en el congreso reformas que da\u00f1an sus derechos. El jueves <strong>23 de febrero<\/strong> realizar\u00e1n una <strong>jornada nacional de debate<\/strong> sobre el PEC287 en San Pablo.<\/p><p>Finalmente, el secretario regional adjunto de IndustriALL Global Union, Marino Vani, expres\u00f3:<\/p><blockquote><p>&ldquo;Este proyecto es una estafa a los trabajadores del mercado laboral brasile\u00f1o, en especial a las mujeres y aumenta a 25 a\u00f1os el aporte necesario para una obtener pensi\u00f3n m\u00ednima, privando a quienes no lo alcanzan&rdquo;<\/p><p>Es lamentable ver como un Gobierno ilegitimo precariza el mundo del&nbsp; trabajo, y somete a las trabajadoras y trabajadores hasta la muerte.<\/p><p>Felicitamos a nuestras afiliadas -a su vez afiliadas a las Centrales Sidicales- por su unidad de acci\u00f3n en la lucha, y las excelentes acciones y campa\u00f1as que est\u00e1n desarrollando. Estamos en solidaridad con los trabajadores y sus sindicatos, y esperamos que este retroceso no pase&rdquo; &nbsp; &nbsp; &nbsp;&nbsp;<\/p><\/blockquote>","protected":false},"featured_media":0,"template":"","issues":[420,425],"companies":[],"regions":[261,254],"sectors":[],"article_tags":[511,513,518,527],"class_list":["post-165296","article","type-article","status-publish","hentry","issues-solidarity","issues-workers-rights","regions-brazil","regions-latin-america-and-the-caribbean","article_tags-industriall","article_tags-labour-laws","article_tags-pensions","article_tags-social-protection"],"acf":[],"yoast_head":"<!-- This site is optimized with the Yoast SEO Premium plugin v27.1 (Yoast SEO v27.1) - https:\/\/yoast.com\/product\/yoast-seo-premium-wordpress\/ -->\n<title>Centrales sindicales de Brasil act\u00faan juntas contra la reforma de pensiones - industriall-union<\/title>\n<meta name=\"description\" content=\"La For\u00e7a Sindical, la CUT, UGT, CTB, CGTB, Nueva Central, CSB, Intersindical y CSP-Conlutas se reunieron el 21 de febrero en el Congreso Nacional en\" \/>\n<meta name=\"robots\" content=\"index, follow, max-snippet:-1, max-image-preview:large, max-video-preview:-1\" \/>\n<link rel=\"canonical\" href=\"https:\/\/admin.industriall-union.org\/es\/centrales-sindicales-de-brasil-actuan-juntas-contra-la-reforma-de-pensiones\/\" \/>\n<meta property=\"og:locale\" content=\"es_ES\" \/>\n<meta property=\"og:type\" content=\"article\" \/>\n<meta property=\"og:title\" content=\"Centrales sindicales de Brasil act\u00faan juntas contra la reforma de pensiones\" \/>\n<meta property=\"og:description\" content=\"La For\u00e7a Sindical, la CUT, UGT, CTB, CGTB, Nueva Central, CSB, Intersindical y CSP-Conlutas se reunieron el 21 de febrero en el Congreso Nacional en\" \/>\n<meta property=\"og:url\" content=\"https:\/\/admin.industriall-union.org\/es\/centrales-sindicales-de-brasil-actuan-juntas-contra-la-reforma-de-pensiones\/\" \/>\n<meta property=\"og:site_name\" content=\"industriall-union\" \/>\n<meta property=\"article:modified_time\" content=\"2025-02-05T15:08:54+00:00\" \/>\n<meta name=\"twitter:card\" content=\"summary_large_image\" \/>\n<meta name=\"twitter:label1\" content=\"Est. reading time\" \/>\n\t<meta name=\"twitter:data1\" content=\"3 minutes\" \/>\n<script type=\"application\/ld+json\" class=\"yoast-schema-graph\">{\"@context\":\"https:\/\/schema.org\",\"@graph\":[{\"@type\":\"WebPage\",\"@id\":\"https:\/\/admin.industriall-union.org\/es\/centrales-sindicales-de-brasil-actuan-juntas-contra-la-reforma-de-pensiones\/\",\"url\":\"https:\/\/admin.industriall-union.org\/es\/centrales-sindicales-de-brasil-actuan-juntas-contra-la-reforma-de-pensiones\/\",\"name\":\"Centrales sindicales de Brasil act\u00faan juntas contra la reforma de pensiones - industriall-union\",\"isPartOf\":{\"@id\":\"https:\/\/admin.industriall-union.org\/#website\"},\"datePublished\":\"2017-02-22T18:52:44+00:00\",\"dateModified\":\"2025-02-05T15:08:54+00:00\",\"description\":\"La For\u00e7a Sindical, la CUT, UGT, CTB, CGTB, Nueva Central, CSB, Intersindical y CSP-Conlutas se reunieron el 21 de febrero en el Congreso Nacional en\",\"breadcrumb\":{\"@id\":\"https:\/\/admin.industriall-union.org\/es\/centrales-sindicales-de-brasil-actuan-juntas-contra-la-reforma-de-pensiones\/#breadcrumb\"},\"inLanguage\":\"es-ES\",\"potentialAction\":[{\"@type\":\"ReadAction\",\"target\":[\"https:\/\/admin.industriall-union.org\/es\/centrales-sindicales-de-brasil-actuan-juntas-contra-la-reforma-de-pensiones\/\"]}]},{\"@type\":\"BreadcrumbList\",\"@id\":\"https:\/\/admin.industriall-union.org\/es\/centrales-sindicales-de-brasil-actuan-juntas-contra-la-reforma-de-pensiones\/#breadcrumb\",\"itemListElement\":[{\"@type\":\"ListItem\",\"position\":1,\"name\":\"Home\",\"item\":\"https:\/\/admin.industriall-union.org\/\"},{\"@type\":\"ListItem\",\"position\":2,\"name\":\"Articles\",\"item\":\"https:\/\/admin.industriall-union.org\/article\/\"},{\"@type\":\"ListItem\",\"position\":3,\"name\":\"Centrales sindicales de Brasil act\u00faan juntas contra la reforma de pensiones\"}]},{\"@type\":\"WebSite\",\"@id\":\"https:\/\/admin.industriall-union.org\/#website\",\"url\":\"https:\/\/admin.industriall-union.org\/\",\"name\":\"industriall-union\",\"description\":\"\",\"potentialAction\":[{\"@type\":\"SearchAction\",\"target\":{\"@type\":\"EntryPoint\",\"urlTemplate\":\"https:\/\/admin.industriall-union.org\/?s={search_term_string}\"},\"query-input\":{\"@type\":\"PropertyValueSpecification\",\"valueRequired\":true,\"valueName\":\"search_term_string\"}}],\"inLanguage\":\"es-ES\"}]}<\/script>\n<!-- \/ Yoast SEO Premium plugin. -->","yoast_head_json":{"title":"Centrales sindicales de Brasil act\u00faan juntas contra la reforma de pensiones - industriall-union","description":"La For\u00e7a Sindical, la CUT, UGT, CTB, CGTB, Nueva Central, CSB, Intersindical y CSP-Conlutas se reunieron el 21 de febrero en el Congreso Nacional en","robots":{"index":"index","follow":"follow","max-snippet":"max-snippet:-1","max-image-preview":"max-image-preview:large","max-video-preview":"max-video-preview:-1"},"canonical":"https:\/\/admin.industriall-union.org\/es\/centrales-sindicales-de-brasil-actuan-juntas-contra-la-reforma-de-pensiones\/","og_locale":"es_ES","og_type":"article","og_title":"Centrales sindicales de Brasil act\u00faan juntas contra la reforma de pensiones","og_description":"La For\u00e7a Sindical, la CUT, UGT, CTB, CGTB, Nueva Central, CSB, Intersindical y CSP-Conlutas se reunieron el 21 de febrero en el Congreso Nacional en","og_url":"https:\/\/admin.industriall-union.org\/es\/centrales-sindicales-de-brasil-actuan-juntas-contra-la-reforma-de-pensiones\/","og_site_name":"industriall-union","article_modified_time":"2025-02-05T15:08:54+00:00","twitter_card":"summary_large_image","twitter_misc":{"Est. reading time":"3 minutes"},"schema":{"@context":"https:\/\/schema.org","@graph":[{"@type":"WebPage","@id":"https:\/\/admin.industriall-union.org\/es\/centrales-sindicales-de-brasil-actuan-juntas-contra-la-reforma-de-pensiones\/","url":"https:\/\/admin.industriall-union.org\/es\/centrales-sindicales-de-brasil-actuan-juntas-contra-la-reforma-de-pensiones\/","name":"Centrales sindicales de Brasil act\u00faan juntas contra la reforma de pensiones - industriall-union","isPartOf":{"@id":"https:\/\/admin.industriall-union.org\/#website"},"datePublished":"2017-02-22T18:52:44+00:00","dateModified":"2025-02-05T15:08:54+00:00","description":"La For\u00e7a Sindical, la CUT, UGT, CTB, CGTB, Nueva Central, CSB, Intersindical y CSP-Conlutas se reunieron el 21 de febrero en el Congreso Nacional en","breadcrumb":{"@id":"https:\/\/admin.industriall-union.org\/es\/centrales-sindicales-de-brasil-actuan-juntas-contra-la-reforma-de-pensiones\/#breadcrumb"},"inLanguage":"es-ES","potentialAction":[{"@type":"ReadAction","target":["https:\/\/admin.industriall-union.org\/es\/centrales-sindicales-de-brasil-actuan-juntas-contra-la-reforma-de-pensiones\/"]}]},{"@type":"BreadcrumbList","@id":"https:\/\/admin.industriall-union.org\/es\/centrales-sindicales-de-brasil-actuan-juntas-contra-la-reforma-de-pensiones\/#breadcrumb","itemListElement":[{"@type":"ListItem","position":1,"name":"Home","item":"https:\/\/admin.industriall-union.org\/"},{"@type":"ListItem","position":2,"name":"Articles","item":"https:\/\/admin.industriall-union.org\/article\/"},{"@type":"ListItem","position":3,"name":"Centrales sindicales de Brasil act\u00faan juntas contra la reforma de pensiones"}]},{"@type":"WebSite","@id":"https:\/\/admin.industriall-union.org\/#website","url":"https:\/\/admin.industriall-union.org\/","name":"industriall-union","description":"","potentialAction":[{"@type":"SearchAction","target":{"@type":"EntryPoint","urlTemplate":"https:\/\/admin.industriall-union.org\/?s={search_term_string}"},"query-input":{"@type":"PropertyValueSpecification","valueRequired":true,"valueName":"search_term_string"}}],"inLanguage":"es-ES"}]}},"_links":{"self":[{"href":"https:\/\/admin.industriall-union.org\/es\/wp-json\/wp\/v2\/article\/165296","targetHints":{"allow":["GET"]}}],"collection":[{"href":"https:\/\/admin.industriall-union.org\/es\/wp-json\/wp\/v2\/article"}],"about":[{"href":"https:\/\/admin.industriall-union.org\/es\/wp-json\/wp\/v2\/types\/article"}],"wp:attachment":[{"href":"https:\/\/admin.industriall-union.org\/es\/wp-json\/wp\/v2\/media?parent=165296"}],"wp:term":[{"taxonomy":"issues","embeddable":true,"href":"https:\/\/admin.industriall-union.org\/es\/wp-json\/wp\/v2\/issues?post=165296"},{"taxonomy":"companies","embeddable":true,"href":"https:\/\/admin.industriall-union.org\/es\/wp-json\/wp\/v2\/companies?post=165296"},{"taxonomy":"regions","embeddable":true,"href":"https:\/\/admin.industriall-union.org\/es\/wp-json\/wp\/v2\/regions?post=165296"},{"taxonomy":"sectors","embeddable":true,"href":"https:\/\/admin.industriall-union.org\/es\/wp-json\/wp\/v2\/sectors?post=165296"},{"taxonomy":"article_tags","embeddable":true,"href":"https:\/\/admin.industriall-union.org\/es\/wp-json\/wp\/v2\/article_tags?post=165296"}],"curies":[{"name":"wp","href":"https:\/\/api.w.org\/{rel}","templated":true}]}}