{"id":165093,"date":"2017-03-21T09:53:27","date_gmt":"2017-03-21T09:53:27","guid":{"rendered":"https:\/\/admin.industriall-union.org\/por-defender-los-derechos-laborales-demandan-a-dirigente-del-sindicato-bielorruso-repam\/"},"modified":"2025-02-05T13:52:16","modified_gmt":"2025-02-05T13:52:16","slug":"por-defender-los-derechos-laborales-demandan-a-dirigente-del-sindicato-bielorruso-repam","status":"publish","type":"article","link":"https:\/\/admin.industriall-union.org\/es\/por-defender-los-derechos-laborales-demandan-a-dirigente-del-sindicato-bielorruso-repam\/","title":{"rendered":"Por defender los derechos laborales demandan a dirigente del sindicato bielorruso REPAM"},"content":{"rendered":"<p>En efecto, el pasado 17 de marzo, el se\u00f1alado dirigente del sindicato REPAM fue juzgado en la corte de Minsk. Le acusaron de haber participado en una &ldquo;Marcha de bielorrusos iracundos&rdquo; el 17 de febrero en Minsk y de haber violado repetidas veces la ley &ldquo;sobre eventos de masas&rdquo;. En la audiencia de la corte, el dirigente sindical dijo que no pod\u00eda hacer otra cosa. Su sindicato ha recogido 45.000 firmas pidiendo que se derogue el decreto n\u00fam. 3 &quot;Sobre la prevenci\u00f3n de la dependencia social&quot;. Seg\u00fan este decreto, los ciudadanos de Bielorrusia que no trabajan por m\u00e1s de seis meses deben pagar un impuesto de US$240. Los desempleados que pidieron ayuda del sindicato participaron en la manifestaci\u00f3n, y el dirigente consider\u00f3 que era imprescindible su presencia en la protesta.<\/p><p>Gennady Fedynich coment\u00f3:<\/p><p>&ldquo;Declar\u00e9 en la corte que aunque las autoridades encarcelen a todos los opositores, la gente seguir\u00e1 protestando. S\u00f3lo el gobierno es culpable de que haya m\u00e1s manifestaciones. Ahora no s\u00f3lo el decreto ser\u00e1 el tema en cuesti\u00f3n, sino que tambi\u00e9n las reivindicaciones socioecon\u00f3micas e incluso pol\u00edticas&rdquo;.<\/p><p>Seg\u00fan este dirigente sindical, la audiencia se llev\u00f3 a cabo de manera democr\u00e1tica. Todas las partes pudieron expresar su posici\u00f3n, y no se interrumpi\u00f3 a nadie. Pero al final, la corte hall\u00f3 a Gennady Fedynich culpable y le mult\u00f3 US$ 640.<\/p><p>El mismo d\u00eda 17 de marzo, el tribunal enjuici\u00f3 al inspector legal de REPAM, Leonid Sudalenko, quien recibi\u00f3 una amonestaci\u00f3n de advertencia. El activista sindical Andrej Strizhak fue condenado a 10 d\u00edas de arresto administrativo.<\/p><p>Hasta la fecha, m\u00e1s de 20 activistas del sindicato han sido objeto de represalias por haber participado en la protesta pac\u00edfica contra el decreto n\u00fam. 3. Fueron detenidos por per\u00edodos de 2 a 15 d\u00edas y tambi\u00e9n recibieron multas por un monto total de m\u00e1s de US$ 3.000.<\/p><p>Muchos activistas se quejaron de que durante la detenci\u00f3n polic\u00edas vestidos de civil hab\u00edan utilizado fuerza f\u00edsica injustificada y gas lacrim\u00f3geno.<\/p><p>El Presidente de Bielorrusia, Alexander Lukashenko, exigi\u00f3 que el gobierno busque trabajos para todos los desempleados antes del 1 de mayo. Puede que se mande a los ciudadanos del pa\u00eds a realizar servicios comunitarios, como por ejemplo la plantaci\u00f3n de bosques. Estos trabajos son mal pagados y no toman en cuenta la experiencia ni el nivel de educaci\u00f3n de los trabajadores\/as.<\/p><p>A pesar de toda la intimidaci\u00f3n de parte de las autoridades, los sindicalistas est\u00e1n preparando nuevas manifestaciones de protesta contra el injusto decreto: para el 25 de marzo (D\u00eda de la Libertad) en Minsk; el 26 de marzo en las ciudades regionales; y el 26 de abril como parte de una manifestaci\u00f3n anual de la oposici\u00f3n para recordar el desastre de Chern\u00f3bil.<\/p>","protected":false},"featured_media":0,"template":"","issues":[425],"companies":[],"regions":[207],"sectors":[],"article_tags":[],"class_list":["post-165093","article","type-article","status-publish","hentry","issues-workers-rights","regions-belarus"],"acf":[],"yoast_head":"<!-- This site is optimized with the Yoast SEO Premium plugin v27.1 (Yoast SEO v27.1) - https:\/\/yoast.com\/product\/yoast-seo-premium-wordpress\/ -->\n<title>Por defender los derechos laborales demandan a dirigente del sindicato bielorruso REPAM - industriall-union<\/title>\n<meta name=\"description\" content=\"En efecto, el pasado 17 de marzo, el se\u00f1alado dirigente del sindicato REPAM fue juzgado en la corte de Minsk. Le acusaron de haber participado en\" \/>\n<meta name=\"robots\" content=\"index, follow, max-snippet:-1, max-image-preview:large, max-video-preview:-1\" \/>\n<link rel=\"canonical\" href=\"https:\/\/admin.industriall-union.org\/es\/por-defender-los-derechos-laborales-demandan-a-dirigente-del-sindicato-bielorruso-repam\/\" \/>\n<meta property=\"og:locale\" content=\"es_ES\" \/>\n<meta property=\"og:type\" content=\"article\" \/>\n<meta property=\"og:title\" content=\"Por defender los derechos laborales demandan a dirigente del sindicato bielorruso REPAM\" \/>\n<meta property=\"og:description\" content=\"En efecto, el pasado 17 de marzo, el se\u00f1alado dirigente del sindicato REPAM fue juzgado en la corte de Minsk. Le acusaron de haber participado en\" \/>\n<meta property=\"og:url\" content=\"https:\/\/admin.industriall-union.org\/es\/por-defender-los-derechos-laborales-demandan-a-dirigente-del-sindicato-bielorruso-repam\/\" \/>\n<meta property=\"og:site_name\" content=\"industriall-union\" \/>\n<meta property=\"article:modified_time\" content=\"2025-02-05T13:52:16+00:00\" \/>\n<meta name=\"twitter:card\" content=\"summary_large_image\" \/>\n<meta name=\"twitter:label1\" content=\"Est. reading time\" \/>\n\t<meta name=\"twitter:data1\" content=\"2 minutes\" \/>\n<script type=\"application\/ld+json\" class=\"yoast-schema-graph\">{\"@context\":\"https:\/\/schema.org\",\"@graph\":[{\"@type\":\"WebPage\",\"@id\":\"https:\/\/admin.industriall-union.org\/es\/por-defender-los-derechos-laborales-demandan-a-dirigente-del-sindicato-bielorruso-repam\/\",\"url\":\"https:\/\/admin.industriall-union.org\/es\/por-defender-los-derechos-laborales-demandan-a-dirigente-del-sindicato-bielorruso-repam\/\",\"name\":\"Por defender los derechos laborales demandan a dirigente del sindicato bielorruso REPAM - industriall-union\",\"isPartOf\":{\"@id\":\"https:\/\/admin.industriall-union.org\/#website\"},\"datePublished\":\"2017-03-21T09:53:27+00:00\",\"dateModified\":\"2025-02-05T13:52:16+00:00\",\"description\":\"En efecto, el pasado 17 de marzo, el se\u00f1alado dirigente del sindicato REPAM fue juzgado en la corte de Minsk. Le acusaron de haber participado en\",\"breadcrumb\":{\"@id\":\"https:\/\/admin.industriall-union.org\/es\/por-defender-los-derechos-laborales-demandan-a-dirigente-del-sindicato-bielorruso-repam\/#breadcrumb\"},\"inLanguage\":\"es-ES\",\"potentialAction\":[{\"@type\":\"ReadAction\",\"target\":[\"https:\/\/admin.industriall-union.org\/es\/por-defender-los-derechos-laborales-demandan-a-dirigente-del-sindicato-bielorruso-repam\/\"]}]},{\"@type\":\"BreadcrumbList\",\"@id\":\"https:\/\/admin.industriall-union.org\/es\/por-defender-los-derechos-laborales-demandan-a-dirigente-del-sindicato-bielorruso-repam\/#breadcrumb\",\"itemListElement\":[{\"@type\":\"ListItem\",\"position\":1,\"name\":\"Home\",\"item\":\"https:\/\/admin.industriall-union.org\/\"},{\"@type\":\"ListItem\",\"position\":2,\"name\":\"Articles\",\"item\":\"https:\/\/admin.industriall-union.org\/article\/\"},{\"@type\":\"ListItem\",\"position\":3,\"name\":\"Por defender los derechos laborales demandan a dirigente del sindicato bielorruso REPAM\"}]},{\"@type\":\"WebSite\",\"@id\":\"https:\/\/admin.industriall-union.org\/#website\",\"url\":\"https:\/\/admin.industriall-union.org\/\",\"name\":\"industriall-union\",\"description\":\"\",\"potentialAction\":[{\"@type\":\"SearchAction\",\"target\":{\"@type\":\"EntryPoint\",\"urlTemplate\":\"https:\/\/admin.industriall-union.org\/?s={search_term_string}\"},\"query-input\":{\"@type\":\"PropertyValueSpecification\",\"valueRequired\":true,\"valueName\":\"search_term_string\"}}],\"inLanguage\":\"es-ES\"}]}<\/script>\n<!-- \/ Yoast SEO Premium plugin. -->","yoast_head_json":{"title":"Por defender los derechos laborales demandan a dirigente del sindicato bielorruso REPAM - industriall-union","description":"En efecto, el pasado 17 de marzo, el se\u00f1alado dirigente del sindicato REPAM fue juzgado en la corte de Minsk. Le acusaron de haber participado en","robots":{"index":"index","follow":"follow","max-snippet":"max-snippet:-1","max-image-preview":"max-image-preview:large","max-video-preview":"max-video-preview:-1"},"canonical":"https:\/\/admin.industriall-union.org\/es\/por-defender-los-derechos-laborales-demandan-a-dirigente-del-sindicato-bielorruso-repam\/","og_locale":"es_ES","og_type":"article","og_title":"Por defender los derechos laborales demandan a dirigente del sindicato bielorruso REPAM","og_description":"En efecto, el pasado 17 de marzo, el se\u00f1alado dirigente del sindicato REPAM fue juzgado en la corte de Minsk. Le acusaron de haber participado en","og_url":"https:\/\/admin.industriall-union.org\/es\/por-defender-los-derechos-laborales-demandan-a-dirigente-del-sindicato-bielorruso-repam\/","og_site_name":"industriall-union","article_modified_time":"2025-02-05T13:52:16+00:00","twitter_card":"summary_large_image","twitter_misc":{"Est. reading time":"2 minutes"},"schema":{"@context":"https:\/\/schema.org","@graph":[{"@type":"WebPage","@id":"https:\/\/admin.industriall-union.org\/es\/por-defender-los-derechos-laborales-demandan-a-dirigente-del-sindicato-bielorruso-repam\/","url":"https:\/\/admin.industriall-union.org\/es\/por-defender-los-derechos-laborales-demandan-a-dirigente-del-sindicato-bielorruso-repam\/","name":"Por defender los derechos laborales demandan a dirigente del sindicato bielorruso REPAM - industriall-union","isPartOf":{"@id":"https:\/\/admin.industriall-union.org\/#website"},"datePublished":"2017-03-21T09:53:27+00:00","dateModified":"2025-02-05T13:52:16+00:00","description":"En efecto, el pasado 17 de marzo, el se\u00f1alado dirigente del sindicato REPAM fue juzgado en la corte de Minsk. Le acusaron de haber participado en","breadcrumb":{"@id":"https:\/\/admin.industriall-union.org\/es\/por-defender-los-derechos-laborales-demandan-a-dirigente-del-sindicato-bielorruso-repam\/#breadcrumb"},"inLanguage":"es-ES","potentialAction":[{"@type":"ReadAction","target":["https:\/\/admin.industriall-union.org\/es\/por-defender-los-derechos-laborales-demandan-a-dirigente-del-sindicato-bielorruso-repam\/"]}]},{"@type":"BreadcrumbList","@id":"https:\/\/admin.industriall-union.org\/es\/por-defender-los-derechos-laborales-demandan-a-dirigente-del-sindicato-bielorruso-repam\/#breadcrumb","itemListElement":[{"@type":"ListItem","position":1,"name":"Home","item":"https:\/\/admin.industriall-union.org\/"},{"@type":"ListItem","position":2,"name":"Articles","item":"https:\/\/admin.industriall-union.org\/article\/"},{"@type":"ListItem","position":3,"name":"Por defender los derechos laborales demandan a dirigente del sindicato bielorruso REPAM"}]},{"@type":"WebSite","@id":"https:\/\/admin.industriall-union.org\/#website","url":"https:\/\/admin.industriall-union.org\/","name":"industriall-union","description":"","potentialAction":[{"@type":"SearchAction","target":{"@type":"EntryPoint","urlTemplate":"https:\/\/admin.industriall-union.org\/?s={search_term_string}"},"query-input":{"@type":"PropertyValueSpecification","valueRequired":true,"valueName":"search_term_string"}}],"inLanguage":"es-ES"}]}},"_links":{"self":[{"href":"https:\/\/admin.industriall-union.org\/es\/wp-json\/wp\/v2\/article\/165093","targetHints":{"allow":["GET"]}}],"collection":[{"href":"https:\/\/admin.industriall-union.org\/es\/wp-json\/wp\/v2\/article"}],"about":[{"href":"https:\/\/admin.industriall-union.org\/es\/wp-json\/wp\/v2\/types\/article"}],"wp:attachment":[{"href":"https:\/\/admin.industriall-union.org\/es\/wp-json\/wp\/v2\/media?parent=165093"}],"wp:term":[{"taxonomy":"issues","embeddable":true,"href":"https:\/\/admin.industriall-union.org\/es\/wp-json\/wp\/v2\/issues?post=165093"},{"taxonomy":"companies","embeddable":true,"href":"https:\/\/admin.industriall-union.org\/es\/wp-json\/wp\/v2\/companies?post=165093"},{"taxonomy":"regions","embeddable":true,"href":"https:\/\/admin.industriall-union.org\/es\/wp-json\/wp\/v2\/regions?post=165093"},{"taxonomy":"sectors","embeddable":true,"href":"https:\/\/admin.industriall-union.org\/es\/wp-json\/wp\/v2\/sectors?post=165093"},{"taxonomy":"article_tags","embeddable":true,"href":"https:\/\/admin.industriall-union.org\/es\/wp-json\/wp\/v2\/article_tags?post=165093"}],"curies":[{"name":"wp","href":"https:\/\/api.w.org\/{rel}","templated":true}]}}