{"id":165059,"date":"2017-03-29T13:58:57","date_gmt":"2017-03-29T13:58:57","guid":{"rendered":"https:\/\/admin.industriall-union.org\/el-nuevo-acuerdo-del-comite-de-empresa-europeo-envia-una-fuerte-senal-para-un-acuerdo-global-con-lafargeholcim\/"},"modified":"2025-02-05T13:42:24","modified_gmt":"2025-02-05T13:42:24","slug":"el-nuevo-acuerdo-del-comite-de-empresa-europeo-envia-una-fuerte-senal-para-un-acuerdo-global-con-lafargeholcim","status":"publish","type":"article","link":"https:\/\/admin.industriall-union.org\/es\/el-nuevo-acuerdo-del-comite-de-empresa-europeo-envia-una-fuerte-senal-para-un-acuerdo-global-con-lafargeholcim\/","title":{"rendered":"El nuevo acuerdo del Comit\u00e9 de Empresa Europeo env\u00eda una fuerte se\u00f1al para un acuerdo global con LafargeHolcim"},"content":{"rendered":"<p>La IndustriALL Global Union cree que con la firma del acuerdo europeo el grupo ha dado el primer paso concreto para establecer relaciones laborales s\u00f3lidas y saludables con sus trabajadores. Sin embargo, este primer paso necesita un mayor impulso y la empresa tiene que hacer m\u00e1s para probar su buena disposici\u00f3n hacia sus empleados no s\u00f3lo en Europa, sino en el mundo entero, y proporcionar una base para el di\u00e1logo social igualmente vinculante tambi\u00e9n en otros pa\u00edses.<br \/><br \/>La IndustriALL y su organizaci\u00f3n hermana la Federaci\u00f3n Internacional de Trabajadores de la Construcci\u00f3n y de la Madera (FITCM), que representa a los trabajadores de LafargeHolcim a nivel mundial, est\u00e1n negociando actualmente un acuerdo marco global con la empresa.<br \/><br \/>El acuerdo marco global crear\u00eda, al igual que el<a href=\"http:\/\/www.efbww.org\/default.asp?index=976&amp;Language=EN\"> acuerdo del CEE<\/a>, un s\u00f3lido marco para un verdadero di\u00e1logo entre la direcci\u00f3n y los trabajadores en todas las instalaciones y todos los proveedores de la empresa en el mundo entero.<br \/><br \/>Invitado por la empresa a asistir a la ceremonia de la firma del acuerdo del CEE en Par\u00eds, Matthias Hartwich, director de las secciones de materiales e ingenier\u00eda mec\u00e1nica de la IndustriALL, coment\u00f3: &ldquo;La conclusi\u00f3n de este pionero acuerdo del CEE en LafargeHolcim significa para nosotros una indicaci\u00f3n de que la empresa tiene realmente la intenci\u00f3n de concertar un Acuerdo Marco Global con la IndustriALL y la FITCM.&rdquo;<\/p><p>Desde la fusi\u00f3n de Lafarge y Holcim en 2015, la empresa ha hecho frente a una serie de desaf\u00edos, incluidos numerosos accidentes laborales, el aumento del trabajo precario y tambi\u00e9n problemas locales resultantes de huelgas y cierres patronales debido al insuficiente nivel de di\u00e1logo justo y franco entre la direcci\u00f3n y los sindicatos a nivel de la f\u00e1brica en el duro per\u00edodo de reestructuraci\u00f3n.<br \/><br \/>Algunos de estos problemas se est\u00e1n resolviendo gradualmente mediante un mejor di\u00e1logo y relaciones de trabajo m\u00e1s favorables. Sin embargo, la experiencia muestra que es necesario que LafargeHolcim establezca el mismo marco para sus relaciones laborales en todo el mundo.<br \/><br \/>La IndustriALL Global Union, la Federaci\u00f3n Internacional de Trabajadores de la Construcci\u00f3n y de la Madera (FITCM) y LafargeHolcim ya han <a href=\"http:\/\/www.industriall-union.org\/es\/sindicatos-mundiales-y-lafargeholcim-elaboraran-acuerdo-marco-global\">convenido en poner en marcha el proceso para la elaboraci\u00f3n de un Acuerdo Marco Global<\/a>.<\/p>","protected":false},"featured_media":0,"template":"","issues":[409],"companies":[68,86],"regions":[],"sectors":[485],"article_tags":[],"class_list":["post-165059","article","type-article","status-publish","hentry","issues-multinational-companies-mncs","companies-holcim","companies-lafarge","sectors-cement"],"acf":[],"yoast_head":"<!-- This site is optimized with the Yoast SEO Premium plugin v27.1 (Yoast SEO v27.1) - https:\/\/yoast.com\/product\/yoast-seo-premium-wordpress\/ -->\n<title>El nuevo acuerdo del Comit\u00e9 de Empresa Europeo env\u00eda una fuerte se\u00f1al para un acuerdo global con LafargeHolcim - industriall-union<\/title>\n<meta name=\"description\" content=\"La IndustriALL Global Union cree que con la firma del acuerdo europeo el grupo ha dado el primer paso concreto para establecer relaciones laborales\" \/>\n<meta name=\"robots\" content=\"index, follow, max-snippet:-1, max-image-preview:large, max-video-preview:-1\" \/>\n<link rel=\"canonical\" href=\"https:\/\/admin.industriall-union.org\/es\/el-nuevo-acuerdo-del-comite-de-empresa-europeo-envia-una-fuerte-senal-para-un-acuerdo-global-con-lafargeholcim\/\" \/>\n<meta property=\"og:locale\" content=\"es_ES\" \/>\n<meta property=\"og:type\" content=\"article\" \/>\n<meta property=\"og:title\" content=\"El nuevo acuerdo del Comit\u00e9 de Empresa Europeo env\u00eda una fuerte se\u00f1al para un acuerdo global con LafargeHolcim\" \/>\n<meta property=\"og:description\" content=\"La IndustriALL Global Union cree que con la firma del acuerdo europeo el grupo ha dado el primer paso concreto para establecer relaciones laborales\" \/>\n<meta property=\"og:url\" content=\"https:\/\/admin.industriall-union.org\/es\/el-nuevo-acuerdo-del-comite-de-empresa-europeo-envia-una-fuerte-senal-para-un-acuerdo-global-con-lafargeholcim\/\" \/>\n<meta property=\"og:site_name\" content=\"industriall-union\" \/>\n<meta property=\"article:modified_time\" content=\"2025-02-05T13:42:24+00:00\" \/>\n<meta name=\"twitter:card\" content=\"summary_large_image\" \/>\n<meta name=\"twitter:label1\" content=\"Est. reading time\" \/>\n\t<meta name=\"twitter:data1\" content=\"2 minutes\" \/>\n<script type=\"application\/ld+json\" class=\"yoast-schema-graph\">{\"@context\":\"https:\/\/schema.org\",\"@graph\":[{\"@type\":\"WebPage\",\"@id\":\"https:\/\/admin.industriall-union.org\/es\/el-nuevo-acuerdo-del-comite-de-empresa-europeo-envia-una-fuerte-senal-para-un-acuerdo-global-con-lafargeholcim\/\",\"url\":\"https:\/\/admin.industriall-union.org\/es\/el-nuevo-acuerdo-del-comite-de-empresa-europeo-envia-una-fuerte-senal-para-un-acuerdo-global-con-lafargeholcim\/\",\"name\":\"El nuevo acuerdo del Comit\u00e9 de Empresa Europeo env\u00eda una fuerte se\u00f1al para un acuerdo global con LafargeHolcim - industriall-union\",\"isPartOf\":{\"@id\":\"https:\/\/admin.industriall-union.org\/#website\"},\"datePublished\":\"2017-03-29T13:58:57+00:00\",\"dateModified\":\"2025-02-05T13:42:24+00:00\",\"description\":\"La IndustriALL Global Union cree que con la firma del acuerdo europeo el grupo ha dado el primer paso concreto para establecer relaciones laborales\",\"breadcrumb\":{\"@id\":\"https:\/\/admin.industriall-union.org\/es\/el-nuevo-acuerdo-del-comite-de-empresa-europeo-envia-una-fuerte-senal-para-un-acuerdo-global-con-lafargeholcim\/#breadcrumb\"},\"inLanguage\":\"es-ES\",\"potentialAction\":[{\"@type\":\"ReadAction\",\"target\":[\"https:\/\/admin.industriall-union.org\/es\/el-nuevo-acuerdo-del-comite-de-empresa-europeo-envia-una-fuerte-senal-para-un-acuerdo-global-con-lafargeholcim\/\"]}]},{\"@type\":\"BreadcrumbList\",\"@id\":\"https:\/\/admin.industriall-union.org\/es\/el-nuevo-acuerdo-del-comite-de-empresa-europeo-envia-una-fuerte-senal-para-un-acuerdo-global-con-lafargeholcim\/#breadcrumb\",\"itemListElement\":[{\"@type\":\"ListItem\",\"position\":1,\"name\":\"Home\",\"item\":\"https:\/\/admin.industriall-union.org\/\"},{\"@type\":\"ListItem\",\"position\":2,\"name\":\"Articles\",\"item\":\"https:\/\/admin.industriall-union.org\/article\/\"},{\"@type\":\"ListItem\",\"position\":3,\"name\":\"El nuevo acuerdo del Comit\u00e9 de Empresa Europeo env\u00eda una fuerte se\u00f1al para un acuerdo global con LafargeHolcim\"}]},{\"@type\":\"WebSite\",\"@id\":\"https:\/\/admin.industriall-union.org\/#website\",\"url\":\"https:\/\/admin.industriall-union.org\/\",\"name\":\"industriall-union\",\"description\":\"\",\"potentialAction\":[{\"@type\":\"SearchAction\",\"target\":{\"@type\":\"EntryPoint\",\"urlTemplate\":\"https:\/\/admin.industriall-union.org\/?s={search_term_string}\"},\"query-input\":{\"@type\":\"PropertyValueSpecification\",\"valueRequired\":true,\"valueName\":\"search_term_string\"}}],\"inLanguage\":\"es-ES\"}]}<\/script>\n<!-- \/ Yoast SEO Premium plugin. -->","yoast_head_json":{"title":"El nuevo acuerdo del Comit\u00e9 de Empresa Europeo env\u00eda una fuerte se\u00f1al para un acuerdo global con LafargeHolcim - industriall-union","description":"La IndustriALL Global Union cree que con la firma del acuerdo europeo el grupo ha dado el primer paso concreto para establecer relaciones laborales","robots":{"index":"index","follow":"follow","max-snippet":"max-snippet:-1","max-image-preview":"max-image-preview:large","max-video-preview":"max-video-preview:-1"},"canonical":"https:\/\/admin.industriall-union.org\/es\/el-nuevo-acuerdo-del-comite-de-empresa-europeo-envia-una-fuerte-senal-para-un-acuerdo-global-con-lafargeholcim\/","og_locale":"es_ES","og_type":"article","og_title":"El nuevo acuerdo del Comit\u00e9 de Empresa Europeo env\u00eda una fuerte se\u00f1al para un acuerdo global con LafargeHolcim","og_description":"La IndustriALL Global Union cree que con la firma del acuerdo europeo el grupo ha dado el primer paso concreto para establecer relaciones laborales","og_url":"https:\/\/admin.industriall-union.org\/es\/el-nuevo-acuerdo-del-comite-de-empresa-europeo-envia-una-fuerte-senal-para-un-acuerdo-global-con-lafargeholcim\/","og_site_name":"industriall-union","article_modified_time":"2025-02-05T13:42:24+00:00","twitter_card":"summary_large_image","twitter_misc":{"Est. reading time":"2 minutes"},"schema":{"@context":"https:\/\/schema.org","@graph":[{"@type":"WebPage","@id":"https:\/\/admin.industriall-union.org\/es\/el-nuevo-acuerdo-del-comite-de-empresa-europeo-envia-una-fuerte-senal-para-un-acuerdo-global-con-lafargeholcim\/","url":"https:\/\/admin.industriall-union.org\/es\/el-nuevo-acuerdo-del-comite-de-empresa-europeo-envia-una-fuerte-senal-para-un-acuerdo-global-con-lafargeholcim\/","name":"El nuevo acuerdo del Comit\u00e9 de Empresa Europeo env\u00eda una fuerte se\u00f1al para un acuerdo global con LafargeHolcim - industriall-union","isPartOf":{"@id":"https:\/\/admin.industriall-union.org\/#website"},"datePublished":"2017-03-29T13:58:57+00:00","dateModified":"2025-02-05T13:42:24+00:00","description":"La IndustriALL Global Union cree que con la firma del acuerdo europeo el grupo ha dado el primer paso concreto para establecer relaciones laborales","breadcrumb":{"@id":"https:\/\/admin.industriall-union.org\/es\/el-nuevo-acuerdo-del-comite-de-empresa-europeo-envia-una-fuerte-senal-para-un-acuerdo-global-con-lafargeholcim\/#breadcrumb"},"inLanguage":"es-ES","potentialAction":[{"@type":"ReadAction","target":["https:\/\/admin.industriall-union.org\/es\/el-nuevo-acuerdo-del-comite-de-empresa-europeo-envia-una-fuerte-senal-para-un-acuerdo-global-con-lafargeholcim\/"]}]},{"@type":"BreadcrumbList","@id":"https:\/\/admin.industriall-union.org\/es\/el-nuevo-acuerdo-del-comite-de-empresa-europeo-envia-una-fuerte-senal-para-un-acuerdo-global-con-lafargeholcim\/#breadcrumb","itemListElement":[{"@type":"ListItem","position":1,"name":"Home","item":"https:\/\/admin.industriall-union.org\/"},{"@type":"ListItem","position":2,"name":"Articles","item":"https:\/\/admin.industriall-union.org\/article\/"},{"@type":"ListItem","position":3,"name":"El nuevo acuerdo del Comit\u00e9 de Empresa Europeo env\u00eda una fuerte se\u00f1al para un acuerdo global con LafargeHolcim"}]},{"@type":"WebSite","@id":"https:\/\/admin.industriall-union.org\/#website","url":"https:\/\/admin.industriall-union.org\/","name":"industriall-union","description":"","potentialAction":[{"@type":"SearchAction","target":{"@type":"EntryPoint","urlTemplate":"https:\/\/admin.industriall-union.org\/?s={search_term_string}"},"query-input":{"@type":"PropertyValueSpecification","valueRequired":true,"valueName":"search_term_string"}}],"inLanguage":"es-ES"}]}},"_links":{"self":[{"href":"https:\/\/admin.industriall-union.org\/es\/wp-json\/wp\/v2\/article\/165059","targetHints":{"allow":["GET"]}}],"collection":[{"href":"https:\/\/admin.industriall-union.org\/es\/wp-json\/wp\/v2\/article"}],"about":[{"href":"https:\/\/admin.industriall-union.org\/es\/wp-json\/wp\/v2\/types\/article"}],"wp:attachment":[{"href":"https:\/\/admin.industriall-union.org\/es\/wp-json\/wp\/v2\/media?parent=165059"}],"wp:term":[{"taxonomy":"issues","embeddable":true,"href":"https:\/\/admin.industriall-union.org\/es\/wp-json\/wp\/v2\/issues?post=165059"},{"taxonomy":"companies","embeddable":true,"href":"https:\/\/admin.industriall-union.org\/es\/wp-json\/wp\/v2\/companies?post=165059"},{"taxonomy":"regions","embeddable":true,"href":"https:\/\/admin.industriall-union.org\/es\/wp-json\/wp\/v2\/regions?post=165059"},{"taxonomy":"sectors","embeddable":true,"href":"https:\/\/admin.industriall-union.org\/es\/wp-json\/wp\/v2\/sectors?post=165059"},{"taxonomy":"article_tags","embeddable":true,"href":"https:\/\/admin.industriall-union.org\/es\/wp-json\/wp\/v2\/article_tags?post=165059"}],"curies":[{"name":"wp","href":"https:\/\/api.w.org\/{rel}","templated":true}]}}