{"id":165057,"date":"2017-03-30T09:20:27","date_gmt":"2017-03-30T09:20:27","guid":{"rendered":"https:\/\/admin.industriall-union.org\/trabajadores-as-de-fletcher-insulation-estan-decididos-a-seguir-luchando-por-un-convenio-justo\/"},"modified":"2025-02-05T13:41:11","modified_gmt":"2025-02-05T13:41:11","slug":"trabajadores-as-de-fletcher-insulation-estan-decididos-a-seguir-luchando-por-un-convenio-justo","status":"publish","type":"article","link":"https:\/\/admin.industriall-union.org\/es\/trabajadores-as-de-fletcher-insulation-estan-decididos-a-seguir-luchando-por-un-convenio-justo\/","title":{"rendered":"Trabajadores\/as de Fletcher Insulation est\u00e1n decididos a seguir luchando por un convenio justo"},"content":{"rendered":"<p>Los trabajadores\/as optaron por la v\u00eda legal para declarar la huelga contra dicha compa\u00f1\u00eda fabricante de lana de vidrio porque la empresa les hab\u00eda negado un aumento salarial, al mismo tiempo que aumentaba la jornada de trabajo, recurriendo cada vez m\u00e1s al uso de mano de obra ocasional.<\/p><p>La oferta de la compa\u00f1\u00eda incluye no aumentar los sueldos por cuatro a\u00f1os, extender la semana laboral por tres horas y eliminar los niveles m\u00ednimos de dotaci\u00f3n de personal, lo cual constituye un problema de seguridad. La empresa tiene planes para contratar trabajadores\/as ocasionales sin ninguna restricci\u00f3n, reduciendo dr\u00e1sticamente las disposiciones de compensaci\u00f3n por despido.<\/p><p>Fletcher Insulation es una empresa rentable, donde muchos de sus trabajadores\/as llevan m\u00e1s de 30 a\u00f1os de servicio en la compa\u00f1\u00eda, alcanzando altos niveles de productividad. La compa\u00f1\u00eda ha solicitado a la Fair Work Commission, organismo gubernamental de arbitraje laboral, que d\u00e9 por terminado el actual convenio colectivo. El convenio actual ha vencido, pero sus t\u00e9rminos y condiciones siguen vigentes hasta que se acuerde terminarlo o se establezca un nuevo convenio.<\/p><p>Los 90 miembros del AWU en esta planta han rechazado el convenio propuesto, formando, durante los \u00faltimos 42 d\u00edas, un piquete frente a la planta en Dandenong, cerca de Melbourne.<\/p><p>Ben Davis, Secretario del AWU en Victoria, se\u00f1al\u00f3 lo siguiente:<\/p><blockquote><p>&ldquo;La producci\u00f3n aument\u00f3 en un 20% en el \u00faltimo trimestre del a\u00f1o pasado, sin embargo, s\u00f3lo unas semanas despu\u00e9s, se mostr\u00f3 una falta de aprecio a estos trabajadores\/as, se\u00f1al\u00e1ndoles que sus sueldos han de seguir sin aumento durante cuatro a\u00f1os y que se dar\u00e1 t\u00e9rmino a las condiciones de trabajo que han gozado durante tanto tiempo.<\/p><p>&ldquo;Esto es injusto e il\u00f3gico, y es evidente que se trata de una batalla ideol\u00f3gica&rdquo;.<\/p><\/blockquote><p>La compa\u00f1\u00eda no ha pagado a los trabajadores\/as desde el 17 de febrero. Los trabajadores\/as han establecido un fondo de financiamiento de la huelga usando crowdfunding, con lo que se ayudan para seguir firmes en el piquete.<\/p><p>Se puede donar al fondo de huelga <a href=\"https:\/\/www.gofundme.com\/awu-fletcher-insulation-strike\">aqu\u00ed<\/a>.<\/p><p>En una carta de solidaridad dirigida al AWU, Valter Sanches, Secretario General de IndustriALL, dijo lo siguiente:<\/p><blockquote><p>&ldquo;IndustriALL Global Union repudia en\u00e9rgicamente la postura intransigente de Fletcher Insulation Australia, que no ha entablado negociaciones justas con el sindicato desde agosto de 2016, y, al contrario, ha querido aplicar una pol\u00edtica agresiva que socavar\u00eda gravemente los derechos y beneficios fundamentales de los trabajadores&rdquo;.<\/p><\/blockquote><p>Fletcher Insulation fabrica productos de aislamiento ac\u00fastico, t\u00e9rmico y contra incendios para propiedades residenciales y comerciales. Fletcher, empresa con casa matriz en Nueva Zelandia, adquiri\u00f3 la f\u00e1brica de Dandenong de ACI Glass hace varios a\u00f1os.<\/p>","protected":false},"featured_media":0,"template":"","issues":[],"companies":[],"regions":[155,157],"sectors":[487,484],"article_tags":[],"class_list":["post-165057","article","type-article","status-publish","hentry","regions-asia-pacific","regions-australia","sectors-glass","sectors-glass-cement-ceramic-and-associated-industries"],"acf":[],"yoast_head":"<!-- This site is optimized with the Yoast SEO Premium plugin v27.1 (Yoast SEO v27.1) - https:\/\/yoast.com\/product\/yoast-seo-premium-wordpress\/ -->\n<title>Trabajadores\/as de Fletcher Insulation est\u00e1n decididos a seguir luchando por un convenio justo - industriall-union<\/title>\n<meta name=\"description\" content=\"Los trabajadores\/as optaron por la v\u00eda legal para declarar la huelga contra dicha compa\u00f1\u00eda fabricante de lana de vidrio porque la empresa les hab\u00eda negado\" \/>\n<meta name=\"robots\" content=\"index, follow, max-snippet:-1, max-image-preview:large, max-video-preview:-1\" \/>\n<link rel=\"canonical\" href=\"https:\/\/admin.industriall-union.org\/es\/trabajadores-as-de-fletcher-insulation-estan-decididos-a-seguir-luchando-por-un-convenio-justo\/\" \/>\n<meta property=\"og:locale\" content=\"es_ES\" \/>\n<meta property=\"og:type\" content=\"article\" \/>\n<meta property=\"og:title\" content=\"Trabajadores\/as de Fletcher Insulation est\u00e1n decididos a seguir luchando por un convenio justo\" \/>\n<meta property=\"og:description\" content=\"Los trabajadores\/as optaron por la v\u00eda legal para declarar la huelga contra dicha compa\u00f1\u00eda fabricante de lana de vidrio porque la empresa les hab\u00eda negado\" \/>\n<meta property=\"og:url\" content=\"https:\/\/admin.industriall-union.org\/es\/trabajadores-as-de-fletcher-insulation-estan-decididos-a-seguir-luchando-por-un-convenio-justo\/\" \/>\n<meta property=\"og:site_name\" content=\"industriall-union\" \/>\n<meta property=\"article:modified_time\" content=\"2025-02-05T13:41:11+00:00\" \/>\n<meta name=\"twitter:card\" content=\"summary_large_image\" \/>\n<meta name=\"twitter:label1\" content=\"Est. reading time\" \/>\n\t<meta name=\"twitter:data1\" content=\"2 minutes\" \/>\n<script type=\"application\/ld+json\" class=\"yoast-schema-graph\">{\"@context\":\"https:\/\/schema.org\",\"@graph\":[{\"@type\":\"WebPage\",\"@id\":\"https:\/\/admin.industriall-union.org\/es\/trabajadores-as-de-fletcher-insulation-estan-decididos-a-seguir-luchando-por-un-convenio-justo\/\",\"url\":\"https:\/\/admin.industriall-union.org\/es\/trabajadores-as-de-fletcher-insulation-estan-decididos-a-seguir-luchando-por-un-convenio-justo\/\",\"name\":\"Trabajadores\/as de Fletcher Insulation est\u00e1n decididos a seguir luchando por un convenio justo - industriall-union\",\"isPartOf\":{\"@id\":\"https:\/\/admin.industriall-union.org\/es\/#website\"},\"datePublished\":\"2017-03-30T09:20:27+00:00\",\"dateModified\":\"2025-02-05T13:41:11+00:00\",\"description\":\"Los trabajadores\/as optaron por la v\u00eda legal para declarar la huelga contra dicha compa\u00f1\u00eda fabricante de lana de vidrio porque la empresa les hab\u00eda negado\",\"breadcrumb\":{\"@id\":\"https:\/\/admin.industriall-union.org\/es\/trabajadores-as-de-fletcher-insulation-estan-decididos-a-seguir-luchando-por-un-convenio-justo\/#breadcrumb\"},\"inLanguage\":\"es-ES\",\"potentialAction\":[{\"@type\":\"ReadAction\",\"target\":[\"https:\/\/admin.industriall-union.org\/es\/trabajadores-as-de-fletcher-insulation-estan-decididos-a-seguir-luchando-por-un-convenio-justo\/\"]}]},{\"@type\":\"BreadcrumbList\",\"@id\":\"https:\/\/admin.industriall-union.org\/es\/trabajadores-as-de-fletcher-insulation-estan-decididos-a-seguir-luchando-por-un-convenio-justo\/#breadcrumb\",\"itemListElement\":[{\"@type\":\"ListItem\",\"position\":1,\"name\":\"Home\",\"item\":\"https:\/\/admin.industriall-union.org\/es\/\"},{\"@type\":\"ListItem\",\"position\":2,\"name\":\"Articles\",\"item\":\"https:\/\/admin.industriall-union.org\/es\/article\/\"},{\"@type\":\"ListItem\",\"position\":3,\"name\":\"Trabajadores\/as de Fletcher Insulation est\u00e1n decididos a seguir luchando por un convenio justo\"}]},{\"@type\":\"WebSite\",\"@id\":\"https:\/\/admin.industriall-union.org\/es\/#website\",\"url\":\"https:\/\/admin.industriall-union.org\/es\/\",\"name\":\"industriall-union\",\"description\":\"\",\"potentialAction\":[{\"@type\":\"SearchAction\",\"target\":{\"@type\":\"EntryPoint\",\"urlTemplate\":\"https:\/\/admin.industriall-union.org\/es\/?s={search_term_string}\"},\"query-input\":{\"@type\":\"PropertyValueSpecification\",\"valueRequired\":true,\"valueName\":\"search_term_string\"}}],\"inLanguage\":\"es-ES\"}]}<\/script>\n<!-- \/ Yoast SEO Premium plugin. -->","yoast_head_json":{"title":"Trabajadores\/as de Fletcher Insulation est\u00e1n decididos a seguir luchando por un convenio justo - industriall-union","description":"Los trabajadores\/as optaron por la v\u00eda legal para declarar la huelga contra dicha compa\u00f1\u00eda fabricante de lana de vidrio porque la empresa les hab\u00eda negado","robots":{"index":"index","follow":"follow","max-snippet":"max-snippet:-1","max-image-preview":"max-image-preview:large","max-video-preview":"max-video-preview:-1"},"canonical":"https:\/\/admin.industriall-union.org\/es\/trabajadores-as-de-fletcher-insulation-estan-decididos-a-seguir-luchando-por-un-convenio-justo\/","og_locale":"es_ES","og_type":"article","og_title":"Trabajadores\/as de Fletcher Insulation est\u00e1n decididos a seguir luchando por un convenio justo","og_description":"Los trabajadores\/as optaron por la v\u00eda legal para declarar la huelga contra dicha compa\u00f1\u00eda fabricante de lana de vidrio porque la empresa les hab\u00eda negado","og_url":"https:\/\/admin.industriall-union.org\/es\/trabajadores-as-de-fletcher-insulation-estan-decididos-a-seguir-luchando-por-un-convenio-justo\/","og_site_name":"industriall-union","article_modified_time":"2025-02-05T13:41:11+00:00","twitter_card":"summary_large_image","twitter_misc":{"Est. reading time":"2 minutes"},"schema":{"@context":"https:\/\/schema.org","@graph":[{"@type":"WebPage","@id":"https:\/\/admin.industriall-union.org\/es\/trabajadores-as-de-fletcher-insulation-estan-decididos-a-seguir-luchando-por-un-convenio-justo\/","url":"https:\/\/admin.industriall-union.org\/es\/trabajadores-as-de-fletcher-insulation-estan-decididos-a-seguir-luchando-por-un-convenio-justo\/","name":"Trabajadores\/as de Fletcher Insulation est\u00e1n decididos a seguir luchando por un convenio justo - industriall-union","isPartOf":{"@id":"https:\/\/admin.industriall-union.org\/es\/#website"},"datePublished":"2017-03-30T09:20:27+00:00","dateModified":"2025-02-05T13:41:11+00:00","description":"Los trabajadores\/as optaron por la v\u00eda legal para declarar la huelga contra dicha compa\u00f1\u00eda fabricante de lana de vidrio porque la empresa les hab\u00eda negado","breadcrumb":{"@id":"https:\/\/admin.industriall-union.org\/es\/trabajadores-as-de-fletcher-insulation-estan-decididos-a-seguir-luchando-por-un-convenio-justo\/#breadcrumb"},"inLanguage":"es-ES","potentialAction":[{"@type":"ReadAction","target":["https:\/\/admin.industriall-union.org\/es\/trabajadores-as-de-fletcher-insulation-estan-decididos-a-seguir-luchando-por-un-convenio-justo\/"]}]},{"@type":"BreadcrumbList","@id":"https:\/\/admin.industriall-union.org\/es\/trabajadores-as-de-fletcher-insulation-estan-decididos-a-seguir-luchando-por-un-convenio-justo\/#breadcrumb","itemListElement":[{"@type":"ListItem","position":1,"name":"Home","item":"https:\/\/admin.industriall-union.org\/es\/"},{"@type":"ListItem","position":2,"name":"Articles","item":"https:\/\/admin.industriall-union.org\/es\/article\/"},{"@type":"ListItem","position":3,"name":"Trabajadores\/as de Fletcher Insulation est\u00e1n decididos a seguir luchando por un convenio justo"}]},{"@type":"WebSite","@id":"https:\/\/admin.industriall-union.org\/es\/#website","url":"https:\/\/admin.industriall-union.org\/es\/","name":"industriall-union","description":"","potentialAction":[{"@type":"SearchAction","target":{"@type":"EntryPoint","urlTemplate":"https:\/\/admin.industriall-union.org\/es\/?s={search_term_string}"},"query-input":{"@type":"PropertyValueSpecification","valueRequired":true,"valueName":"search_term_string"}}],"inLanguage":"es-ES"}]}},"_links":{"self":[{"href":"https:\/\/admin.industriall-union.org\/es\/wp-json\/wp\/v2\/article\/165057","targetHints":{"allow":["GET"]}}],"collection":[{"href":"https:\/\/admin.industriall-union.org\/es\/wp-json\/wp\/v2\/article"}],"about":[{"href":"https:\/\/admin.industriall-union.org\/es\/wp-json\/wp\/v2\/types\/article"}],"wp:attachment":[{"href":"https:\/\/admin.industriall-union.org\/es\/wp-json\/wp\/v2\/media?parent=165057"}],"wp:term":[{"taxonomy":"issues","embeddable":true,"href":"https:\/\/admin.industriall-union.org\/es\/wp-json\/wp\/v2\/issues?post=165057"},{"taxonomy":"companies","embeddable":true,"href":"https:\/\/admin.industriall-union.org\/es\/wp-json\/wp\/v2\/companies?post=165057"},{"taxonomy":"regions","embeddable":true,"href":"https:\/\/admin.industriall-union.org\/es\/wp-json\/wp\/v2\/regions?post=165057"},{"taxonomy":"sectors","embeddable":true,"href":"https:\/\/admin.industriall-union.org\/es\/wp-json\/wp\/v2\/sectors?post=165057"},{"taxonomy":"article_tags","embeddable":true,"href":"https:\/\/admin.industriall-union.org\/es\/wp-json\/wp\/v2\/article_tags?post=165057"}],"curies":[{"name":"wp","href":"https:\/\/api.w.org\/{rel}","templated":true}]}}