{"id":164935,"date":"2017-04-25T15:49:06","date_gmt":"2017-04-25T15:49:06","guid":{"rendered":"https:\/\/admin.industriall-union.org\/trabajadores-as-de-thermo-fisher-en-suiza-luchan-para-conservar-sus-trabajos\/"},"modified":"2025-02-05T13:00:10","modified_gmt":"2025-02-05T13:00:10","slug":"trabajadores-as-de-thermo-fisher-en-suiza-luchan-para-conservar-sus-trabajos","status":"publish","type":"article","link":"https:\/\/admin.industriall-union.org\/es\/trabajadores-as-de-thermo-fisher-en-suiza-luchan-para-conservar-sus-trabajos\/","title":{"rendered":"Trabajadores\/as de Thermo Fisher en Suiza luchan para conservar sus trabajos"},"content":{"rendered":"<p>Esta acci\u00f3n de protesta cuenta con la participaci\u00f3n de unos 130 miembros de la fuerza de trabajo de la planta se\u00f1alada.<\/p><p>El convenio anterior, que se logr\u00f3 por medio de negociaciones el 20 de abril, con la ayuda de la oficina de empleo del cant\u00f3n de Vaud, se\u00f1ala tres reivindicaciones del sindicato, a saber:<\/p><ul><li>Que se deb\u00eda reconocer a UNIA como interlocutor en las negociaciones;<\/li><li>Que el plazo para consultaci\u00f3n deb\u00eda extenderse hasta finales de mayo;<\/li><li>Que la empresa deb\u00eda proveer todos los elementos necesarios para la formulaci\u00f3n de contrapropuestas en relaci\u00f3n al traslado de la planta, seg\u00fan lo previsto por la ley.<\/li><\/ul><p>Sin embargo, la junta directiva de la compa\u00f1\u00eda en EE.UU. rechaz\u00f3 el mencionado convenio, logrado en base a las negociaciones realizadas, neg\u00e1ndose a aceptar concesi\u00f3n alguna. La administraci\u00f3n corporativa en EE.UU. no proporcion\u00f3 razones ni justificaciones por haber tomado tal decisi\u00f3n. Debido a la falta de di\u00e1logo y la infundada decisi\u00f3n de la administraci\u00f3n de la empresa, los trabajadores\/as se vieron obligados a continuar su huelga.<\/p><p>La primera protesta registrada por el sindicato se llev\u00f3 a cabo el 19 de abril despu\u00e9s de que la compa\u00f1\u00eda diera a conocer sus planes de trasladar la producci\u00f3n de Suiza a otro pa\u00eds. La planta de la empresa en \u00c9cublens se especializa en la producci\u00f3n de espectr\u00f3metros de emisiones de rayos X y \u00f3pticas. La compa\u00f1\u00eda tiene planes de trasladar parte de su producci\u00f3n a Brno en la Rep\u00fablica Checa, medida que conllevar\u00eda la p\u00e9rdida de 106 puestos de trabajo del total de 165 en \u00c9cublens.<\/p><p>Por su parte, Valter Sanches, Secretario General de IndustriALL, envi\u00f3 una carta a la junta directiva de Thermo Fisher Scientific en EE.UU, insistiendo que la empresa &ldquo;responda a las leg\u00edtimas reivindicaciones de los trabajadores y trabajadoras de la planta de \u00c9cublens, y que acepte el convenio que se hab\u00eda alcanzado a nivel local. Este convenio toma en cuenta las negociaciones sobre el previsto traslado de la producci\u00f3n de \u00c9cublens a Brno en la Rep\u00fablica Checa. El convenio tambi\u00e9n prev\u00e9 una prolongaci\u00f3n del plazo para consultaci\u00f3n con el fin de dar tiempo para que se preparen propuestas alternativas a esta p\u00e9rdida masiva de puestos de trabajo, adem\u00e1s de exigir que se proporcione la informaci\u00f3n necesaria y consultaci\u00f3n&rdquo;.<\/p><p>Valter Sanches tambi\u00e9n manifest\u00f3 su pleno apoyo y solidaridad con los trabajadores\/as de Thermo Fisher Scientific y UNIA, como sindicato que les representa, en su lucha por los derechos de la fuerza de trabajo.<\/p>","protected":false},"featured_media":0,"template":"","issues":[424,425],"companies":[],"regions":[248],"sectors":[492],"article_tags":[],"class_list":["post-164935","article","type-article","status-publish","hentry","issues-violation","issues-workers-rights","regions-switzerland","sectors-electronics"],"acf":[],"yoast_head":"<!-- This site is optimized with the Yoast SEO Premium plugin v27.1 (Yoast SEO v27.1) - https:\/\/yoast.com\/product\/yoast-seo-premium-wordpress\/ -->\n<title>Trabajadores\/as de Thermo Fisher en Suiza luchan para conservar sus trabajos - industriall-union<\/title>\n<meta name=\"description\" content=\"Esta acci\u00f3n de protesta cuenta con la participaci\u00f3n de unos 130 miembros de la fuerza de trabajo de la planta se\u00f1alada.El convenio anterior, que se logr\u00f3\" \/>\n<meta name=\"robots\" content=\"index, follow, max-snippet:-1, max-image-preview:large, max-video-preview:-1\" \/>\n<link rel=\"canonical\" href=\"https:\/\/admin.industriall-union.org\/es\/trabajadores-as-de-thermo-fisher-en-suiza-luchan-para-conservar-sus-trabajos\/\" \/>\n<meta property=\"og:locale\" content=\"es_ES\" \/>\n<meta property=\"og:type\" content=\"article\" \/>\n<meta property=\"og:title\" content=\"Trabajadores\/as de Thermo Fisher en Suiza luchan para conservar sus trabajos\" \/>\n<meta property=\"og:description\" content=\"Esta acci\u00f3n de protesta cuenta con la participaci\u00f3n de unos 130 miembros de la fuerza de trabajo de la planta se\u00f1alada.El convenio anterior, que se logr\u00f3\" \/>\n<meta property=\"og:url\" content=\"https:\/\/admin.industriall-union.org\/es\/trabajadores-as-de-thermo-fisher-en-suiza-luchan-para-conservar-sus-trabajos\/\" \/>\n<meta property=\"og:site_name\" content=\"industriall-union\" \/>\n<meta property=\"article:modified_time\" content=\"2025-02-05T13:00:10+00:00\" \/>\n<meta name=\"twitter:card\" content=\"summary_large_image\" \/>\n<meta name=\"twitter:label1\" content=\"Est. reading time\" \/>\n\t<meta name=\"twitter:data1\" content=\"2 minutes\" \/>\n<script type=\"application\/ld+json\" class=\"yoast-schema-graph\">{\"@context\":\"https:\/\/schema.org\",\"@graph\":[{\"@type\":\"WebPage\",\"@id\":\"https:\/\/admin.industriall-union.org\/es\/trabajadores-as-de-thermo-fisher-en-suiza-luchan-para-conservar-sus-trabajos\/\",\"url\":\"https:\/\/admin.industriall-union.org\/es\/trabajadores-as-de-thermo-fisher-en-suiza-luchan-para-conservar-sus-trabajos\/\",\"name\":\"Trabajadores\/as de Thermo Fisher en Suiza luchan para conservar sus trabajos - industriall-union\",\"isPartOf\":{\"@id\":\"https:\/\/admin.industriall-union.org\/#website\"},\"datePublished\":\"2017-04-25T15:49:06+00:00\",\"dateModified\":\"2025-02-05T13:00:10+00:00\",\"description\":\"Esta acci\u00f3n de protesta cuenta con la participaci\u00f3n de unos 130 miembros de la fuerza de trabajo de la planta se\u00f1alada.El convenio anterior, que se logr\u00f3\",\"breadcrumb\":{\"@id\":\"https:\/\/admin.industriall-union.org\/es\/trabajadores-as-de-thermo-fisher-en-suiza-luchan-para-conservar-sus-trabajos\/#breadcrumb\"},\"inLanguage\":\"es-ES\",\"potentialAction\":[{\"@type\":\"ReadAction\",\"target\":[\"https:\/\/admin.industriall-union.org\/es\/trabajadores-as-de-thermo-fisher-en-suiza-luchan-para-conservar-sus-trabajos\/\"]}]},{\"@type\":\"BreadcrumbList\",\"@id\":\"https:\/\/admin.industriall-union.org\/es\/trabajadores-as-de-thermo-fisher-en-suiza-luchan-para-conservar-sus-trabajos\/#breadcrumb\",\"itemListElement\":[{\"@type\":\"ListItem\",\"position\":1,\"name\":\"Home\",\"item\":\"https:\/\/admin.industriall-union.org\/\"},{\"@type\":\"ListItem\",\"position\":2,\"name\":\"Articles\",\"item\":\"https:\/\/admin.industriall-union.org\/article\/\"},{\"@type\":\"ListItem\",\"position\":3,\"name\":\"Trabajadores\/as de Thermo Fisher en Suiza luchan para conservar sus trabajos\"}]},{\"@type\":\"WebSite\",\"@id\":\"https:\/\/admin.industriall-union.org\/#website\",\"url\":\"https:\/\/admin.industriall-union.org\/\",\"name\":\"industriall-union\",\"description\":\"\",\"potentialAction\":[{\"@type\":\"SearchAction\",\"target\":{\"@type\":\"EntryPoint\",\"urlTemplate\":\"https:\/\/admin.industriall-union.org\/?s={search_term_string}\"},\"query-input\":{\"@type\":\"PropertyValueSpecification\",\"valueRequired\":true,\"valueName\":\"search_term_string\"}}],\"inLanguage\":\"es-ES\"}]}<\/script>\n<!-- \/ Yoast SEO Premium plugin. -->","yoast_head_json":{"title":"Trabajadores\/as de Thermo Fisher en Suiza luchan para conservar sus trabajos - industriall-union","description":"Esta acci\u00f3n de protesta cuenta con la participaci\u00f3n de unos 130 miembros de la fuerza de trabajo de la planta se\u00f1alada.El convenio anterior, que se logr\u00f3","robots":{"index":"index","follow":"follow","max-snippet":"max-snippet:-1","max-image-preview":"max-image-preview:large","max-video-preview":"max-video-preview:-1"},"canonical":"https:\/\/admin.industriall-union.org\/es\/trabajadores-as-de-thermo-fisher-en-suiza-luchan-para-conservar-sus-trabajos\/","og_locale":"es_ES","og_type":"article","og_title":"Trabajadores\/as de Thermo Fisher en Suiza luchan para conservar sus trabajos","og_description":"Esta acci\u00f3n de protesta cuenta con la participaci\u00f3n de unos 130 miembros de la fuerza de trabajo de la planta se\u00f1alada.El convenio anterior, que se logr\u00f3","og_url":"https:\/\/admin.industriall-union.org\/es\/trabajadores-as-de-thermo-fisher-en-suiza-luchan-para-conservar-sus-trabajos\/","og_site_name":"industriall-union","article_modified_time":"2025-02-05T13:00:10+00:00","twitter_card":"summary_large_image","twitter_misc":{"Est. reading time":"2 minutes"},"schema":{"@context":"https:\/\/schema.org","@graph":[{"@type":"WebPage","@id":"https:\/\/admin.industriall-union.org\/es\/trabajadores-as-de-thermo-fisher-en-suiza-luchan-para-conservar-sus-trabajos\/","url":"https:\/\/admin.industriall-union.org\/es\/trabajadores-as-de-thermo-fisher-en-suiza-luchan-para-conservar-sus-trabajos\/","name":"Trabajadores\/as de Thermo Fisher en Suiza luchan para conservar sus trabajos - industriall-union","isPartOf":{"@id":"https:\/\/admin.industriall-union.org\/#website"},"datePublished":"2017-04-25T15:49:06+00:00","dateModified":"2025-02-05T13:00:10+00:00","description":"Esta acci\u00f3n de protesta cuenta con la participaci\u00f3n de unos 130 miembros de la fuerza de trabajo de la planta se\u00f1alada.El convenio anterior, que se logr\u00f3","breadcrumb":{"@id":"https:\/\/admin.industriall-union.org\/es\/trabajadores-as-de-thermo-fisher-en-suiza-luchan-para-conservar-sus-trabajos\/#breadcrumb"},"inLanguage":"es-ES","potentialAction":[{"@type":"ReadAction","target":["https:\/\/admin.industriall-union.org\/es\/trabajadores-as-de-thermo-fisher-en-suiza-luchan-para-conservar-sus-trabajos\/"]}]},{"@type":"BreadcrumbList","@id":"https:\/\/admin.industriall-union.org\/es\/trabajadores-as-de-thermo-fisher-en-suiza-luchan-para-conservar-sus-trabajos\/#breadcrumb","itemListElement":[{"@type":"ListItem","position":1,"name":"Home","item":"https:\/\/admin.industriall-union.org\/"},{"@type":"ListItem","position":2,"name":"Articles","item":"https:\/\/admin.industriall-union.org\/article\/"},{"@type":"ListItem","position":3,"name":"Trabajadores\/as de Thermo Fisher en Suiza luchan para conservar sus trabajos"}]},{"@type":"WebSite","@id":"https:\/\/admin.industriall-union.org\/#website","url":"https:\/\/admin.industriall-union.org\/","name":"industriall-union","description":"","potentialAction":[{"@type":"SearchAction","target":{"@type":"EntryPoint","urlTemplate":"https:\/\/admin.industriall-union.org\/?s={search_term_string}"},"query-input":{"@type":"PropertyValueSpecification","valueRequired":true,"valueName":"search_term_string"}}],"inLanguage":"es-ES"}]}},"_links":{"self":[{"href":"https:\/\/admin.industriall-union.org\/es\/wp-json\/wp\/v2\/article\/164935","targetHints":{"allow":["GET"]}}],"collection":[{"href":"https:\/\/admin.industriall-union.org\/es\/wp-json\/wp\/v2\/article"}],"about":[{"href":"https:\/\/admin.industriall-union.org\/es\/wp-json\/wp\/v2\/types\/article"}],"wp:attachment":[{"href":"https:\/\/admin.industriall-union.org\/es\/wp-json\/wp\/v2\/media?parent=164935"}],"wp:term":[{"taxonomy":"issues","embeddable":true,"href":"https:\/\/admin.industriall-union.org\/es\/wp-json\/wp\/v2\/issues?post=164935"},{"taxonomy":"companies","embeddable":true,"href":"https:\/\/admin.industriall-union.org\/es\/wp-json\/wp\/v2\/companies?post=164935"},{"taxonomy":"regions","embeddable":true,"href":"https:\/\/admin.industriall-union.org\/es\/wp-json\/wp\/v2\/regions?post=164935"},{"taxonomy":"sectors","embeddable":true,"href":"https:\/\/admin.industriall-union.org\/es\/wp-json\/wp\/v2\/sectors?post=164935"},{"taxonomy":"article_tags","embeddable":true,"href":"https:\/\/admin.industriall-union.org\/es\/wp-json\/wp\/v2\/article_tags?post=164935"}],"curies":[{"name":"wp","href":"https:\/\/api.w.org\/{rel}","templated":true}]}}