{"id":164890,"date":"2017-05-04T16:26:17","date_gmt":"2017-05-04T16:26:17","guid":{"rendered":"https:\/\/admin.industriall-union.org\/sindicatos-mundiales-deciden-por-dialogo-firme-con-lafargeholcim\/"},"modified":"2025-02-05T12:35:42","modified_gmt":"2025-02-05T12:35:42","slug":"sindicatos-mundiales-deciden-por-dialogo-firme-con-lafargeholcim","status":"publish","type":"article","link":"https:\/\/admin.industriall-union.org\/es\/sindicatos-mundiales-deciden-por-dialogo-firme-con-lafargeholcim\/","title":{"rendered":"Sindicatos mundiales deciden por di\u00e1logo firme con LafargeHolcim"},"content":{"rendered":"<p>Unos 40 activistas de Italia, B\u00e9lgica, Alemania, Austria, Suiza y Francia, as\u00ed como dirigentes de IndustriALL y de la ICM, se unieron frente a la entrada de Hallenstadion en Zurich, Suiza, para reunirse con los accionistas de LafargeHolcim y darles a conocer las negociaciones en curso&nbsp;sobre el Acuerdo Marco Global, prometiendo su apoyo. Mientras distribu\u00edan folletos a los asistentes, los delegados sindicales tambi\u00e9n explicaban las razones de su presencia en esa ocasi\u00f3n.<\/p><p>LafargeHolcim es la m\u00e1s importante empresa del mundo en el sector del cemento, sin embargo 2016 fue un a\u00f1o sombr\u00edo en lo que se refiere a la salud y seguridad en las instalaciones de la empresa: 86 trabajadores perdieron la vida mientras trabajaban para la empresa, como empleados directos, subcontratados o contratistas.&nbsp;Estas alarmantes cifras indican que se requiere una mejor colaboraci\u00f3n entre la empresa y los sindicatos, no s\u00f3lo en cuanto a salud y seguridad, sino tambi\u00e9n para mejorar la situaci\u00f3n general de los empleados.<\/p><p>Los sindicatos mundiales insisten en que la situaci\u00f3n puede y debe mejorar mediante la creaci\u00f3n de una plataforma especial para interacci\u00f3n entre los trabajadores, sus representantes y la administraci\u00f3n de la empresa.&nbsp;Los Acuerdos Marco Globales y Foros de Di\u00e1logo Global frecuentemente se prestan muy bien para esto.<\/p><p>En la actualidad, la administraci\u00f3n corporativa de LafargeHolcim se halla en proceso de negociaci\u00f3n para alcanzar un Acuerdo Marco Global con IndustriALL y la ICM, sin embargo no se avanza con la velocidad necesaria.&nbsp;En particular, los sindicatos manifestaron su satisfacci\u00f3n al saber que en la asamblea anual de accionistas el director general de la compa\u00f1\u00eda se comprometi\u00f3 a finalizar y firmar el Acuerdo Marco Global antes de dejar la empresa en julio de 2017.<\/p><p>Adem\u00e1s de las cuestiones de salud y seguridad, lo m\u00e1s fundamental de las negociaciones en curso, tanto para IndustriALL como para la ICM, sigue siendo la cuesti\u00f3n del Foro de Di\u00e1logo Mundial o del Comit\u00e9 de Empresa Mundial, an\u00e1loga al reciente acuerdo sobre el Comit\u00e9 de Empresa Europeo.&nbsp;Tambi\u00e9n quedan pendientes algunos asuntos m\u00e1s.<\/p><p>Por su parte, Matthias Hartwich, Director del Sector de Materiales de IndustriALL, se\u00f1al\u00f3:<\/p><blockquote><p>Nos alegramos que LafargeHolcim est\u00e9 tomando en serio nuestras reivindicaciones y que est\u00e9 dispuesta a entrar en negociaciones.&nbsp;Confiamos en la promesa del Director General de la compa\u00f1\u00eda. Esperamos que el proceso finalice con \u00e9xito muy pronto y que tengamos una plataforma concreta para llevar un di\u00e1logo d\u00eda a d\u00eda entre los trabajadores y la administraci\u00f3n de la empresa a todo nivel.<\/p><\/blockquote>","protected":false},"featured_media":0,"template":"","issues":[402,409,425],"companies":[68,86],"regions":[248],"sectors":[485],"article_tags":[],"class_list":["post-164890","article","type-article","status-publish","hentry","issues-health-and-safety","issues-multinational-companies-mncs","issues-workers-rights","companies-holcim","companies-lafarge","regions-switzerland","sectors-cement"],"acf":[],"yoast_head":"<!-- This site is optimized with the Yoast SEO Premium plugin v27.1 (Yoast SEO v27.1) - https:\/\/yoast.com\/product\/yoast-seo-premium-wordpress\/ -->\n<title>Sindicatos mundiales deciden por di\u00e1logo firme con LafargeHolcim - industriall-union<\/title>\n<meta name=\"description\" content=\"Unos 40 activistas de Italia, B\u00e9lgica, Alemania, Austria, Suiza y Francia, as\u00ed como dirigentes de IndustriALL y de la ICM, se unieron frente a la entrada\" \/>\n<meta name=\"robots\" content=\"index, follow, max-snippet:-1, max-image-preview:large, max-video-preview:-1\" \/>\n<link rel=\"canonical\" href=\"https:\/\/admin.industriall-union.org\/es\/sindicatos-mundiales-deciden-por-dialogo-firme-con-lafargeholcim\/\" \/>\n<meta property=\"og:locale\" content=\"es_ES\" \/>\n<meta property=\"og:type\" content=\"article\" \/>\n<meta property=\"og:title\" content=\"Sindicatos mundiales deciden por di\u00e1logo firme con LafargeHolcim\" \/>\n<meta property=\"og:description\" content=\"Unos 40 activistas de Italia, B\u00e9lgica, Alemania, Austria, Suiza y Francia, as\u00ed como dirigentes de IndustriALL y de la ICM, se unieron frente a la entrada\" \/>\n<meta property=\"og:url\" content=\"https:\/\/admin.industriall-union.org\/es\/sindicatos-mundiales-deciden-por-dialogo-firme-con-lafargeholcim\/\" \/>\n<meta property=\"og:site_name\" content=\"industriall-union\" \/>\n<meta property=\"article:modified_time\" content=\"2025-02-05T12:35:42+00:00\" \/>\n<meta name=\"twitter:card\" content=\"summary_large_image\" \/>\n<meta name=\"twitter:label1\" content=\"Est. reading time\" \/>\n\t<meta name=\"twitter:data1\" content=\"2 minutes\" \/>\n<script type=\"application\/ld+json\" class=\"yoast-schema-graph\">{\"@context\":\"https:\/\/schema.org\",\"@graph\":[{\"@type\":\"WebPage\",\"@id\":\"https:\/\/admin.industriall-union.org\/es\/sindicatos-mundiales-deciden-por-dialogo-firme-con-lafargeholcim\/\",\"url\":\"https:\/\/admin.industriall-union.org\/es\/sindicatos-mundiales-deciden-por-dialogo-firme-con-lafargeholcim\/\",\"name\":\"Sindicatos mundiales deciden por di\u00e1logo firme con LafargeHolcim - industriall-union\",\"isPartOf\":{\"@id\":\"https:\/\/admin.industriall-union.org\/ru\/#website\"},\"datePublished\":\"2017-05-04T16:26:17+00:00\",\"dateModified\":\"2025-02-05T12:35:42+00:00\",\"description\":\"Unos 40 activistas de Italia, B\u00e9lgica, Alemania, Austria, Suiza y Francia, as\u00ed como dirigentes de IndustriALL y de la ICM, se unieron frente a la entrada\",\"breadcrumb\":{\"@id\":\"https:\/\/admin.industriall-union.org\/es\/sindicatos-mundiales-deciden-por-dialogo-firme-con-lafargeholcim\/#breadcrumb\"},\"inLanguage\":\"es-ES\",\"potentialAction\":[{\"@type\":\"ReadAction\",\"target\":[\"https:\/\/admin.industriall-union.org\/es\/sindicatos-mundiales-deciden-por-dialogo-firme-con-lafargeholcim\/\"]}]},{\"@type\":\"BreadcrumbList\",\"@id\":\"https:\/\/admin.industriall-union.org\/es\/sindicatos-mundiales-deciden-por-dialogo-firme-con-lafargeholcim\/#breadcrumb\",\"itemListElement\":[{\"@type\":\"ListItem\",\"position\":1,\"name\":\"Home\",\"item\":\"https:\/\/admin.industriall-union.org\/ru\/\"},{\"@type\":\"ListItem\",\"position\":2,\"name\":\"Articles\",\"item\":\"https:\/\/admin.industriall-union.org\/ru\/article\/\"},{\"@type\":\"ListItem\",\"position\":3,\"name\":\"Sindicatos mundiales deciden por di\u00e1logo firme con LafargeHolcim\"}]},{\"@type\":\"WebSite\",\"@id\":\"https:\/\/admin.industriall-union.org\/ru\/#website\",\"url\":\"https:\/\/admin.industriall-union.org\/ru\/\",\"name\":\"industriall-union\",\"description\":\"\",\"potentialAction\":[{\"@type\":\"SearchAction\",\"target\":{\"@type\":\"EntryPoint\",\"urlTemplate\":\"https:\/\/admin.industriall-union.org\/ru\/?s={search_term_string}\"},\"query-input\":{\"@type\":\"PropertyValueSpecification\",\"valueRequired\":true,\"valueName\":\"search_term_string\"}}],\"inLanguage\":\"es-ES\"}]}<\/script>\n<!-- \/ Yoast SEO Premium plugin. -->","yoast_head_json":{"title":"Sindicatos mundiales deciden por di\u00e1logo firme con LafargeHolcim - industriall-union","description":"Unos 40 activistas de Italia, B\u00e9lgica, Alemania, Austria, Suiza y Francia, as\u00ed como dirigentes de IndustriALL y de la ICM, se unieron frente a la entrada","robots":{"index":"index","follow":"follow","max-snippet":"max-snippet:-1","max-image-preview":"max-image-preview:large","max-video-preview":"max-video-preview:-1"},"canonical":"https:\/\/admin.industriall-union.org\/es\/sindicatos-mundiales-deciden-por-dialogo-firme-con-lafargeholcim\/","og_locale":"es_ES","og_type":"article","og_title":"Sindicatos mundiales deciden por di\u00e1logo firme con LafargeHolcim","og_description":"Unos 40 activistas de Italia, B\u00e9lgica, Alemania, Austria, Suiza y Francia, as\u00ed como dirigentes de IndustriALL y de la ICM, se unieron frente a la entrada","og_url":"https:\/\/admin.industriall-union.org\/es\/sindicatos-mundiales-deciden-por-dialogo-firme-con-lafargeholcim\/","og_site_name":"industriall-union","article_modified_time":"2025-02-05T12:35:42+00:00","twitter_card":"summary_large_image","twitter_misc":{"Est. reading time":"2 minutes"},"schema":{"@context":"https:\/\/schema.org","@graph":[{"@type":"WebPage","@id":"https:\/\/admin.industriall-union.org\/es\/sindicatos-mundiales-deciden-por-dialogo-firme-con-lafargeholcim\/","url":"https:\/\/admin.industriall-union.org\/es\/sindicatos-mundiales-deciden-por-dialogo-firme-con-lafargeholcim\/","name":"Sindicatos mundiales deciden por di\u00e1logo firme con LafargeHolcim - industriall-union","isPartOf":{"@id":"https:\/\/admin.industriall-union.org\/ru\/#website"},"datePublished":"2017-05-04T16:26:17+00:00","dateModified":"2025-02-05T12:35:42+00:00","description":"Unos 40 activistas de Italia, B\u00e9lgica, Alemania, Austria, Suiza y Francia, as\u00ed como dirigentes de IndustriALL y de la ICM, se unieron frente a la entrada","breadcrumb":{"@id":"https:\/\/admin.industriall-union.org\/es\/sindicatos-mundiales-deciden-por-dialogo-firme-con-lafargeholcim\/#breadcrumb"},"inLanguage":"es-ES","potentialAction":[{"@type":"ReadAction","target":["https:\/\/admin.industriall-union.org\/es\/sindicatos-mundiales-deciden-por-dialogo-firme-con-lafargeholcim\/"]}]},{"@type":"BreadcrumbList","@id":"https:\/\/admin.industriall-union.org\/es\/sindicatos-mundiales-deciden-por-dialogo-firme-con-lafargeholcim\/#breadcrumb","itemListElement":[{"@type":"ListItem","position":1,"name":"Home","item":"https:\/\/admin.industriall-union.org\/ru\/"},{"@type":"ListItem","position":2,"name":"Articles","item":"https:\/\/admin.industriall-union.org\/ru\/article\/"},{"@type":"ListItem","position":3,"name":"Sindicatos mundiales deciden por di\u00e1logo firme con LafargeHolcim"}]},{"@type":"WebSite","@id":"https:\/\/admin.industriall-union.org\/ru\/#website","url":"https:\/\/admin.industriall-union.org\/ru\/","name":"industriall-union","description":"","potentialAction":[{"@type":"SearchAction","target":{"@type":"EntryPoint","urlTemplate":"https:\/\/admin.industriall-union.org\/ru\/?s={search_term_string}"},"query-input":{"@type":"PropertyValueSpecification","valueRequired":true,"valueName":"search_term_string"}}],"inLanguage":"es-ES"}]}},"_links":{"self":[{"href":"https:\/\/admin.industriall-union.org\/es\/wp-json\/wp\/v2\/article\/164890","targetHints":{"allow":["GET"]}}],"collection":[{"href":"https:\/\/admin.industriall-union.org\/es\/wp-json\/wp\/v2\/article"}],"about":[{"href":"https:\/\/admin.industriall-union.org\/es\/wp-json\/wp\/v2\/types\/article"}],"wp:attachment":[{"href":"https:\/\/admin.industriall-union.org\/es\/wp-json\/wp\/v2\/media?parent=164890"}],"wp:term":[{"taxonomy":"issues","embeddable":true,"href":"https:\/\/admin.industriall-union.org\/es\/wp-json\/wp\/v2\/issues?post=164890"},{"taxonomy":"companies","embeddable":true,"href":"https:\/\/admin.industriall-union.org\/es\/wp-json\/wp\/v2\/companies?post=164890"},{"taxonomy":"regions","embeddable":true,"href":"https:\/\/admin.industriall-union.org\/es\/wp-json\/wp\/v2\/regions?post=164890"},{"taxonomy":"sectors","embeddable":true,"href":"https:\/\/admin.industriall-union.org\/es\/wp-json\/wp\/v2\/sectors?post=164890"},{"taxonomy":"article_tags","embeddable":true,"href":"https:\/\/admin.industriall-union.org\/es\/wp-json\/wp\/v2\/article_tags?post=164890"}],"curies":[{"name":"wp","href":"https:\/\/api.w.org\/{rel}","templated":true}]}}