{"id":164838,"date":"2017-05-10T15:53:19","date_gmt":"2017-05-10T15:53:19","guid":{"rendered":"https:\/\/admin.industriall-union.org\/un-dirigente-sindical-de-argelia-apela-la-sentencia-de-prision\/"},"modified":"2025-02-05T12:23:37","modified_gmt":"2025-02-05T12:23:37","slug":"un-dirigente-sindical-de-argelia-apela-la-sentencia-de-prision","status":"publish","type":"article","link":"https:\/\/admin.industriall-union.org\/es\/un-dirigente-sindical-de-argelia-apela-la-sentencia-de-prision\/","title":{"rendered":"Un dirigente sindical de Argelia apela la sentencia de prisi\u00f3n"},"content":{"rendered":"<p>Raouf, presidente del afiliado a la IndustriALL el sindicato de trabajadores de la electricidad y el gas (SNATEGS), fue condenado en rebeld\u00eda el 16 de diciembre de 2016 a seis meses de prisi\u00f3n y a una multa de 50.000 dinares argelinos (455 $ EE.UU.), acusado de obtener ilegalmente documentos. En esos documentos, que pod\u00edan conseguirse f\u00e1cilmente en l\u00ednea, se expon\u00eda la inflaci\u00f3n il\u00edcita de facturas de electricidad por Sonelgaz durante un per\u00edodo de diez a\u00f1os, que ha afectado a ocho millones de clientes.<\/p><p>La IndustriALL ha escrito de nuevo al presidente de Argelia condenando la sentencia. &ldquo;Est\u00e1 claro que esta persecuci\u00f3n judicial es incompatible con la ley argelina, y especialmente con los derechos fundamentales estipulados por la Organizaci\u00f3n Internacional del Trabajo&rdquo;, escribi\u00f3 el secretario general de la IndustriALL, Valter Sanches, que agreg\u00f3: &ldquo;Le instamos a que abandone inmediata e incondicionalmente todos los cargos contra \u00e9l.&rdquo;<\/p><p>Los trabajadores de Sonelgaz est\u00e1n actualmente en huelga nacional de tres d\u00edas contra Sonelgaz, del 9 al 11 de mayo. Los huelguistas exigen libertades sindicales y apoyan la apelaci\u00f3n del presidente de SNATEGS, Raouf.<\/p><p>Dirigentes y miembros del SNATEGS son objeto frecuentemente de agresiones f\u00edsicas y persecuciones, como lo prueba la reciente oleada de detenciones tras las manifestaciones pac\u00edficas de 21 al 23 de marzo, en las que m\u00e1s de 240 dirigentes y miembros sindicales fueron detenidos y 30 mujeres fueron agredidas f\u00edsicamente.<\/p><p>M\u00e1s recientemente, unos 40 delegados sindicales del SNATEGS en cinco provincias fueron convocados a audiencias disciplinarias por Sonelgaz por participar en una huelga leg\u00edtima.<\/p><p>In 2015, Raouf fue despedido injustamente por sus actividades sindicales y sigue padeciendo la represi\u00f3n de Sonelgaz, que ha presentado hace poco una denuncia contra \u00e9l a la Orden de los Abogados, por lo que puede ser excluido de la Asociaci\u00f3n de Abogados nacional. Raouf ha logrado establecer SNATEGS en 27 regiones de Argelia y organizar a unos 30.000 trabajadores.<\/p>","protected":false},"featured_media":0,"template":"","issues":[422],"companies":[],"regions":[289,288],"sectors":[483],"article_tags":[],"class_list":["post-164838","article","type-article","status-publish","hentry","issues-human-trade-union-rights","regions-algeria","regions-middle-east-and-north-africa","sectors-energy-oil-gas-electricity-and-nuclear"],"acf":[],"yoast_head":"<!-- This site is optimized with the Yoast SEO Premium plugin v27.1 (Yoast SEO v27.1) - https:\/\/yoast.com\/product\/yoast-seo-premium-wordpress\/ -->\n<title>Un dirigente sindical de Argelia apela la sentencia de prisi\u00f3n - industriall-union<\/title>\n<meta name=\"description\" content=\"Raouf, presidente del afiliado a la IndustriALL el sindicato de trabajadores de la electricidad y el gas (SNATEGS), fue condenado en rebeld\u00eda el 16 de\" \/>\n<meta name=\"robots\" content=\"index, follow, max-snippet:-1, max-image-preview:large, max-video-preview:-1\" \/>\n<link rel=\"canonical\" href=\"https:\/\/admin.industriall-union.org\/es\/un-dirigente-sindical-de-argelia-apela-la-sentencia-de-prision\/\" \/>\n<meta property=\"og:locale\" content=\"es_ES\" \/>\n<meta property=\"og:type\" content=\"article\" \/>\n<meta property=\"og:title\" content=\"Un dirigente sindical de Argelia apela la sentencia de prisi\u00f3n\" \/>\n<meta property=\"og:description\" content=\"Raouf, presidente del afiliado a la IndustriALL el sindicato de trabajadores de la electricidad y el gas (SNATEGS), fue condenado en rebeld\u00eda el 16 de\" \/>\n<meta property=\"og:url\" content=\"https:\/\/admin.industriall-union.org\/es\/un-dirigente-sindical-de-argelia-apela-la-sentencia-de-prision\/\" \/>\n<meta property=\"og:site_name\" content=\"industriall-union\" \/>\n<meta property=\"article:modified_time\" content=\"2025-02-05T12:23:37+00:00\" \/>\n<meta name=\"twitter:card\" content=\"summary_large_image\" \/>\n<meta name=\"twitter:label1\" content=\"Est. reading time\" \/>\n\t<meta name=\"twitter:data1\" content=\"2 minutes\" \/>\n<script type=\"application\/ld+json\" class=\"yoast-schema-graph\">{\"@context\":\"https:\/\/schema.org\",\"@graph\":[{\"@type\":\"WebPage\",\"@id\":\"https:\/\/admin.industriall-union.org\/es\/un-dirigente-sindical-de-argelia-apela-la-sentencia-de-prision\/\",\"url\":\"https:\/\/admin.industriall-union.org\/es\/un-dirigente-sindical-de-argelia-apela-la-sentencia-de-prision\/\",\"name\":\"Un dirigente sindical de Argelia apela la sentencia de prisi\u00f3n - industriall-union\",\"isPartOf\":{\"@id\":\"https:\/\/admin.industriall-union.org\/#website\"},\"datePublished\":\"2017-05-10T15:53:19+00:00\",\"dateModified\":\"2025-02-05T12:23:37+00:00\",\"description\":\"Raouf, presidente del afiliado a la IndustriALL el sindicato de trabajadores de la electricidad y el gas (SNATEGS), fue condenado en rebeld\u00eda el 16 de\",\"breadcrumb\":{\"@id\":\"https:\/\/admin.industriall-union.org\/es\/un-dirigente-sindical-de-argelia-apela-la-sentencia-de-prision\/#breadcrumb\"},\"inLanguage\":\"es-ES\",\"potentialAction\":[{\"@type\":\"ReadAction\",\"target\":[\"https:\/\/admin.industriall-union.org\/es\/un-dirigente-sindical-de-argelia-apela-la-sentencia-de-prision\/\"]}]},{\"@type\":\"BreadcrumbList\",\"@id\":\"https:\/\/admin.industriall-union.org\/es\/un-dirigente-sindical-de-argelia-apela-la-sentencia-de-prision\/#breadcrumb\",\"itemListElement\":[{\"@type\":\"ListItem\",\"position\":1,\"name\":\"Home\",\"item\":\"https:\/\/admin.industriall-union.org\/\"},{\"@type\":\"ListItem\",\"position\":2,\"name\":\"Articles\",\"item\":\"https:\/\/admin.industriall-union.org\/article\/\"},{\"@type\":\"ListItem\",\"position\":3,\"name\":\"Un dirigente sindical de Argelia apela la sentencia de prisi\u00f3n\"}]},{\"@type\":\"WebSite\",\"@id\":\"https:\/\/admin.industriall-union.org\/#website\",\"url\":\"https:\/\/admin.industriall-union.org\/\",\"name\":\"industriall-union\",\"description\":\"\",\"potentialAction\":[{\"@type\":\"SearchAction\",\"target\":{\"@type\":\"EntryPoint\",\"urlTemplate\":\"https:\/\/admin.industriall-union.org\/?s={search_term_string}\"},\"query-input\":{\"@type\":\"PropertyValueSpecification\",\"valueRequired\":true,\"valueName\":\"search_term_string\"}}],\"inLanguage\":\"es-ES\"}]}<\/script>\n<!-- \/ Yoast SEO Premium plugin. -->","yoast_head_json":{"title":"Un dirigente sindical de Argelia apela la sentencia de prisi\u00f3n - industriall-union","description":"Raouf, presidente del afiliado a la IndustriALL el sindicato de trabajadores de la electricidad y el gas (SNATEGS), fue condenado en rebeld\u00eda el 16 de","robots":{"index":"index","follow":"follow","max-snippet":"max-snippet:-1","max-image-preview":"max-image-preview:large","max-video-preview":"max-video-preview:-1"},"canonical":"https:\/\/admin.industriall-union.org\/es\/un-dirigente-sindical-de-argelia-apela-la-sentencia-de-prision\/","og_locale":"es_ES","og_type":"article","og_title":"Un dirigente sindical de Argelia apela la sentencia de prisi\u00f3n","og_description":"Raouf, presidente del afiliado a la IndustriALL el sindicato de trabajadores de la electricidad y el gas (SNATEGS), fue condenado en rebeld\u00eda el 16 de","og_url":"https:\/\/admin.industriall-union.org\/es\/un-dirigente-sindical-de-argelia-apela-la-sentencia-de-prision\/","og_site_name":"industriall-union","article_modified_time":"2025-02-05T12:23:37+00:00","twitter_card":"summary_large_image","twitter_misc":{"Est. reading time":"2 minutes"},"schema":{"@context":"https:\/\/schema.org","@graph":[{"@type":"WebPage","@id":"https:\/\/admin.industriall-union.org\/es\/un-dirigente-sindical-de-argelia-apela-la-sentencia-de-prision\/","url":"https:\/\/admin.industriall-union.org\/es\/un-dirigente-sindical-de-argelia-apela-la-sentencia-de-prision\/","name":"Un dirigente sindical de Argelia apela la sentencia de prisi\u00f3n - industriall-union","isPartOf":{"@id":"https:\/\/admin.industriall-union.org\/#website"},"datePublished":"2017-05-10T15:53:19+00:00","dateModified":"2025-02-05T12:23:37+00:00","description":"Raouf, presidente del afiliado a la IndustriALL el sindicato de trabajadores de la electricidad y el gas (SNATEGS), fue condenado en rebeld\u00eda el 16 de","breadcrumb":{"@id":"https:\/\/admin.industriall-union.org\/es\/un-dirigente-sindical-de-argelia-apela-la-sentencia-de-prision\/#breadcrumb"},"inLanguage":"es-ES","potentialAction":[{"@type":"ReadAction","target":["https:\/\/admin.industriall-union.org\/es\/un-dirigente-sindical-de-argelia-apela-la-sentencia-de-prision\/"]}]},{"@type":"BreadcrumbList","@id":"https:\/\/admin.industriall-union.org\/es\/un-dirigente-sindical-de-argelia-apela-la-sentencia-de-prision\/#breadcrumb","itemListElement":[{"@type":"ListItem","position":1,"name":"Home","item":"https:\/\/admin.industriall-union.org\/"},{"@type":"ListItem","position":2,"name":"Articles","item":"https:\/\/admin.industriall-union.org\/article\/"},{"@type":"ListItem","position":3,"name":"Un dirigente sindical de Argelia apela la sentencia de prisi\u00f3n"}]},{"@type":"WebSite","@id":"https:\/\/admin.industriall-union.org\/#website","url":"https:\/\/admin.industriall-union.org\/","name":"industriall-union","description":"","potentialAction":[{"@type":"SearchAction","target":{"@type":"EntryPoint","urlTemplate":"https:\/\/admin.industriall-union.org\/?s={search_term_string}"},"query-input":{"@type":"PropertyValueSpecification","valueRequired":true,"valueName":"search_term_string"}}],"inLanguage":"es-ES"}]}},"_links":{"self":[{"href":"https:\/\/admin.industriall-union.org\/es\/wp-json\/wp\/v2\/article\/164838","targetHints":{"allow":["GET"]}}],"collection":[{"href":"https:\/\/admin.industriall-union.org\/es\/wp-json\/wp\/v2\/article"}],"about":[{"href":"https:\/\/admin.industriall-union.org\/es\/wp-json\/wp\/v2\/types\/article"}],"wp:attachment":[{"href":"https:\/\/admin.industriall-union.org\/es\/wp-json\/wp\/v2\/media?parent=164838"}],"wp:term":[{"taxonomy":"issues","embeddable":true,"href":"https:\/\/admin.industriall-union.org\/es\/wp-json\/wp\/v2\/issues?post=164838"},{"taxonomy":"companies","embeddable":true,"href":"https:\/\/admin.industriall-union.org\/es\/wp-json\/wp\/v2\/companies?post=164838"},{"taxonomy":"regions","embeddable":true,"href":"https:\/\/admin.industriall-union.org\/es\/wp-json\/wp\/v2\/regions?post=164838"},{"taxonomy":"sectors","embeddable":true,"href":"https:\/\/admin.industriall-union.org\/es\/wp-json\/wp\/v2\/sectors?post=164838"},{"taxonomy":"article_tags","embeddable":true,"href":"https:\/\/admin.industriall-union.org\/es\/wp-json\/wp\/v2\/article_tags?post=164838"}],"curies":[{"name":"wp","href":"https:\/\/api.w.org\/{rel}","templated":true}]}}