{"id":164829,"date":"2017-05-11T14:44:11","date_gmt":"2017-05-11T14:44:11","guid":{"rendered":"https:\/\/admin.industriall-union.org\/el-sindicalista-coreano-encarcelado-han-sang-gyun-recibe-el-premio-de-la-fnv\/"},"modified":"2025-02-05T12:07:29","modified_gmt":"2025-02-05T12:07:29","slug":"el-sindicalista-coreano-encarcelado-han-sang-gyun-recibe-el-premio-de-la-fnv","status":"publish","type":"article","link":"https:\/\/admin.industriall-union.org\/es\/el-sindicalista-coreano-encarcelado-han-sang-gyun-recibe-el-premio-de-la-fnv\/","title":{"rendered":"El sindicalista coreano encarcelado Han Sang Gyun recibe el premio de la FNV"},"content":{"rendered":"<p>El premio se otorga cada dos a\u00f1os a personas que han hecho una contribuci\u00f3n excepcional a la defensa y la protecci\u00f3n de los derechos sindicales en pa\u00edses donde no hay derechos humanos ni laborales.<\/p><p>El premio <a href=\"https:\/\/www.fnv.nl\/over-fnv\/nieuws\/nieuwsarchief\/2017\/mei\/voorzitter-zuid-koreaanse-vakbond-krijgt-vakbondsrechtenprijs\/\">fue aceptado<\/a> en nombre del presidente Han por el vicepresidente de la KCTU, Lee Sang Jin, porque Han est\u00e1 encarcelado en Corea del Sur por motivos pol\u00edticos. La candidatura del presidente fue presentada por las confederaciones sindicales internacionales la IndustriALL, la FITCM &nbsp;y la UITA.<\/p><p>Han est\u00e1 en prisi\u00f3n desde diciembre de 2015, acusado de organizar manifestaciones antigubernamentales como parte de la campa\u00f1a de la KCTU para impedir&nbsp; que el anterior gobierno Park promulgara reformas laborales neoliberales.<\/p><p>El secretario general de la IndustriALL, Valter Sanches, dijo:<\/p><blockquote><p>&ldquo;Cuando visit\u00e9 al presidente Han en la c\u00e1rcel en noviembre del a\u00f1o pasado, qued\u00e9 impresionado por su humildad, su fortaleza y su compromiso con la lucha por los derechos sindicales y humanos en Corea.<\/p><p>&ldquo;El presidente Han es un hombre valiente que ha sacrificado mucho, y ha inspirado a miles de personas para pasar a la acci\u00f3n. Esa acci\u00f3n ha permitido derrocar y encarcelar a la ex presidenta coreana Park.&rdquo;<\/p><\/blockquote><p>Es una iron\u00eda que la ex presidenta Park Geun-hye y el vicepresidente de Samsung, Lee Jay-yong, est\u00e9n en la misma c\u00e1rcel que Han.<\/p><p>En un <a href=\"\/wp-content\/uploads\/documents\/2017\/KOREA\/hansanggyun_speech_fnv.pdf\">comunicado<\/a> transmitido por el vicepresidente Lee Sang Jin al aceptar el premio, Han dijo:<\/p><blockquote><p>&ldquo;El capitalismo que ha destruido la verdadera democracia y los medios de vida de trabajadores en mi pa\u00eds se ha convertido en una forma m\u00e1s peligrosa y terrible de dictadura que las dictaduras militares de nuestro pasado.<\/p><p>&ldquo;En este clima pol\u00edtico donde se nos ve como enemigos del Estado, la KCTU no puede doblegarse ante el Gobierno simplemente por temor a la represi\u00f3n sindical.<\/p><p>&ldquo;La historia de la KCTU se basa en la lucha por los derechos democr\u00e1ticos, los derechos laborales y los derechos humanos y la resistencia a los ataques del gobierno y de los empleadores. Y hemos seguido conservando este rico legado. Como l\u00edder de la KCTU y representante de la clase trabajadora, para m\u00ed es natural estar en primera l\u00ednea.<\/p><p>&ldquo;Cuando se me inform\u00f3 de que iba a recibir el Premio Sindical Febe Elizabeth Velasquez, al contemplar los peque\u00f1os confines de mi celda, me sent\u00ed sumamente honrado y, a decir verdad, abrumado.&rdquo;<\/p><\/blockquote><p>El premio lleva el nombre de la dirigente sindical salvadore\u00f1a Febe Elizabeth Vel\u00e1squez (1962-1989), que fue asesinada por sus actividades sindicales.<\/p>","protected":false},"featured_media":0,"template":"","issues":[422,420,398],"companies":[],"regions":[155,170],"sectors":[],"article_tags":[],"class_list":["post-164829","article","type-article","status-publish","hentry","issues-human-trade-union-rights","issues-solidarity","issues-union-win","regions-asia-pacific","regions-korea"],"acf":[],"yoast_head":"<!-- This site is optimized with the Yoast SEO Premium plugin v27.1 (Yoast SEO v27.1) - https:\/\/yoast.com\/product\/yoast-seo-premium-wordpress\/ -->\n<title>El sindicalista coreano encarcelado Han Sang Gyun recibe el premio de la FNV - industriall-union<\/title>\n<meta name=\"description\" content=\"El premio se otorga cada dos a\u00f1os a personas que han hecho una contribuci\u00f3n excepcional a la defensa y la protecci\u00f3n de los derechos sindicales en pa\u00edses\" \/>\n<meta name=\"robots\" content=\"index, follow, max-snippet:-1, max-image-preview:large, max-video-preview:-1\" \/>\n<link rel=\"canonical\" href=\"https:\/\/admin.industriall-union.org\/es\/el-sindicalista-coreano-encarcelado-han-sang-gyun-recibe-el-premio-de-la-fnv\/\" \/>\n<meta property=\"og:locale\" content=\"es_ES\" \/>\n<meta property=\"og:type\" content=\"article\" \/>\n<meta property=\"og:title\" content=\"El sindicalista coreano encarcelado Han Sang Gyun recibe el premio de la FNV\" \/>\n<meta property=\"og:description\" content=\"El premio se otorga cada dos a\u00f1os a personas que han hecho una contribuci\u00f3n excepcional a la defensa y la protecci\u00f3n de los derechos sindicales en pa\u00edses\" \/>\n<meta property=\"og:url\" content=\"https:\/\/admin.industriall-union.org\/es\/el-sindicalista-coreano-encarcelado-han-sang-gyun-recibe-el-premio-de-la-fnv\/\" \/>\n<meta property=\"og:site_name\" content=\"industriall-union\" \/>\n<meta property=\"article:modified_time\" content=\"2025-02-05T12:07:29+00:00\" \/>\n<meta name=\"twitter:card\" content=\"summary_large_image\" \/>\n<meta name=\"twitter:label1\" content=\"Est. reading time\" \/>\n\t<meta name=\"twitter:data1\" content=\"2 minutes\" \/>\n<script type=\"application\/ld+json\" class=\"yoast-schema-graph\">{\"@context\":\"https:\/\/schema.org\",\"@graph\":[{\"@type\":\"WebPage\",\"@id\":\"https:\/\/admin.industriall-union.org\/es\/el-sindicalista-coreano-encarcelado-han-sang-gyun-recibe-el-premio-de-la-fnv\/\",\"url\":\"https:\/\/admin.industriall-union.org\/es\/el-sindicalista-coreano-encarcelado-han-sang-gyun-recibe-el-premio-de-la-fnv\/\",\"name\":\"El sindicalista coreano encarcelado Han Sang Gyun recibe el premio de la FNV - industriall-union\",\"isPartOf\":{\"@id\":\"https:\/\/admin.industriall-union.org\/#website\"},\"datePublished\":\"2017-05-11T14:44:11+00:00\",\"dateModified\":\"2025-02-05T12:07:29+00:00\",\"description\":\"El premio se otorga cada dos a\u00f1os a personas que han hecho una contribuci\u00f3n excepcional a la defensa y la protecci\u00f3n de los derechos sindicales en pa\u00edses\",\"breadcrumb\":{\"@id\":\"https:\/\/admin.industriall-union.org\/es\/el-sindicalista-coreano-encarcelado-han-sang-gyun-recibe-el-premio-de-la-fnv\/#breadcrumb\"},\"inLanguage\":\"es-ES\",\"potentialAction\":[{\"@type\":\"ReadAction\",\"target\":[\"https:\/\/admin.industriall-union.org\/es\/el-sindicalista-coreano-encarcelado-han-sang-gyun-recibe-el-premio-de-la-fnv\/\"]}]},{\"@type\":\"BreadcrumbList\",\"@id\":\"https:\/\/admin.industriall-union.org\/es\/el-sindicalista-coreano-encarcelado-han-sang-gyun-recibe-el-premio-de-la-fnv\/#breadcrumb\",\"itemListElement\":[{\"@type\":\"ListItem\",\"position\":1,\"name\":\"Home\",\"item\":\"https:\/\/admin.industriall-union.org\/\"},{\"@type\":\"ListItem\",\"position\":2,\"name\":\"Articles\",\"item\":\"https:\/\/admin.industriall-union.org\/article\/\"},{\"@type\":\"ListItem\",\"position\":3,\"name\":\"El sindicalista coreano encarcelado Han Sang Gyun recibe el premio de la FNV\"}]},{\"@type\":\"WebSite\",\"@id\":\"https:\/\/admin.industriall-union.org\/#website\",\"url\":\"https:\/\/admin.industriall-union.org\/\",\"name\":\"industriall-union\",\"description\":\"\",\"potentialAction\":[{\"@type\":\"SearchAction\",\"target\":{\"@type\":\"EntryPoint\",\"urlTemplate\":\"https:\/\/admin.industriall-union.org\/?s={search_term_string}\"},\"query-input\":{\"@type\":\"PropertyValueSpecification\",\"valueRequired\":true,\"valueName\":\"search_term_string\"}}],\"inLanguage\":\"es-ES\"}]}<\/script>\n<!-- \/ Yoast SEO Premium plugin. -->","yoast_head_json":{"title":"El sindicalista coreano encarcelado Han Sang Gyun recibe el premio de la FNV - industriall-union","description":"El premio se otorga cada dos a\u00f1os a personas que han hecho una contribuci\u00f3n excepcional a la defensa y la protecci\u00f3n de los derechos sindicales en pa\u00edses","robots":{"index":"index","follow":"follow","max-snippet":"max-snippet:-1","max-image-preview":"max-image-preview:large","max-video-preview":"max-video-preview:-1"},"canonical":"https:\/\/admin.industriall-union.org\/es\/el-sindicalista-coreano-encarcelado-han-sang-gyun-recibe-el-premio-de-la-fnv\/","og_locale":"es_ES","og_type":"article","og_title":"El sindicalista coreano encarcelado Han Sang Gyun recibe el premio de la FNV","og_description":"El premio se otorga cada dos a\u00f1os a personas que han hecho una contribuci\u00f3n excepcional a la defensa y la protecci\u00f3n de los derechos sindicales en pa\u00edses","og_url":"https:\/\/admin.industriall-union.org\/es\/el-sindicalista-coreano-encarcelado-han-sang-gyun-recibe-el-premio-de-la-fnv\/","og_site_name":"industriall-union","article_modified_time":"2025-02-05T12:07:29+00:00","twitter_card":"summary_large_image","twitter_misc":{"Est. reading time":"2 minutes"},"schema":{"@context":"https:\/\/schema.org","@graph":[{"@type":"WebPage","@id":"https:\/\/admin.industriall-union.org\/es\/el-sindicalista-coreano-encarcelado-han-sang-gyun-recibe-el-premio-de-la-fnv\/","url":"https:\/\/admin.industriall-union.org\/es\/el-sindicalista-coreano-encarcelado-han-sang-gyun-recibe-el-premio-de-la-fnv\/","name":"El sindicalista coreano encarcelado Han Sang Gyun recibe el premio de la FNV - industriall-union","isPartOf":{"@id":"https:\/\/admin.industriall-union.org\/#website"},"datePublished":"2017-05-11T14:44:11+00:00","dateModified":"2025-02-05T12:07:29+00:00","description":"El premio se otorga cada dos a\u00f1os a personas que han hecho una contribuci\u00f3n excepcional a la defensa y la protecci\u00f3n de los derechos sindicales en pa\u00edses","breadcrumb":{"@id":"https:\/\/admin.industriall-union.org\/es\/el-sindicalista-coreano-encarcelado-han-sang-gyun-recibe-el-premio-de-la-fnv\/#breadcrumb"},"inLanguage":"es-ES","potentialAction":[{"@type":"ReadAction","target":["https:\/\/admin.industriall-union.org\/es\/el-sindicalista-coreano-encarcelado-han-sang-gyun-recibe-el-premio-de-la-fnv\/"]}]},{"@type":"BreadcrumbList","@id":"https:\/\/admin.industriall-union.org\/es\/el-sindicalista-coreano-encarcelado-han-sang-gyun-recibe-el-premio-de-la-fnv\/#breadcrumb","itemListElement":[{"@type":"ListItem","position":1,"name":"Home","item":"https:\/\/admin.industriall-union.org\/"},{"@type":"ListItem","position":2,"name":"Articles","item":"https:\/\/admin.industriall-union.org\/article\/"},{"@type":"ListItem","position":3,"name":"El sindicalista coreano encarcelado Han Sang Gyun recibe el premio de la FNV"}]},{"@type":"WebSite","@id":"https:\/\/admin.industriall-union.org\/#website","url":"https:\/\/admin.industriall-union.org\/","name":"industriall-union","description":"","potentialAction":[{"@type":"SearchAction","target":{"@type":"EntryPoint","urlTemplate":"https:\/\/admin.industriall-union.org\/?s={search_term_string}"},"query-input":{"@type":"PropertyValueSpecification","valueRequired":true,"valueName":"search_term_string"}}],"inLanguage":"es-ES"}]}},"_links":{"self":[{"href":"https:\/\/admin.industriall-union.org\/es\/wp-json\/wp\/v2\/article\/164829","targetHints":{"allow":["GET"]}}],"collection":[{"href":"https:\/\/admin.industriall-union.org\/es\/wp-json\/wp\/v2\/article"}],"about":[{"href":"https:\/\/admin.industriall-union.org\/es\/wp-json\/wp\/v2\/types\/article"}],"wp:attachment":[{"href":"https:\/\/admin.industriall-union.org\/es\/wp-json\/wp\/v2\/media?parent=164829"}],"wp:term":[{"taxonomy":"issues","embeddable":true,"href":"https:\/\/admin.industriall-union.org\/es\/wp-json\/wp\/v2\/issues?post=164829"},{"taxonomy":"companies","embeddable":true,"href":"https:\/\/admin.industriall-union.org\/es\/wp-json\/wp\/v2\/companies?post=164829"},{"taxonomy":"regions","embeddable":true,"href":"https:\/\/admin.industriall-union.org\/es\/wp-json\/wp\/v2\/regions?post=164829"},{"taxonomy":"sectors","embeddable":true,"href":"https:\/\/admin.industriall-union.org\/es\/wp-json\/wp\/v2\/sectors?post=164829"},{"taxonomy":"article_tags","embeddable":true,"href":"https:\/\/admin.industriall-union.org\/es\/wp-json\/wp\/v2\/article_tags?post=164829"}],"curies":[{"name":"wp","href":"https:\/\/api.w.org\/{rel}","templated":true}]}}