{"id":164790,"date":"2017-05-12T15:56:06","date_gmt":"2017-05-12T15:56:06","guid":{"rendered":"https:\/\/admin.industriall-union.org\/los-sindicatos-del-sector-farmaceutico-intensifican-la-solidaridad-internacional\/"},"modified":"2025-02-05T11:56:52","modified_gmt":"2025-02-05T11:56:52","slug":"los-sindicatos-del-sector-farmaceutico-intensifican-la-solidaridad-internacional","status":"publish","type":"article","link":"https:\/\/admin.industriall-union.org\/es\/los-sindicatos-del-sector-farmaceutico-intensifican-la-solidaridad-internacional\/","title":{"rendered":"Los sindicatos del sector farmac\u00e9utico intensifican la solidaridad internacional"},"content":{"rendered":"<p>Los delegados sindicales se unieron a la cuarta reuni\u00f3n de la red sindical mundial de la industria farmac\u00e9utica los d\u00edas 6 y 7 de abril de 2017 en Tokio, por invitaci\u00f3n de la Federaci\u00f3n de Afiliados Japoneses a la IndustriALL en los Sectores de la Qu\u00edmica y la Energ\u00eda (IndustriALL-JAF).<\/p><p>La reuni\u00f3n acogi\u00f3 con satisfacci\u00f3n las intervenciones de la Oficina de Pol\u00edtica Sanitaria &#8211; Divisi\u00f3n de Asuntos Econ\u00f3micos del Ministerio de Salud, Trabajo y Bienestar de Jap\u00f3n, y de la Asociaci\u00f3n de Fabricantes Farmac\u00e9uticos de Jap\u00f3n, sobre la evoluci\u00f3n actual en la industria y las relaciones laborales en el pa\u00eds.<\/p><p>Los participantes analizaron la industria farmac\u00e9utica mundial, que actualmente es vol\u00e1til, pero que se espera siga creciendo en 2017.<\/p><p>El gasto en salud aumenta, lo mismo que la necesidad de medicamentos. A medida que crece la clase media en los pa\u00edses en desarrollo y envejece la poblaci\u00f3n mundial, la industria muestra un enorme potencial. Entretanto, debido a los elevados precios de muchos medicamentos, hay una creciente demanda de productos gen\u00e9ricos.<\/p><p>Las pol\u00edticas de sindicaci\u00f3n y de negociaci\u00f3n fueron dos de los principales temas discutidos en la reuni\u00f3n.<\/p><p>Los participantes japonesas destacaron los desaf\u00edos actuales, como la presi\u00f3n sobre el gasto en medicamentos, la reducci\u00f3n de personal y la disminuci\u00f3n del empleo. Se\u00f1alaron la necesidad de coordinar las pol\u00edticas, de sensibilizar a los miembros, de crear unidad y de organizar a los trabajadores en las plantas no sindicadas, con objetivos concretos en su estrategia sindical.<\/p><p>Se inform\u00f3 de que en Brasil la densidad sindical es el 25 por ciento aproximadamente, una de las m\u00e1s altas, por lo que hay un buen di\u00e1logo social entre los sindicatos y los empleadores. Los participantes brasile\u00f1os informaron del logro, mediante la negociaci\u00f3n colectiva, de una semana laboral de 40 horas, un permiso de maternidad de 180 d\u00edas, disposiciones especiales para el acceso a las medicinas y oportunidades para que los representantes sindicales accedan a los lugares de trabajo.<\/p><p>Como parte del programa de pol\u00edtica industrial sostenible de la IndustriALL, se debatieron la innovaci\u00f3n y los efectos de la digitalizaci\u00f3n y la Industria 4.0. La reuni\u00f3n tom\u00f3 nota de la transformaci\u00f3n digital en el sector, en particular con un cambio hacia la gesti\u00f3n &nbsp;de existencias global y el desbloqueo de la inteligencia artificial, los grandes vol\u00famenes de datos y las tecnolog\u00edas de nube.<\/p><p>Los participantes evaluaron los efectos sobre el empleo, pues la industria cambia con nuevos m\u00e9todos de utilizaci\u00f3n de los historiales cl\u00ednicos, la creaci\u00f3n de diferente redes de negocios y una nueva fase en la aplicaci\u00f3n de las TIC.<\/p><p>La experiencia sueca mostr\u00f3 que la automatizaci\u00f3n no significa la desaparici\u00f3n de empleos. Las consecuencias de la digitalizaci\u00f3n para la mano de obra parecen consistir en la extensi\u00f3n de tareas, horarios comprimidos, trabajo ajustado y mayor autonom\u00eda, en tanto que se requiere un considerable desarrollo de calificaciones.<\/p><p>En Francia, la digitalizaci\u00f3n aporta riqueza e ilusi\u00f3n. Se espera que la aceleraci\u00f3n de los ciclos de investigaci\u00f3n traiga consigo una nueva era de investigaci\u00f3n y desarrollo, que es un importante segmento de la industria farmac\u00e9utica. La medicina personalizada y las terapias centradas, y sus potenciales efectos sobre el empleo, figurar\u00e1n en el programa de los sindicatos en el pr\u00f3ximo per\u00edodo.<\/p><p>En la reuni\u00f3n se discutieron la represi\u00f3n y la presi\u00f3n sobre los sindicatos en Corea del Sur, Turqu\u00eda y Brasil, y los participantes expresaron su apoyo y su solidaridad a las luchas en curso.<\/p><p>La subcontrataci\u00f3n y el trabajo por agencia se consideraron un importante problema, sobre todo en pa\u00edses como Indonesia, Bangladesh y Pakist\u00e1n, donde, seg\u00fan se inform\u00f3, el 90% de los trabajadores son precarios. Los participantes resaltaron la importancia del acceso a las medicinas y las responsabilidades de los sindicatos.<\/p><p>Se exploraron las redes de empresa a nivel mundial y regional, y se analizaron en detalle los ejemplos de Sanofi y Takeda. Los participantes de Francia, Jap\u00f3n y Brasil compartieron sus experiencias de redes sindicales, con un intercambio de informaci\u00f3n y experiencias y solidaridad en momentos dif\u00edciles en diversos pa\u00edses.<\/p><p>La reuni\u00f3n aplaudi\u00f3 la determinaci\u00f3n de crear una red sindical mundial para Sanofi, tras la positiva experiencia de las redes regionales en Asia y el Pac\u00edfico y Am\u00e9rica Latina. Est\u00e1 previsto que la primera reuni\u00f3n de la red mundial de Sanofi se celebre en diciembre de 2017.<\/p><blockquote><p>&ldquo;El compromiso, la determinaci\u00f3n y la energ\u00eda de nuestra red sindical mundial en el sector farmac\u00e9utico ha comenzado a dar resultados para la solidaridad global en este sector,&rdquo;<\/p><\/blockquote><p>dijo Kemal \u00d6zkan, secretario general adjunto de la IndustriALL Global Union.<\/p><blockquote><p>&ldquo;En vista de las dificultades particulares en el sector, seguiremos empe\u00f1ados en crear fuerza sindical en el sector farmac\u00e9utico mundial con una mayor organizaci\u00f3n de trabajadores.&rdquo;<\/p><\/blockquote>","protected":false},"featured_media":0,"template":"","issues":[396],"companies":[],"regions":[155,168],"sectors":[476,479],"article_tags":[],"class_list":["post-164790","article","type-article","status-publish","hentry","issues-building-strong-unions","regions-asia-pacific","regions-japan","sectors-chemical-pharmaceutical-bio-science","sectors-pharmaceutical"],"acf":[],"yoast_head":"<!-- This site is optimized with the Yoast SEO Premium plugin v27.1 (Yoast SEO v27.1) - https:\/\/yoast.com\/product\/yoast-seo-premium-wordpress\/ -->\n<title>Los sindicatos del sector farmac\u00e9utico intensifican la solidaridad internacional - industriall-union<\/title>\n<meta name=\"description\" content=\"Los delegados sindicales se unieron a la cuarta reuni\u00f3n de la red sindical mundial de la industria farmac\u00e9utica los d\u00edas 6 y 7 de abril de 2017 en Tokio,\" \/>\n<meta name=\"robots\" content=\"index, follow, max-snippet:-1, max-image-preview:large, max-video-preview:-1\" \/>\n<link rel=\"canonical\" href=\"https:\/\/admin.industriall-union.org\/es\/los-sindicatos-del-sector-farmaceutico-intensifican-la-solidaridad-internacional\/\" \/>\n<meta property=\"og:locale\" content=\"es_ES\" \/>\n<meta property=\"og:type\" content=\"article\" \/>\n<meta property=\"og:title\" content=\"Los sindicatos del sector farmac\u00e9utico intensifican la solidaridad internacional\" \/>\n<meta property=\"og:description\" content=\"Los delegados sindicales se unieron a la cuarta reuni\u00f3n de la red sindical mundial de la industria farmac\u00e9utica los d\u00edas 6 y 7 de abril de 2017 en Tokio,\" \/>\n<meta property=\"og:url\" content=\"https:\/\/admin.industriall-union.org\/es\/los-sindicatos-del-sector-farmaceutico-intensifican-la-solidaridad-internacional\/\" \/>\n<meta property=\"og:site_name\" content=\"industriall-union\" \/>\n<meta property=\"article:modified_time\" content=\"2025-02-05T11:56:52+00:00\" \/>\n<meta name=\"twitter:card\" content=\"summary_large_image\" \/>\n<meta name=\"twitter:label1\" content=\"Est. reading time\" \/>\n\t<meta name=\"twitter:data1\" content=\"4 minutes\" \/>\n<script type=\"application\/ld+json\" class=\"yoast-schema-graph\">{\"@context\":\"https:\/\/schema.org\",\"@graph\":[{\"@type\":\"WebPage\",\"@id\":\"https:\/\/admin.industriall-union.org\/es\/los-sindicatos-del-sector-farmaceutico-intensifican-la-solidaridad-internacional\/\",\"url\":\"https:\/\/admin.industriall-union.org\/es\/los-sindicatos-del-sector-farmaceutico-intensifican-la-solidaridad-internacional\/\",\"name\":\"Los sindicatos del sector farmac\u00e9utico intensifican la solidaridad internacional - industriall-union\",\"isPartOf\":{\"@id\":\"https:\/\/admin.industriall-union.org\/#website\"},\"datePublished\":\"2017-05-12T15:56:06+00:00\",\"dateModified\":\"2025-02-05T11:56:52+00:00\",\"description\":\"Los delegados sindicales se unieron a la cuarta reuni\u00f3n de la red sindical mundial de la industria farmac\u00e9utica los d\u00edas 6 y 7 de abril de 2017 en Tokio,\",\"breadcrumb\":{\"@id\":\"https:\/\/admin.industriall-union.org\/es\/los-sindicatos-del-sector-farmaceutico-intensifican-la-solidaridad-internacional\/#breadcrumb\"},\"inLanguage\":\"es-ES\",\"potentialAction\":[{\"@type\":\"ReadAction\",\"target\":[\"https:\/\/admin.industriall-union.org\/es\/los-sindicatos-del-sector-farmaceutico-intensifican-la-solidaridad-internacional\/\"]}]},{\"@type\":\"BreadcrumbList\",\"@id\":\"https:\/\/admin.industriall-union.org\/es\/los-sindicatos-del-sector-farmaceutico-intensifican-la-solidaridad-internacional\/#breadcrumb\",\"itemListElement\":[{\"@type\":\"ListItem\",\"position\":1,\"name\":\"Home\",\"item\":\"https:\/\/admin.industriall-union.org\/\"},{\"@type\":\"ListItem\",\"position\":2,\"name\":\"Articles\",\"item\":\"https:\/\/admin.industriall-union.org\/article\/\"},{\"@type\":\"ListItem\",\"position\":3,\"name\":\"Los sindicatos del sector farmac\u00e9utico intensifican la solidaridad internacional\"}]},{\"@type\":\"WebSite\",\"@id\":\"https:\/\/admin.industriall-union.org\/#website\",\"url\":\"https:\/\/admin.industriall-union.org\/\",\"name\":\"industriall-union\",\"description\":\"\",\"potentialAction\":[{\"@type\":\"SearchAction\",\"target\":{\"@type\":\"EntryPoint\",\"urlTemplate\":\"https:\/\/admin.industriall-union.org\/?s={search_term_string}\"},\"query-input\":{\"@type\":\"PropertyValueSpecification\",\"valueRequired\":true,\"valueName\":\"search_term_string\"}}],\"inLanguage\":\"es-ES\"}]}<\/script>\n<!-- \/ Yoast SEO Premium plugin. -->","yoast_head_json":{"title":"Los sindicatos del sector farmac\u00e9utico intensifican la solidaridad internacional - industriall-union","description":"Los delegados sindicales se unieron a la cuarta reuni\u00f3n de la red sindical mundial de la industria farmac\u00e9utica los d\u00edas 6 y 7 de abril de 2017 en Tokio,","robots":{"index":"index","follow":"follow","max-snippet":"max-snippet:-1","max-image-preview":"max-image-preview:large","max-video-preview":"max-video-preview:-1"},"canonical":"https:\/\/admin.industriall-union.org\/es\/los-sindicatos-del-sector-farmaceutico-intensifican-la-solidaridad-internacional\/","og_locale":"es_ES","og_type":"article","og_title":"Los sindicatos del sector farmac\u00e9utico intensifican la solidaridad internacional","og_description":"Los delegados sindicales se unieron a la cuarta reuni\u00f3n de la red sindical mundial de la industria farmac\u00e9utica los d\u00edas 6 y 7 de abril de 2017 en Tokio,","og_url":"https:\/\/admin.industriall-union.org\/es\/los-sindicatos-del-sector-farmaceutico-intensifican-la-solidaridad-internacional\/","og_site_name":"industriall-union","article_modified_time":"2025-02-05T11:56:52+00:00","twitter_card":"summary_large_image","twitter_misc":{"Est. reading time":"4 minutes"},"schema":{"@context":"https:\/\/schema.org","@graph":[{"@type":"WebPage","@id":"https:\/\/admin.industriall-union.org\/es\/los-sindicatos-del-sector-farmaceutico-intensifican-la-solidaridad-internacional\/","url":"https:\/\/admin.industriall-union.org\/es\/los-sindicatos-del-sector-farmaceutico-intensifican-la-solidaridad-internacional\/","name":"Los sindicatos del sector farmac\u00e9utico intensifican la solidaridad internacional - industriall-union","isPartOf":{"@id":"https:\/\/admin.industriall-union.org\/#website"},"datePublished":"2017-05-12T15:56:06+00:00","dateModified":"2025-02-05T11:56:52+00:00","description":"Los delegados sindicales se unieron a la cuarta reuni\u00f3n de la red sindical mundial de la industria farmac\u00e9utica los d\u00edas 6 y 7 de abril de 2017 en Tokio,","breadcrumb":{"@id":"https:\/\/admin.industriall-union.org\/es\/los-sindicatos-del-sector-farmaceutico-intensifican-la-solidaridad-internacional\/#breadcrumb"},"inLanguage":"es-ES","potentialAction":[{"@type":"ReadAction","target":["https:\/\/admin.industriall-union.org\/es\/los-sindicatos-del-sector-farmaceutico-intensifican-la-solidaridad-internacional\/"]}]},{"@type":"BreadcrumbList","@id":"https:\/\/admin.industriall-union.org\/es\/los-sindicatos-del-sector-farmaceutico-intensifican-la-solidaridad-internacional\/#breadcrumb","itemListElement":[{"@type":"ListItem","position":1,"name":"Home","item":"https:\/\/admin.industriall-union.org\/"},{"@type":"ListItem","position":2,"name":"Articles","item":"https:\/\/admin.industriall-union.org\/article\/"},{"@type":"ListItem","position":3,"name":"Los sindicatos del sector farmac\u00e9utico intensifican la solidaridad internacional"}]},{"@type":"WebSite","@id":"https:\/\/admin.industriall-union.org\/#website","url":"https:\/\/admin.industriall-union.org\/","name":"industriall-union","description":"","potentialAction":[{"@type":"SearchAction","target":{"@type":"EntryPoint","urlTemplate":"https:\/\/admin.industriall-union.org\/?s={search_term_string}"},"query-input":{"@type":"PropertyValueSpecification","valueRequired":true,"valueName":"search_term_string"}}],"inLanguage":"es-ES"}]}},"_links":{"self":[{"href":"https:\/\/admin.industriall-union.org\/es\/wp-json\/wp\/v2\/article\/164790","targetHints":{"allow":["GET"]}}],"collection":[{"href":"https:\/\/admin.industriall-union.org\/es\/wp-json\/wp\/v2\/article"}],"about":[{"href":"https:\/\/admin.industriall-union.org\/es\/wp-json\/wp\/v2\/types\/article"}],"wp:attachment":[{"href":"https:\/\/admin.industriall-union.org\/es\/wp-json\/wp\/v2\/media?parent=164790"}],"wp:term":[{"taxonomy":"issues","embeddable":true,"href":"https:\/\/admin.industriall-union.org\/es\/wp-json\/wp\/v2\/issues?post=164790"},{"taxonomy":"companies","embeddable":true,"href":"https:\/\/admin.industriall-union.org\/es\/wp-json\/wp\/v2\/companies?post=164790"},{"taxonomy":"regions","embeddable":true,"href":"https:\/\/admin.industriall-union.org\/es\/wp-json\/wp\/v2\/regions?post=164790"},{"taxonomy":"sectors","embeddable":true,"href":"https:\/\/admin.industriall-union.org\/es\/wp-json\/wp\/v2\/sectors?post=164790"},{"taxonomy":"article_tags","embeddable":true,"href":"https:\/\/admin.industriall-union.org\/es\/wp-json\/wp\/v2\/article_tags?post=164790"}],"curies":[{"name":"wp","href":"https:\/\/api.w.org\/{rel}","templated":true}]}}