{"id":164745,"date":"2017-05-22T14:07:42","date_gmt":"2017-05-22T14:07:42","guid":{"rendered":"https:\/\/admin.industriall-union.org\/lideres-sindicales-presentan-demandas-al-g20\/"},"modified":"2025-02-05T11:26:47","modified_gmt":"2025-02-05T11:26:47","slug":"lideres-sindicales-presentan-demandas-al-g20","status":"publish","type":"article","link":"https:\/\/admin.industriall-union.org\/es\/lideres-sindicales-presentan-demandas-al-g20\/","title":{"rendered":"L\u00edderes sindicales presentan demandas al G20"},"content":{"rendered":"<p>En un <a href=\"\/wp-content\/uploads\/documents\/2017\/GERMANY\/L20_statement\/2017_l20_statement_lemm_en.pdf\" target=\"_blank\">comunicado<\/a> entregado a la canciller alemana y presidenta del <a href=\"https:\/\/www.ituc-csi.org\/glossary#531\">G20<\/a>, Angela Merkel, los lideres de L20 reivindicaron un modelo de pol\u00edtica econ\u00f3mica alternativo, que incluya la inversi\u00f3n en infraestructura y servicios p\u00fablicos, reforma fiscal y pol\u00edticas econ\u00f3micas en consonancia con la transici\u00f3n a una econom\u00eda con bajas emisiones de carbono.<\/p><p>El secretario general de la IndustriALL Global Union, Valter Sanches, dijo:<\/p><p>&ldquo;El L20 es una oportunidad para que los trabajadores tengan una sola voz. Queremos lograr un comercio internacional m\u00e1s justo que respete los derechos de los trabajadores. El G20 tiene que adoptar una posici\u00f3n com\u00fan sobre la desigualdad y la concentraci\u00f3n de la riqueza. El respeto de los derechos sindicales, en particular los Convenios n\u00fams. 87 y 98 de la OT sobre la libertad sindical y la negociaci\u00f3n colectiva, es el punto de partida para mejores salarios, mejores condiciones y horas de trabajo m\u00e1s justas.&rdquo;<\/p><p>En el comunicado del L20 a la reuni\u00f3n de ministros de trabajo y empleo del G20 que tuvo lugar los d\u00edas 18 y 19 de mayo en Bad Neuenahr, se resalt\u00f3 la trampa del bajo crecimiento porque el rendimiento econ\u00f3mico se estanca:<\/p><p>&ldquo;Las grandes y crecientes desigualdades est\u00e1n excluyendo a muchas personas, alimentan la desconfianza p\u00fablica y la reacci\u00f3n popular contra los gobiernos y las instituciones que se considera promueven los intereses de la &lsquo;\u00e9lite&rsquo;. La concentraci\u00f3n de la riqueza y la limitaci\u00f3n del gasto p\u00fablico contribuyen a esta desconfianza.&rdquo;<\/p><p>Al dirigirse a los l\u00edderes del L20 en la reuni\u00f3n de Berl\u00edn, Angela Merkel dijo que las empresas deben respetar los derechos de los trabajadores y asumir la responsabilidad de sus cadenas de suministro, de manera que jam\u00e1s vuelvan a repetirse tragedias como la del derrumbe del Rana Plaza en Bangladesh.<\/p><p>La canciller alemana tambi\u00e9n reconoci\u00f3 la funci\u00f3n de los acuerdos marco globales y encomi\u00f3 la contribuci\u00f3n del L20 a un crecimiento m\u00e1s justo. &ldquo;S\u00f3lo juntos podemos trabajar por una globalizaci\u00f3n justa y darle forma&rdquo;, dijo.<\/p><p>Angela Merkel escuch\u00f3 el testimonio de Jyotiben Macwan, del afiliado a la IndustriALL de la India la Self Employed Women&rsquo;s Association (SEWA), que defendi\u00f3 los derechos de los trabajadores informales en la econom\u00eda mundial.<\/p><p>La reuni\u00f3n del L20 fue convocada por la Confederaci\u00f3n Sindical Internacional y la Comisi\u00f3n Sindical Consultiva (CSC) ante la OCDE. Sharan Burrow, secretaria general de la CSI, dijo:<\/p><p>&ldquo;Cuando se respetan las normas internacionales del trabajo, los trabajadores pueden organizarse y negociar salarios decentes y trabajo seguro, y con los ajustes macroecon\u00f3micos adecuados, la desigualdad y la inseguridad que caracterizan el fracasado modelo actual de la globalizaci\u00f3n pueden convertirse en cosa del pasado.&rdquo;<\/p>","protected":false},"featured_media":0,"template":"","issues":[425],"companies":[],"regions":[219],"sectors":[],"article_tags":[517],"class_list":["post-164745","article","type-article","status-publish","hentry","issues-workers-rights","regions-germany","article_tags-oecd"],"acf":[],"yoast_head":"<!-- This site is optimized with the Yoast SEO Premium plugin v27.1 (Yoast SEO v27.1) - https:\/\/yoast.com\/product\/yoast-seo-premium-wordpress\/ -->\n<title>L\u00edderes sindicales presentan demandas al G20 - industriall-union<\/title>\n<meta name=\"description\" content=\"En un comunicado entregado a la canciller alemana y presidenta del G20, Angela Merkel, los lideres de L20 reivindicaron un modelo de pol\u00edtica econ\u00f3mica\" \/>\n<meta name=\"robots\" content=\"index, follow, max-snippet:-1, max-image-preview:large, max-video-preview:-1\" \/>\n<link rel=\"canonical\" href=\"https:\/\/admin.industriall-union.org\/es\/lideres-sindicales-presentan-demandas-al-g20\/\" \/>\n<meta property=\"og:locale\" content=\"es_ES\" \/>\n<meta property=\"og:type\" content=\"article\" \/>\n<meta property=\"og:title\" content=\"L\u00edderes sindicales presentan demandas al G20\" \/>\n<meta property=\"og:description\" content=\"En un comunicado entregado a la canciller alemana y presidenta del G20, Angela Merkel, los lideres de L20 reivindicaron un modelo de pol\u00edtica econ\u00f3mica\" \/>\n<meta property=\"og:url\" content=\"https:\/\/admin.industriall-union.org\/es\/lideres-sindicales-presentan-demandas-al-g20\/\" \/>\n<meta property=\"og:site_name\" content=\"industriall-union\" \/>\n<meta property=\"article:modified_time\" content=\"2025-02-05T11:26:47+00:00\" \/>\n<meta name=\"twitter:card\" content=\"summary_large_image\" \/>\n<meta name=\"twitter:label1\" content=\"Est. reading time\" \/>\n\t<meta name=\"twitter:data1\" content=\"2 minutes\" \/>\n<script type=\"application\/ld+json\" class=\"yoast-schema-graph\">{\"@context\":\"https:\/\/schema.org\",\"@graph\":[{\"@type\":\"WebPage\",\"@id\":\"https:\/\/admin.industriall-union.org\/es\/lideres-sindicales-presentan-demandas-al-g20\/\",\"url\":\"https:\/\/admin.industriall-union.org\/es\/lideres-sindicales-presentan-demandas-al-g20\/\",\"name\":\"L\u00edderes sindicales presentan demandas al G20 - industriall-union\",\"isPartOf\":{\"@id\":\"https:\/\/admin.industriall-union.org\/#website\"},\"datePublished\":\"2017-05-22T14:07:42+00:00\",\"dateModified\":\"2025-02-05T11:26:47+00:00\",\"description\":\"En un comunicado entregado a la canciller alemana y presidenta del G20, Angela Merkel, los lideres de L20 reivindicaron un modelo de pol\u00edtica econ\u00f3mica\",\"breadcrumb\":{\"@id\":\"https:\/\/admin.industriall-union.org\/es\/lideres-sindicales-presentan-demandas-al-g20\/#breadcrumb\"},\"inLanguage\":\"es-ES\",\"potentialAction\":[{\"@type\":\"ReadAction\",\"target\":[\"https:\/\/admin.industriall-union.org\/es\/lideres-sindicales-presentan-demandas-al-g20\/\"]}]},{\"@type\":\"BreadcrumbList\",\"@id\":\"https:\/\/admin.industriall-union.org\/es\/lideres-sindicales-presentan-demandas-al-g20\/#breadcrumb\",\"itemListElement\":[{\"@type\":\"ListItem\",\"position\":1,\"name\":\"Home\",\"item\":\"https:\/\/admin.industriall-union.org\/\"},{\"@type\":\"ListItem\",\"position\":2,\"name\":\"Articles\",\"item\":\"https:\/\/admin.industriall-union.org\/article\/\"},{\"@type\":\"ListItem\",\"position\":3,\"name\":\"L\u00edderes sindicales presentan demandas al G20\"}]},{\"@type\":\"WebSite\",\"@id\":\"https:\/\/admin.industriall-union.org\/#website\",\"url\":\"https:\/\/admin.industriall-union.org\/\",\"name\":\"industriall-union\",\"description\":\"\",\"potentialAction\":[{\"@type\":\"SearchAction\",\"target\":{\"@type\":\"EntryPoint\",\"urlTemplate\":\"https:\/\/admin.industriall-union.org\/?s={search_term_string}\"},\"query-input\":{\"@type\":\"PropertyValueSpecification\",\"valueRequired\":true,\"valueName\":\"search_term_string\"}}],\"inLanguage\":\"es-ES\"}]}<\/script>\n<!-- \/ Yoast SEO Premium plugin. -->","yoast_head_json":{"title":"L\u00edderes sindicales presentan demandas al G20 - industriall-union","description":"En un comunicado entregado a la canciller alemana y presidenta del G20, Angela Merkel, los lideres de L20 reivindicaron un modelo de pol\u00edtica econ\u00f3mica","robots":{"index":"index","follow":"follow","max-snippet":"max-snippet:-1","max-image-preview":"max-image-preview:large","max-video-preview":"max-video-preview:-1"},"canonical":"https:\/\/admin.industriall-union.org\/es\/lideres-sindicales-presentan-demandas-al-g20\/","og_locale":"es_ES","og_type":"article","og_title":"L\u00edderes sindicales presentan demandas al G20","og_description":"En un comunicado entregado a la canciller alemana y presidenta del G20, Angela Merkel, los lideres de L20 reivindicaron un modelo de pol\u00edtica econ\u00f3mica","og_url":"https:\/\/admin.industriall-union.org\/es\/lideres-sindicales-presentan-demandas-al-g20\/","og_site_name":"industriall-union","article_modified_time":"2025-02-05T11:26:47+00:00","twitter_card":"summary_large_image","twitter_misc":{"Est. reading time":"2 minutes"},"schema":{"@context":"https:\/\/schema.org","@graph":[{"@type":"WebPage","@id":"https:\/\/admin.industriall-union.org\/es\/lideres-sindicales-presentan-demandas-al-g20\/","url":"https:\/\/admin.industriall-union.org\/es\/lideres-sindicales-presentan-demandas-al-g20\/","name":"L\u00edderes sindicales presentan demandas al G20 - industriall-union","isPartOf":{"@id":"https:\/\/admin.industriall-union.org\/#website"},"datePublished":"2017-05-22T14:07:42+00:00","dateModified":"2025-02-05T11:26:47+00:00","description":"En un comunicado entregado a la canciller alemana y presidenta del G20, Angela Merkel, los lideres de L20 reivindicaron un modelo de pol\u00edtica econ\u00f3mica","breadcrumb":{"@id":"https:\/\/admin.industriall-union.org\/es\/lideres-sindicales-presentan-demandas-al-g20\/#breadcrumb"},"inLanguage":"es-ES","potentialAction":[{"@type":"ReadAction","target":["https:\/\/admin.industriall-union.org\/es\/lideres-sindicales-presentan-demandas-al-g20\/"]}]},{"@type":"BreadcrumbList","@id":"https:\/\/admin.industriall-union.org\/es\/lideres-sindicales-presentan-demandas-al-g20\/#breadcrumb","itemListElement":[{"@type":"ListItem","position":1,"name":"Home","item":"https:\/\/admin.industriall-union.org\/"},{"@type":"ListItem","position":2,"name":"Articles","item":"https:\/\/admin.industriall-union.org\/article\/"},{"@type":"ListItem","position":3,"name":"L\u00edderes sindicales presentan demandas al G20"}]},{"@type":"WebSite","@id":"https:\/\/admin.industriall-union.org\/#website","url":"https:\/\/admin.industriall-union.org\/","name":"industriall-union","description":"","potentialAction":[{"@type":"SearchAction","target":{"@type":"EntryPoint","urlTemplate":"https:\/\/admin.industriall-union.org\/?s={search_term_string}"},"query-input":{"@type":"PropertyValueSpecification","valueRequired":true,"valueName":"search_term_string"}}],"inLanguage":"es-ES"}]}},"_links":{"self":[{"href":"https:\/\/admin.industriall-union.org\/es\/wp-json\/wp\/v2\/article\/164745","targetHints":{"allow":["GET"]}}],"collection":[{"href":"https:\/\/admin.industriall-union.org\/es\/wp-json\/wp\/v2\/article"}],"about":[{"href":"https:\/\/admin.industriall-union.org\/es\/wp-json\/wp\/v2\/types\/article"}],"wp:attachment":[{"href":"https:\/\/admin.industriall-union.org\/es\/wp-json\/wp\/v2\/media?parent=164745"}],"wp:term":[{"taxonomy":"issues","embeddable":true,"href":"https:\/\/admin.industriall-union.org\/es\/wp-json\/wp\/v2\/issues?post=164745"},{"taxonomy":"companies","embeddable":true,"href":"https:\/\/admin.industriall-union.org\/es\/wp-json\/wp\/v2\/companies?post=164745"},{"taxonomy":"regions","embeddable":true,"href":"https:\/\/admin.industriall-union.org\/es\/wp-json\/wp\/v2\/regions?post=164745"},{"taxonomy":"sectors","embeddable":true,"href":"https:\/\/admin.industriall-union.org\/es\/wp-json\/wp\/v2\/sectors?post=164745"},{"taxonomy":"article_tags","embeddable":true,"href":"https:\/\/admin.industriall-union.org\/es\/wp-json\/wp\/v2\/article_tags?post=164745"}],"curies":[{"name":"wp","href":"https:\/\/api.w.org\/{rel}","templated":true}]}}