{"id":164522,"date":"2017-06-21T11:19:45","date_gmt":"2017-06-21T11:19:45","guid":{"rendered":"https:\/\/admin.industriall-union.org\/sindicatos-aeroespaciales-deciden-combatir-campanas-antisindicales\/"},"modified":"2025-02-05T09:54:17","modified_gmt":"2025-02-05T09:54:17","slug":"sindicatos-aeroespaciales-deciden-combatir-campanas-antisindicales","status":"publish","type":"article","link":"https:\/\/admin.industriall-union.org\/es\/sindicatos-aeroespaciales-deciden-combatir-campanas-antisindicales\/","title":{"rendered":"Sindicatos aeroespaciales deciden combatir campa\u00f1as antisindicales"},"content":{"rendered":"<p>Sindicatos del sector aeroespacial de Am\u00e9rica del Norte, Europa, Am\u00e9rica del Sur, \u00c1frica y Asia intercambiaron ideas sobre nuevas e innovadoras estrategias con el fin de lograr la sindicalizaci\u00f3n de los no sindicalizados en todo el mundo, desde South Carolina hasta Shangh\u00e1i y desde Marruecos a Mobile, Alabama.<\/p><p>Unos 75 participantes estudiaron la negociaci\u00f3n de convenios colectivos que mejoren los salarios y prestaciones sociales, ofreciendo seguridad de empleo y de jubilaci\u00f3n a los millones de trabajadores\/as que laboran en el sector aeroespacial en todo el mundo.<\/p><p>Por su parte, Bob Mart\u00ednez, copresidente del sector, y Presidente Internacional de la IAM, se\u00f1al\u00f3:<\/p><p>&ldquo;Tenemos la oportunidad de seguir desarrollando la labor que hemos realizado, llevando justicia y dignidad a todos los trabajadores aeroespaciales del mundo a trav\u00e9s de la fuerza sindical. Esta es una oportunidad para crear un movimiento mundial de trabajadores de este sector que tendr\u00e1 tanta fuerza como las compa\u00f1\u00edas aeroespaciales multinacionales&rdquo;.<\/p><p>Durante esta conferencia se\u00f1alada, los participantes se refirieron al aumento del extremismo antisindical y antilaboral que tiene en su agenda la eliminaci\u00f3n del derecho humano fundamental de los trabajadores\/as, como es el de unirse a un sindicato aut\u00e9ntico, libre del control gubernamental o patronal. Los participantes tambi\u00e9n trataron el problema de la constante externalizaci\u00f3n de trabajo que corresponde a personal sindicalizado dentro o fuera de los pa\u00edses productores. Esta pol\u00edtica de externalizaci\u00f3n frecuentemente se aplica a la fuerza de trabajo no sindicalizada en pa\u00edses como la China, donde no se reconocen o no se hacen cumplir derechos humanos fundamentales como el derecho a formar un sindicato y a realizar negociaciones colectivas. En los debates tambi\u00e9n se incluyeron temas como la competencia desleal de pa\u00edses como la China que no cumplen con las normas del comercio internacional y exigen la transferencia de tecnolog\u00eda y producci\u00f3n a cambio de ventas de aeronaves, en vez de comercio justo y condiciones de igualdad.<\/p><p>Los participantes centraron su atenci\u00f3n en las campa\u00f1as antisindicales que realiza la administraci\u00f3n de las dos mayores empresas aeroespaciales comerciales del mundo: Boeing y Airbus. Copiando las maniobras de las m\u00e1s notorias empresas antisindicales del mundo, la administraci\u00f3n de Boeing gast\u00f3 millones de d\u00f3lares para impedir la afiliaci\u00f3n a la IAM de sus trabajadores\/as en South Carolina. Para no quedarse atr\u00e1s, la administraci\u00f3n de Airbus est\u00e1 realizando una campa\u00f1a antisindical en Alabama, en violaci\u00f3n directa del Acuerdo Marco Global de IndustriALL con esa compa\u00f1\u00eda.<\/p><p>En vista de la situaci\u00f3n actual en Alabama, los participantes solicitaron que IndustriALL revise su Acuerdo con Airbus. Los participantes tambi\u00e9n pidieron que IndustriALL coordine las campa\u00f1as de sindicalizaci\u00f3n en Airbus y Boeing.<\/p><p>Los participantes pidieron que todos los afiliados reafirmen la labor que realizan para:<\/p><ul><li>Desarrollar redes eficaces en todas las empresas aeroespaciales mundiales, creando sistemas de comunicaci\u00f3n que permitan que los afiliados de la alianza puedan informarse electr\u00f3nicamente sobre el progreso del trabajo de sindicalizaci\u00f3n y de negociaci\u00f3n colectiva en cada uno de sus pa\u00edses;<\/li><li>Tratar de establecer Comit\u00e9s de Empresa Mundiales con las multinacionales donde se presente la oportunidad;<\/li><li>Instar a los encargados de las negociaciones comerciales para que incluyan fuerte prohibici\u00f3n de exigencias de transferencia de tecnolog\u00eda y producci\u00f3n a cambio de ventas, especialmente en el caso de pa\u00edses como la China que abusan de estas pr\u00e1cticas;<\/li><li>Seguir desarrollando una alianza mundial de sindicatos aeroespaciales, creando novedosas formas de solidaridad internacional que sean eficaces en cuanto a extender nuestra cooperaci\u00f3n, desarrollar nuestra capacidad para hacer campa\u00f1as a nivel mundial y para aumentar nuestra fuerza colectiva;<\/li><li>Combatir las maniobras antisindicales y antilaborales, como los ataques que se realizaron hace dos a\u00f1os contra los sindicalistas de Airbus en Espa\u00f1a por haber ejercido su derecho de huelga;<\/li><li>Aprovechar al m\u00e1ximo, donde corresponda, los organismos intergubernamentales e internacionales, como las Naciones Unidas, la OIT y la OCDE, para procurar que las normas mundiales y las expectativas internacionales sean respetadas por las empresas aeroespaciales.<\/li><\/ul><p>Finalmente, los delegados agradecieron al director aeroespacial saliente Brian Kohler por su trabajo con el sector y se comprometieron a trabajar en estrecha colaboraci\u00f3n con su sucesor.<\/p>","protected":false},"featured_media":0,"template":"","issues":[396,407,409,399,425],"companies":[20],"regions":[202,217],"sectors":[488],"article_tags":[511],"class_list":["post-164522","article","type-article","status-publish","hentry","issues-building-strong-unions","issues-global-framework-agreements","issues-multinational-companies-mncs","issues-union-building","issues-workers-rights","companies-boeing","regions-europe","regions-france","sectors-aerospace","article_tags-industriall"],"acf":[],"yoast_head":"<!-- This site is optimized with the Yoast SEO Premium plugin v27.1 (Yoast SEO v27.1) - https:\/\/yoast.com\/product\/yoast-seo-premium-wordpress\/ -->\n<title>Sindicatos aeroespaciales deciden combatir campa\u00f1as antisindicales - industriall-union<\/title>\n<meta name=\"description\" content=\"Sindicatos del sector aeroespacial de Am\u00e9rica del Norte, Europa, Am\u00e9rica del Sur, \u00c1frica y Asia intercambiaron ideas sobre nuevas e innovadoras\" \/>\n<meta name=\"robots\" content=\"index, follow, max-snippet:-1, max-image-preview:large, max-video-preview:-1\" \/>\n<link rel=\"canonical\" href=\"https:\/\/admin.industriall-union.org\/es\/sindicatos-aeroespaciales-deciden-combatir-campanas-antisindicales\/\" \/>\n<meta property=\"og:locale\" content=\"es_ES\" \/>\n<meta property=\"og:type\" content=\"article\" \/>\n<meta property=\"og:title\" content=\"Sindicatos aeroespaciales deciden combatir campa\u00f1as antisindicales\" \/>\n<meta property=\"og:description\" content=\"Sindicatos del sector aeroespacial de Am\u00e9rica del Norte, Europa, Am\u00e9rica del Sur, \u00c1frica y Asia intercambiaron ideas sobre nuevas e innovadoras\" \/>\n<meta property=\"og:url\" content=\"https:\/\/admin.industriall-union.org\/es\/sindicatos-aeroespaciales-deciden-combatir-campanas-antisindicales\/\" \/>\n<meta property=\"og:site_name\" content=\"industriall-union\" \/>\n<meta property=\"article:modified_time\" content=\"2025-02-05T09:54:17+00:00\" \/>\n<meta name=\"twitter:card\" content=\"summary_large_image\" \/>\n<meta name=\"twitter:label1\" content=\"Est. reading time\" \/>\n\t<meta name=\"twitter:data1\" content=\"4 minutes\" \/>\n<script type=\"application\/ld+json\" class=\"yoast-schema-graph\">{\"@context\":\"https:\/\/schema.org\",\"@graph\":[{\"@type\":\"WebPage\",\"@id\":\"https:\/\/admin.industriall-union.org\/es\/sindicatos-aeroespaciales-deciden-combatir-campanas-antisindicales\/\",\"url\":\"https:\/\/admin.industriall-union.org\/es\/sindicatos-aeroespaciales-deciden-combatir-campanas-antisindicales\/\",\"name\":\"Sindicatos aeroespaciales deciden combatir campa\u00f1as antisindicales - industriall-union\",\"isPartOf\":{\"@id\":\"https:\/\/admin.industriall-union.org\/es\/#website\"},\"datePublished\":\"2017-06-21T11:19:45+00:00\",\"dateModified\":\"2025-02-05T09:54:17+00:00\",\"description\":\"Sindicatos del sector aeroespacial de Am\u00e9rica del Norte, Europa, Am\u00e9rica del Sur, \u00c1frica y Asia intercambiaron ideas sobre nuevas e innovadoras\",\"breadcrumb\":{\"@id\":\"https:\/\/admin.industriall-union.org\/es\/sindicatos-aeroespaciales-deciden-combatir-campanas-antisindicales\/#breadcrumb\"},\"inLanguage\":\"es-ES\",\"potentialAction\":[{\"@type\":\"ReadAction\",\"target\":[\"https:\/\/admin.industriall-union.org\/es\/sindicatos-aeroespaciales-deciden-combatir-campanas-antisindicales\/\"]}]},{\"@type\":\"BreadcrumbList\",\"@id\":\"https:\/\/admin.industriall-union.org\/es\/sindicatos-aeroespaciales-deciden-combatir-campanas-antisindicales\/#breadcrumb\",\"itemListElement\":[{\"@type\":\"ListItem\",\"position\":1,\"name\":\"Home\",\"item\":\"https:\/\/admin.industriall-union.org\/es\/\"},{\"@type\":\"ListItem\",\"position\":2,\"name\":\"Articles\",\"item\":\"https:\/\/admin.industriall-union.org\/es\/article\/\"},{\"@type\":\"ListItem\",\"position\":3,\"name\":\"Sindicatos aeroespaciales deciden combatir campa\u00f1as antisindicales\"}]},{\"@type\":\"WebSite\",\"@id\":\"https:\/\/admin.industriall-union.org\/es\/#website\",\"url\":\"https:\/\/admin.industriall-union.org\/es\/\",\"name\":\"industriall-union\",\"description\":\"\",\"potentialAction\":[{\"@type\":\"SearchAction\",\"target\":{\"@type\":\"EntryPoint\",\"urlTemplate\":\"https:\/\/admin.industriall-union.org\/es\/?s={search_term_string}\"},\"query-input\":{\"@type\":\"PropertyValueSpecification\",\"valueRequired\":true,\"valueName\":\"search_term_string\"}}],\"inLanguage\":\"es-ES\"}]}<\/script>\n<!-- \/ Yoast SEO Premium plugin. -->","yoast_head_json":{"title":"Sindicatos aeroespaciales deciden combatir campa\u00f1as antisindicales - industriall-union","description":"Sindicatos del sector aeroespacial de Am\u00e9rica del Norte, Europa, Am\u00e9rica del Sur, \u00c1frica y Asia intercambiaron ideas sobre nuevas e innovadoras","robots":{"index":"index","follow":"follow","max-snippet":"max-snippet:-1","max-image-preview":"max-image-preview:large","max-video-preview":"max-video-preview:-1"},"canonical":"https:\/\/admin.industriall-union.org\/es\/sindicatos-aeroespaciales-deciden-combatir-campanas-antisindicales\/","og_locale":"es_ES","og_type":"article","og_title":"Sindicatos aeroespaciales deciden combatir campa\u00f1as antisindicales","og_description":"Sindicatos del sector aeroespacial de Am\u00e9rica del Norte, Europa, Am\u00e9rica del Sur, \u00c1frica y Asia intercambiaron ideas sobre nuevas e innovadoras","og_url":"https:\/\/admin.industriall-union.org\/es\/sindicatos-aeroespaciales-deciden-combatir-campanas-antisindicales\/","og_site_name":"industriall-union","article_modified_time":"2025-02-05T09:54:17+00:00","twitter_card":"summary_large_image","twitter_misc":{"Est. reading time":"4 minutes"},"schema":{"@context":"https:\/\/schema.org","@graph":[{"@type":"WebPage","@id":"https:\/\/admin.industriall-union.org\/es\/sindicatos-aeroespaciales-deciden-combatir-campanas-antisindicales\/","url":"https:\/\/admin.industriall-union.org\/es\/sindicatos-aeroespaciales-deciden-combatir-campanas-antisindicales\/","name":"Sindicatos aeroespaciales deciden combatir campa\u00f1as antisindicales - industriall-union","isPartOf":{"@id":"https:\/\/admin.industriall-union.org\/es\/#website"},"datePublished":"2017-06-21T11:19:45+00:00","dateModified":"2025-02-05T09:54:17+00:00","description":"Sindicatos del sector aeroespacial de Am\u00e9rica del Norte, Europa, Am\u00e9rica del Sur, \u00c1frica y Asia intercambiaron ideas sobre nuevas e innovadoras","breadcrumb":{"@id":"https:\/\/admin.industriall-union.org\/es\/sindicatos-aeroespaciales-deciden-combatir-campanas-antisindicales\/#breadcrumb"},"inLanguage":"es-ES","potentialAction":[{"@type":"ReadAction","target":["https:\/\/admin.industriall-union.org\/es\/sindicatos-aeroespaciales-deciden-combatir-campanas-antisindicales\/"]}]},{"@type":"BreadcrumbList","@id":"https:\/\/admin.industriall-union.org\/es\/sindicatos-aeroespaciales-deciden-combatir-campanas-antisindicales\/#breadcrumb","itemListElement":[{"@type":"ListItem","position":1,"name":"Home","item":"https:\/\/admin.industriall-union.org\/es\/"},{"@type":"ListItem","position":2,"name":"Articles","item":"https:\/\/admin.industriall-union.org\/es\/article\/"},{"@type":"ListItem","position":3,"name":"Sindicatos aeroespaciales deciden combatir campa\u00f1as antisindicales"}]},{"@type":"WebSite","@id":"https:\/\/admin.industriall-union.org\/es\/#website","url":"https:\/\/admin.industriall-union.org\/es\/","name":"industriall-union","description":"","potentialAction":[{"@type":"SearchAction","target":{"@type":"EntryPoint","urlTemplate":"https:\/\/admin.industriall-union.org\/es\/?s={search_term_string}"},"query-input":{"@type":"PropertyValueSpecification","valueRequired":true,"valueName":"search_term_string"}}],"inLanguage":"es-ES"}]}},"_links":{"self":[{"href":"https:\/\/admin.industriall-union.org\/es\/wp-json\/wp\/v2\/article\/164522","targetHints":{"allow":["GET"]}}],"collection":[{"href":"https:\/\/admin.industriall-union.org\/es\/wp-json\/wp\/v2\/article"}],"about":[{"href":"https:\/\/admin.industriall-union.org\/es\/wp-json\/wp\/v2\/types\/article"}],"wp:attachment":[{"href":"https:\/\/admin.industriall-union.org\/es\/wp-json\/wp\/v2\/media?parent=164522"}],"wp:term":[{"taxonomy":"issues","embeddable":true,"href":"https:\/\/admin.industriall-union.org\/es\/wp-json\/wp\/v2\/issues?post=164522"},{"taxonomy":"companies","embeddable":true,"href":"https:\/\/admin.industriall-union.org\/es\/wp-json\/wp\/v2\/companies?post=164522"},{"taxonomy":"regions","embeddable":true,"href":"https:\/\/admin.industriall-union.org\/es\/wp-json\/wp\/v2\/regions?post=164522"},{"taxonomy":"sectors","embeddable":true,"href":"https:\/\/admin.industriall-union.org\/es\/wp-json\/wp\/v2\/sectors?post=164522"},{"taxonomy":"article_tags","embeddable":true,"href":"https:\/\/admin.industriall-union.org\/es\/wp-json\/wp\/v2\/article_tags?post=164522"}],"curies":[{"name":"wp","href":"https:\/\/api.w.org\/{rel}","templated":true}]}}