{"id":164520,"date":"2017-06-22T14:29:04","date_gmt":"2017-06-22T14:29:04","guid":{"rendered":"https:\/\/admin.industriall-union.org\/responsables-de-comunicacion-sindical-se-reunen-en-budapest\/"},"modified":"2025-02-05T09:53:07","modified_gmt":"2025-02-05T09:53:07","slug":"responsables-de-comunicacion-sindical-se-reunen-en-budapest","status":"publish","type":"article","link":"https:\/\/admin.industriall-union.org\/es\/responsables-de-comunicacion-sindical-se-reunen-en-budapest\/","title":{"rendered":"Responsables de comunicaci\u00f3n sindical se re\u00fanen en Budapest"},"content":{"rendered":"<p>La mencionada reuni\u00f3n, realizada los d\u00edas 19 y 20 de junio, cont\u00f3 con la participaci\u00f3n de 54 personas de todas partes de Europa, incluyendo a Kosovo, Turqu\u00eda, Rusia, Bulgaria, Finlandia, Francia, B\u00e9lgica y Alemania. En un novedoso intento de llegar m\u00e1s all\u00e1 de la sala de la reuni\u00f3n, comunic\u00e1ndose con el m\u00e1ximo n\u00famero de personas posible, el evento fue transmitido en vivo a trav\u00e9s de Facebook, llegando a muchos miles de miembros del p\u00fablico.<\/p><p>La reuni\u00f3n fue inaugurada por Valter Sanches, Luc Triangle y Tam\u00e1s Sz\u00e9kely, secretarios generales de las organizaciones anfitrionas. Sanches se refiri\u00f3 a la constante repetici\u00f3n de mensajes antisindicales en los medios de comunicaci\u00f3n de todo el continente, y la urgente necesidad de que los sindicatos utilicen formas novedosas de comunicaci\u00f3n para hacer llegar su mensaje a un p\u00fablico m\u00e1s amplio.<\/p><p>&ldquo;La era en que vivimos es compleja, y podemos ver el surgimiento del nacionalismo populista. S\u00f3lo ocho individuos blancos acaparan la misma riqueza que la mitad de los habitantes de la tierra. Entre estas ocho personas figura el due\u00f1o de Inditex, una empresa con la que realizamos negociaciones colectivas.<\/p><p>&ldquo;He aqu\u00ed algo que anda muy mal.<\/p><p>&ldquo;Son muy poquitos los pa\u00edses donde los sindicatos son bienvenidos. Los medios de comunicaci\u00f3n est\u00e1n controlados por las corporaciones, y se transmiten muchos mitos sobre la supuesta maldad de los sindicatos. Por eso es necesario que contemos con nuestros propios medios de comunicaci\u00f3n&rdquo;.<\/p><p><strong>Sesi\u00f3n inaugural<\/strong><\/p><p><\/p><p>Despu\u00e9s de que los participantes se presentaran, explicando lo que esperaban lograr en ese d\u00eda, el activista irland\u00e9s Eugene Flynn present\u00f3 una sesi\u00f3n llamada &quot;Comunicar los planteamientos de los sindicatos: &iquest;c\u00f3mo penetrar en los medios de comunicaci\u00f3n?&quot; Flynn se refiri\u00f3 a la necesidad de comprender c\u00f3mo funciona la narrativa period\u00edstica para que podamos introducir en los medios de comunicaci\u00f3n los puntos de vista que son de nuestro inter\u00e9s.<\/p><p>Flynn se\u00f1al\u00f3:<\/p><p>&quot;La emoci\u00f3n convence a la gente. Luego los individuos buscan hechos para apoyar sus convicciones. Si la finalidad de nuestra comunicaci\u00f3n es ganar a la gente para que apoye nuestro punto de vista, debemos tener esto siempre en mente, y apelar a los aspectos universales y humanos de lo&nbsp; que queremos comunicar&rdquo;.<\/p><p><strong>Presentaci\u00f3n de los participantes<\/strong><\/p><p><\/p><p><strong>Eugene Flynn<\/strong><\/p><p><\/p><p><\/p><p>Scarlett MccGwire, asesor de medios de comunicaci\u00f3n y ex presidente del Sindicato Nacional de Periodistas, se refiri\u00f3 a las recientes elecciones generales en el Reino Unido y al \u00e9xito que hab\u00eda tenido la campa\u00f1a de Corbyn al captar el sentimiento de la ciudadan\u00eda, articul\u00e1ndolo en una nueva pol\u00edtica progresista.<\/p><p><strong>Scarlett MccGwire<\/strong><\/p><p><\/p><p><strong>Comentarios finales<\/strong><\/p><p><\/p><p>Al segundo d\u00eda de la Conferencia, Daniele Melli, Encargado de Comunicaciones de la Confederaci\u00f3n Europea de Sindicatos, habl\u00f3 sobre <a href=\"http:\/\/payrise.eu\/\">la campa\u00f1a a favor de un aumento salarial<\/a> para los trabajadores\/as en Europa.<\/p><p>Los participantes manifestaron su apoyo a la campa\u00f1a.<\/p><blockquote><p>&ldquo;No funciona el goteo desde arriba&rdquo;, dijo Melli.<\/p><p>&ldquo;Pero con un aumento salarial, las riquezas se distribuyen mejor. Salarios dignos y condiciones de trabajo decentes son una estupenda manera de detener el crecimiento del populismo reaccionario y nacionalista&rdquo;.<\/p><\/blockquote><p><strong>Daniele Melli<\/strong><\/p><p><\/p><p>Seguidamente, hizo uso de la palabra MccGwire, quien habl\u00f3 sobre el tema de la adaptaci\u00f3n a un futuro digital, y los participantes intercambiaron informaci\u00f3n sobre lo que funciona mejor en sus sindicatos.<\/p><p><strong>&iquest;Qu\u00e9 funciona bien para su sindicato?<\/strong><\/p><p><\/p><p>A esto sigui\u00f3 una presentaci\u00f3n sobre el trabajo de IndustriALL Global Union y los sindicatos de industriAll Europe, y sobre c\u00f3mo las campa\u00f1as conjuntas logran resultados positivos.<\/p><p><strong>IndustriALL Global Union e industriAll Europe: &iquest;qui\u00e9nes somos y c\u00f3mo realizamos el trabajo en conjunto?<\/strong><\/p><p><\/p><p>El d\u00eda finaliz\u00f3 con una presentaci\u00f3n sobre el poder de una red y un ejercicio pr\u00e1ctico en el que los afiliados intercambiaron informaci\u00f3n sobre las maneras m\u00e1s eficaces de compartir informaci\u00f3n y conformar una estructura que les permita responder r\u00e1pidamente a cualquier llamada de solidaridad, y, adem\u00e1s, para colaborar en las campa\u00f1as .<\/p><p><strong>El poder de una red<\/strong><\/p><p><\/p>","protected":false},"featured_media":0,"template":"","issues":[],"companies":[],"regions":[202,221],"sectors":[],"article_tags":[],"class_list":["post-164520","article","type-article","status-publish","hentry","regions-europe","regions-hungary"],"acf":[],"yoast_head":"<!-- This site is optimized with the Yoast SEO Premium plugin v27.1 (Yoast SEO v27.1) - https:\/\/yoast.com\/product\/yoast-seo-premium-wordpress\/ -->\n<title>Responsables de comunicaci\u00f3n sindical se re\u00fanen en Budapest - industriall-union<\/title>\n<meta name=\"description\" content=\"La mencionada reuni\u00f3n, realizada los d\u00edas 19 y 20 de junio, cont\u00f3 con la participaci\u00f3n de 54 personas de todas partes de Europa, incluyendo a Kosovo,\" \/>\n<meta name=\"robots\" content=\"index, follow, max-snippet:-1, max-image-preview:large, max-video-preview:-1\" \/>\n<link rel=\"canonical\" href=\"https:\/\/admin.industriall-union.org\/es\/responsables-de-comunicacion-sindical-se-reunen-en-budapest\/\" \/>\n<meta property=\"og:locale\" content=\"es_ES\" \/>\n<meta property=\"og:type\" content=\"article\" \/>\n<meta property=\"og:title\" content=\"Responsables de comunicaci\u00f3n sindical se re\u00fanen en Budapest\" \/>\n<meta property=\"og:description\" content=\"La mencionada reuni\u00f3n, realizada los d\u00edas 19 y 20 de junio, cont\u00f3 con la participaci\u00f3n de 54 personas de todas partes de Europa, incluyendo a Kosovo,\" \/>\n<meta property=\"og:url\" content=\"https:\/\/admin.industriall-union.org\/es\/responsables-de-comunicacion-sindical-se-reunen-en-budapest\/\" \/>\n<meta property=\"og:site_name\" content=\"industriall-union\" \/>\n<meta property=\"article:modified_time\" content=\"2025-02-05T09:53:07+00:00\" \/>\n<meta name=\"twitter:card\" content=\"summary_large_image\" \/>\n<meta name=\"twitter:label1\" content=\"Est. reading time\" \/>\n\t<meta name=\"twitter:data1\" content=\"4 minutes\" \/>\n<script type=\"application\/ld+json\" class=\"yoast-schema-graph\">{\"@context\":\"https:\/\/schema.org\",\"@graph\":[{\"@type\":\"WebPage\",\"@id\":\"https:\/\/admin.industriall-union.org\/es\/responsables-de-comunicacion-sindical-se-reunen-en-budapest\/\",\"url\":\"https:\/\/admin.industriall-union.org\/es\/responsables-de-comunicacion-sindical-se-reunen-en-budapest\/\",\"name\":\"Responsables de comunicaci\u00f3n sindical se re\u00fanen en Budapest - industriall-union\",\"isPartOf\":{\"@id\":\"https:\/\/admin.industriall-union.org\/#website\"},\"datePublished\":\"2017-06-22T14:29:04+00:00\",\"dateModified\":\"2025-02-05T09:53:07+00:00\",\"description\":\"La mencionada reuni\u00f3n, realizada los d\u00edas 19 y 20 de junio, cont\u00f3 con la participaci\u00f3n de 54 personas de todas partes de Europa, incluyendo a Kosovo,\",\"breadcrumb\":{\"@id\":\"https:\/\/admin.industriall-union.org\/es\/responsables-de-comunicacion-sindical-se-reunen-en-budapest\/#breadcrumb\"},\"inLanguage\":\"es-ES\",\"potentialAction\":[{\"@type\":\"ReadAction\",\"target\":[\"https:\/\/admin.industriall-union.org\/es\/responsables-de-comunicacion-sindical-se-reunen-en-budapest\/\"]}]},{\"@type\":\"BreadcrumbList\",\"@id\":\"https:\/\/admin.industriall-union.org\/es\/responsables-de-comunicacion-sindical-se-reunen-en-budapest\/#breadcrumb\",\"itemListElement\":[{\"@type\":\"ListItem\",\"position\":1,\"name\":\"Home\",\"item\":\"https:\/\/admin.industriall-union.org\/\"},{\"@type\":\"ListItem\",\"position\":2,\"name\":\"Articles\",\"item\":\"https:\/\/admin.industriall-union.org\/article\/\"},{\"@type\":\"ListItem\",\"position\":3,\"name\":\"Responsables de comunicaci\u00f3n sindical se re\u00fanen en Budapest\"}]},{\"@type\":\"WebSite\",\"@id\":\"https:\/\/admin.industriall-union.org\/#website\",\"url\":\"https:\/\/admin.industriall-union.org\/\",\"name\":\"industriall-union\",\"description\":\"\",\"potentialAction\":[{\"@type\":\"SearchAction\",\"target\":{\"@type\":\"EntryPoint\",\"urlTemplate\":\"https:\/\/admin.industriall-union.org\/?s={search_term_string}\"},\"query-input\":{\"@type\":\"PropertyValueSpecification\",\"valueRequired\":true,\"valueName\":\"search_term_string\"}}],\"inLanguage\":\"es-ES\"}]}<\/script>\n<!-- \/ Yoast SEO Premium plugin. -->","yoast_head_json":{"title":"Responsables de comunicaci\u00f3n sindical se re\u00fanen en Budapest - industriall-union","description":"La mencionada reuni\u00f3n, realizada los d\u00edas 19 y 20 de junio, cont\u00f3 con la participaci\u00f3n de 54 personas de todas partes de Europa, incluyendo a Kosovo,","robots":{"index":"index","follow":"follow","max-snippet":"max-snippet:-1","max-image-preview":"max-image-preview:large","max-video-preview":"max-video-preview:-1"},"canonical":"https:\/\/admin.industriall-union.org\/es\/responsables-de-comunicacion-sindical-se-reunen-en-budapest\/","og_locale":"es_ES","og_type":"article","og_title":"Responsables de comunicaci\u00f3n sindical se re\u00fanen en Budapest","og_description":"La mencionada reuni\u00f3n, realizada los d\u00edas 19 y 20 de junio, cont\u00f3 con la participaci\u00f3n de 54 personas de todas partes de Europa, incluyendo a Kosovo,","og_url":"https:\/\/admin.industriall-union.org\/es\/responsables-de-comunicacion-sindical-se-reunen-en-budapest\/","og_site_name":"industriall-union","article_modified_time":"2025-02-05T09:53:07+00:00","twitter_card":"summary_large_image","twitter_misc":{"Est. reading time":"4 minutes"},"schema":{"@context":"https:\/\/schema.org","@graph":[{"@type":"WebPage","@id":"https:\/\/admin.industriall-union.org\/es\/responsables-de-comunicacion-sindical-se-reunen-en-budapest\/","url":"https:\/\/admin.industriall-union.org\/es\/responsables-de-comunicacion-sindical-se-reunen-en-budapest\/","name":"Responsables de comunicaci\u00f3n sindical se re\u00fanen en Budapest - industriall-union","isPartOf":{"@id":"https:\/\/admin.industriall-union.org\/#website"},"datePublished":"2017-06-22T14:29:04+00:00","dateModified":"2025-02-05T09:53:07+00:00","description":"La mencionada reuni\u00f3n, realizada los d\u00edas 19 y 20 de junio, cont\u00f3 con la participaci\u00f3n de 54 personas de todas partes de Europa, incluyendo a Kosovo,","breadcrumb":{"@id":"https:\/\/admin.industriall-union.org\/es\/responsables-de-comunicacion-sindical-se-reunen-en-budapest\/#breadcrumb"},"inLanguage":"es-ES","potentialAction":[{"@type":"ReadAction","target":["https:\/\/admin.industriall-union.org\/es\/responsables-de-comunicacion-sindical-se-reunen-en-budapest\/"]}]},{"@type":"BreadcrumbList","@id":"https:\/\/admin.industriall-union.org\/es\/responsables-de-comunicacion-sindical-se-reunen-en-budapest\/#breadcrumb","itemListElement":[{"@type":"ListItem","position":1,"name":"Home","item":"https:\/\/admin.industriall-union.org\/"},{"@type":"ListItem","position":2,"name":"Articles","item":"https:\/\/admin.industriall-union.org\/article\/"},{"@type":"ListItem","position":3,"name":"Responsables de comunicaci\u00f3n sindical se re\u00fanen en Budapest"}]},{"@type":"WebSite","@id":"https:\/\/admin.industriall-union.org\/#website","url":"https:\/\/admin.industriall-union.org\/","name":"industriall-union","description":"","potentialAction":[{"@type":"SearchAction","target":{"@type":"EntryPoint","urlTemplate":"https:\/\/admin.industriall-union.org\/?s={search_term_string}"},"query-input":{"@type":"PropertyValueSpecification","valueRequired":true,"valueName":"search_term_string"}}],"inLanguage":"es-ES"}]}},"_links":{"self":[{"href":"https:\/\/admin.industriall-union.org\/es\/wp-json\/wp\/v2\/article\/164520","targetHints":{"allow":["GET"]}}],"collection":[{"href":"https:\/\/admin.industriall-union.org\/es\/wp-json\/wp\/v2\/article"}],"about":[{"href":"https:\/\/admin.industriall-union.org\/es\/wp-json\/wp\/v2\/types\/article"}],"wp:attachment":[{"href":"https:\/\/admin.industriall-union.org\/es\/wp-json\/wp\/v2\/media?parent=164520"}],"wp:term":[{"taxonomy":"issues","embeddable":true,"href":"https:\/\/admin.industriall-union.org\/es\/wp-json\/wp\/v2\/issues?post=164520"},{"taxonomy":"companies","embeddable":true,"href":"https:\/\/admin.industriall-union.org\/es\/wp-json\/wp\/v2\/companies?post=164520"},{"taxonomy":"regions","embeddable":true,"href":"https:\/\/admin.industriall-union.org\/es\/wp-json\/wp\/v2\/regions?post=164520"},{"taxonomy":"sectors","embeddable":true,"href":"https:\/\/admin.industriall-union.org\/es\/wp-json\/wp\/v2\/sectors?post=164520"},{"taxonomy":"article_tags","embeddable":true,"href":"https:\/\/admin.industriall-union.org\/es\/wp-json\/wp\/v2\/article_tags?post=164520"}],"curies":[{"name":"wp","href":"https:\/\/api.w.org\/{rel}","templated":true}]}}