{"id":164519,"date":"2017-06-22T16:46:27","date_gmt":"2017-06-22T16:46:27","guid":{"rendered":"https:\/\/admin.industriall-union.org\/diam-despide-a-80-sindicalistas-turcos-a-traves-de-un-mensaje-de-texto\/"},"modified":"2025-02-05T09:51:17","modified_gmt":"2025-02-05T09:51:17","slug":"diam-despide-a-80-sindicalistas-turcos-a-traves-de-un-mensaje-de-texto","status":"publish","type":"article","link":"https:\/\/admin.industriall-union.org\/es\/diam-despide-a-80-sindicalistas-turcos-a-traves-de-un-mensaje-de-texto\/","title":{"rendered":"DIAM despide a 80 sindicalistas turcos a trav\u00e9s de un mensaje de texto"},"content":{"rendered":"<blockquote><p>&ldquo;Se entiende que durante 7 a 9 d\u00edas Ud. se uni\u00f3 a la huelga ilegal que se realizaba en el lugar de trabajo. Ud. dej\u00f3 de trabajar, e intent\u00f3 convencer a otros trabajadores para que dejaran de trabajar. Ud. viol\u00f3 la libertad de trabajo de estos trabajadores. Debido a estas acciones ilegales, su contrato de trabajo fue terminado el 15.06.2017&rdquo;.<\/p><\/blockquote><p>As\u00ed fue el siniestro mensaje de texto que DIAM envi\u00f3 a los miembros del sindicato para poner fin a sus contratos de trabajo en la f\u00e1brica turca productora de muestras publicitarias para conocidas marcas.<\/p><p>Los trabajadores y trabajadoras declararon la huelga luego de que sus colegas fueran despedidos durante una campa\u00f1a de sindicalizaci\u00f3n realizada por Birle\u015fik Metal-\u0130\u015f, organizaci\u00f3n afiliada a IndustriALL Global Union.<\/p><p>De acuerdo con la pr\u00e1ctica usual en Turqu\u00eda, Birle\u015fik Metal-\u0130\u015f organiz\u00f3 a los trabajadores\/as en un sindicato y recibi\u00f3 un certificado del Ministerio de Trabajo, se\u00f1alando que representa a la mayor\u00eda de los trabajadores\/as, y reconociendo su derecho a representarles. En lugar de entablar negociaciones con los representantes de los trabajadores\/as, la filial turca de DIAM, Diam Vitrin Tasar\u0131m Hizmetleri Ambalaj San. Tic. Ltd. \u015eti, despidi\u00f3 a cinco dirigentes sindicales.<\/p><p>IndustriALL Global Union e IndustriAll Europe <a href=\"\/wp-content\/uploads\/documents\/2017\/TURKEY\/industriall_europe_and_industriall_global_union_letter_to_diam_internati.pdf\">escribieron a la casa matriz de la empresa en Francia<\/a>, pidi\u00e9ndole que procurara que su filial reconociera las normas fundamentales de la OIT sobre el derecho de sindicaci\u00f3n, y que reintegrara a los trabajadores\/as despedidos.<\/p><p>En vez de dar atenci\u00f3n a la carta sealada, la compa\u00f1\u00eda despidi\u00f3 a otros diez trabajadores\/as, y cuestion\u00f3 el certificado de mayor\u00eda en los tribunales. Cuando los trabajadores\/as declararon la huelga para protestar por los despidos, fueron despedidos con un mensaje de texto.<\/p><p>DIAM es una empresa multinacional que se especializa en la producci\u00f3n de muestras de mercanc\u00eda para puntos de venta y de comercializaci\u00f3n para la industria cosm\u00e9tica. Entre sus clientes figuran Chanel, Cartier, Calvin Klein, Clinique, Dior, Est\u00e9e Lauder, Dolce Gabana, Gucci, Givenchy, Maybelline, Guerlain, Lanc\u00f4me, Louis Vuitton y Valentina.<\/p><p>La mencionada f\u00e1brica turca elabora productos principalmente para L&#039;Oreal y Dior.<\/p><p>Por su parte, Kemal \u00d6zkan, Secretario General Adjunto de IndustriALL, se\u00f1al\u00f3:<\/p><blockquote><p>&ldquo;Se ha hecho com\u00fan que las multinacionales que producen para el mercado europeo obtengan sus productos en Turqu\u00eda, debido a su proximidad a la UE y por las normas de fabricaci\u00f3n.<\/p><p>&ldquo;Tambi\u00e9n ha llegado a ser com\u00fan que estas empresas respeten los derechos laborales en sus pa\u00edses de origen, pero participan en represi\u00f3n brutal en Turqu\u00eda. Est\u00e1n subcontratando la represi\u00f3n que se ejerce contra los sindicatos, con la complicidad de un gobierno antisindical.<\/p><p>&ldquo;No estamos dispuestos a permitir esto. Entre las medidas que vamos a emprender, IndustriALL identificar\u00e1 las marcas cuyos productos son fabricados por DIAM en Turqu\u00eda, y vamos a denunciar p\u00fablicamente la represi\u00f3n que se aplica contra los sindicalistas&rdquo;.<\/p><\/blockquote>","protected":false},"featured_media":0,"template":"","issues":[425],"companies":[],"regions":[202,250],"sectors":[476,479],"article_tags":[],"class_list":["post-164519","article","type-article","status-publish","hentry","issues-workers-rights","regions-europe","regions-turkiye","sectors-chemical-pharmaceutical-bio-science","sectors-pharmaceutical"],"acf":[],"yoast_head":"<!-- This site is optimized with the Yoast SEO Premium plugin v27.1 (Yoast SEO v27.1) - https:\/\/yoast.com\/product\/yoast-seo-premium-wordpress\/ -->\n<title>DIAM despide a 80 sindicalistas turcos a trav\u00e9s de un mensaje de texto - industriall-union<\/title>\n<meta name=\"description\" content=\"&ldquo;Se entiende que durante 7 a 9 d\u00edas Ud. se uni\u00f3 a la huelga ilegal que se realizaba en el lugar de trabajo. Ud. dej\u00f3 de trabajar, e intent\u00f3\" \/>\n<meta name=\"robots\" content=\"index, follow, max-snippet:-1, max-image-preview:large, max-video-preview:-1\" \/>\n<link rel=\"canonical\" href=\"https:\/\/admin.industriall-union.org\/es\/diam-despide-a-80-sindicalistas-turcos-a-traves-de-un-mensaje-de-texto\/\" \/>\n<meta property=\"og:locale\" content=\"es_ES\" \/>\n<meta property=\"og:type\" content=\"article\" \/>\n<meta property=\"og:title\" content=\"DIAM despide a 80 sindicalistas turcos a trav\u00e9s de un mensaje de texto\" \/>\n<meta property=\"og:description\" content=\"&ldquo;Se entiende que durante 7 a 9 d\u00edas Ud. se uni\u00f3 a la huelga ilegal que se realizaba en el lugar de trabajo. Ud. dej\u00f3 de trabajar, e intent\u00f3\" \/>\n<meta property=\"og:url\" content=\"https:\/\/admin.industriall-union.org\/es\/diam-despide-a-80-sindicalistas-turcos-a-traves-de-un-mensaje-de-texto\/\" \/>\n<meta property=\"og:site_name\" content=\"industriall-union\" \/>\n<meta property=\"article:modified_time\" content=\"2025-02-05T09:51:17+00:00\" \/>\n<meta name=\"twitter:card\" content=\"summary_large_image\" \/>\n<meta name=\"twitter:label1\" content=\"Est. reading time\" \/>\n\t<meta name=\"twitter:data1\" content=\"3 minutes\" \/>\n<script type=\"application\/ld+json\" class=\"yoast-schema-graph\">{\"@context\":\"https:\/\/schema.org\",\"@graph\":[{\"@type\":\"WebPage\",\"@id\":\"https:\/\/admin.industriall-union.org\/es\/diam-despide-a-80-sindicalistas-turcos-a-traves-de-un-mensaje-de-texto\/\",\"url\":\"https:\/\/admin.industriall-union.org\/es\/diam-despide-a-80-sindicalistas-turcos-a-traves-de-un-mensaje-de-texto\/\",\"name\":\"DIAM despide a 80 sindicalistas turcos a trav\u00e9s de un mensaje de texto - industriall-union\",\"isPartOf\":{\"@id\":\"https:\/\/admin.industriall-union.org\/#website\"},\"datePublished\":\"2017-06-22T16:46:27+00:00\",\"dateModified\":\"2025-02-05T09:51:17+00:00\",\"description\":\"&ldquo;Se entiende que durante 7 a 9 d\u00edas Ud. se uni\u00f3 a la huelga ilegal que se realizaba en el lugar de trabajo. Ud. dej\u00f3 de trabajar, e intent\u00f3\",\"breadcrumb\":{\"@id\":\"https:\/\/admin.industriall-union.org\/es\/diam-despide-a-80-sindicalistas-turcos-a-traves-de-un-mensaje-de-texto\/#breadcrumb\"},\"inLanguage\":\"es-ES\",\"potentialAction\":[{\"@type\":\"ReadAction\",\"target\":[\"https:\/\/admin.industriall-union.org\/es\/diam-despide-a-80-sindicalistas-turcos-a-traves-de-un-mensaje-de-texto\/\"]}]},{\"@type\":\"BreadcrumbList\",\"@id\":\"https:\/\/admin.industriall-union.org\/es\/diam-despide-a-80-sindicalistas-turcos-a-traves-de-un-mensaje-de-texto\/#breadcrumb\",\"itemListElement\":[{\"@type\":\"ListItem\",\"position\":1,\"name\":\"Home\",\"item\":\"https:\/\/admin.industriall-union.org\/\"},{\"@type\":\"ListItem\",\"position\":2,\"name\":\"Articles\",\"item\":\"https:\/\/admin.industriall-union.org\/article\/\"},{\"@type\":\"ListItem\",\"position\":3,\"name\":\"DIAM despide a 80 sindicalistas turcos a trav\u00e9s de un mensaje de texto\"}]},{\"@type\":\"WebSite\",\"@id\":\"https:\/\/admin.industriall-union.org\/#website\",\"url\":\"https:\/\/admin.industriall-union.org\/\",\"name\":\"industriall-union\",\"description\":\"\",\"potentialAction\":[{\"@type\":\"SearchAction\",\"target\":{\"@type\":\"EntryPoint\",\"urlTemplate\":\"https:\/\/admin.industriall-union.org\/?s={search_term_string}\"},\"query-input\":{\"@type\":\"PropertyValueSpecification\",\"valueRequired\":true,\"valueName\":\"search_term_string\"}}],\"inLanguage\":\"es-ES\"}]}<\/script>\n<!-- \/ Yoast SEO Premium plugin. -->","yoast_head_json":{"title":"DIAM despide a 80 sindicalistas turcos a trav\u00e9s de un mensaje de texto - industriall-union","description":"&ldquo;Se entiende que durante 7 a 9 d\u00edas Ud. se uni\u00f3 a la huelga ilegal que se realizaba en el lugar de trabajo. Ud. dej\u00f3 de trabajar, e intent\u00f3","robots":{"index":"index","follow":"follow","max-snippet":"max-snippet:-1","max-image-preview":"max-image-preview:large","max-video-preview":"max-video-preview:-1"},"canonical":"https:\/\/admin.industriall-union.org\/es\/diam-despide-a-80-sindicalistas-turcos-a-traves-de-un-mensaje-de-texto\/","og_locale":"es_ES","og_type":"article","og_title":"DIAM despide a 80 sindicalistas turcos a trav\u00e9s de un mensaje de texto","og_description":"&ldquo;Se entiende que durante 7 a 9 d\u00edas Ud. se uni\u00f3 a la huelga ilegal que se realizaba en el lugar de trabajo. Ud. dej\u00f3 de trabajar, e intent\u00f3","og_url":"https:\/\/admin.industriall-union.org\/es\/diam-despide-a-80-sindicalistas-turcos-a-traves-de-un-mensaje-de-texto\/","og_site_name":"industriall-union","article_modified_time":"2025-02-05T09:51:17+00:00","twitter_card":"summary_large_image","twitter_misc":{"Est. reading time":"3 minutes"},"schema":{"@context":"https:\/\/schema.org","@graph":[{"@type":"WebPage","@id":"https:\/\/admin.industriall-union.org\/es\/diam-despide-a-80-sindicalistas-turcos-a-traves-de-un-mensaje-de-texto\/","url":"https:\/\/admin.industriall-union.org\/es\/diam-despide-a-80-sindicalistas-turcos-a-traves-de-un-mensaje-de-texto\/","name":"DIAM despide a 80 sindicalistas turcos a trav\u00e9s de un mensaje de texto - industriall-union","isPartOf":{"@id":"https:\/\/admin.industriall-union.org\/#website"},"datePublished":"2017-06-22T16:46:27+00:00","dateModified":"2025-02-05T09:51:17+00:00","description":"&ldquo;Se entiende que durante 7 a 9 d\u00edas Ud. se uni\u00f3 a la huelga ilegal que se realizaba en el lugar de trabajo. Ud. dej\u00f3 de trabajar, e intent\u00f3","breadcrumb":{"@id":"https:\/\/admin.industriall-union.org\/es\/diam-despide-a-80-sindicalistas-turcos-a-traves-de-un-mensaje-de-texto\/#breadcrumb"},"inLanguage":"es-ES","potentialAction":[{"@type":"ReadAction","target":["https:\/\/admin.industriall-union.org\/es\/diam-despide-a-80-sindicalistas-turcos-a-traves-de-un-mensaje-de-texto\/"]}]},{"@type":"BreadcrumbList","@id":"https:\/\/admin.industriall-union.org\/es\/diam-despide-a-80-sindicalistas-turcos-a-traves-de-un-mensaje-de-texto\/#breadcrumb","itemListElement":[{"@type":"ListItem","position":1,"name":"Home","item":"https:\/\/admin.industriall-union.org\/"},{"@type":"ListItem","position":2,"name":"Articles","item":"https:\/\/admin.industriall-union.org\/article\/"},{"@type":"ListItem","position":3,"name":"DIAM despide a 80 sindicalistas turcos a trav\u00e9s de un mensaje de texto"}]},{"@type":"WebSite","@id":"https:\/\/admin.industriall-union.org\/#website","url":"https:\/\/admin.industriall-union.org\/","name":"industriall-union","description":"","potentialAction":[{"@type":"SearchAction","target":{"@type":"EntryPoint","urlTemplate":"https:\/\/admin.industriall-union.org\/?s={search_term_string}"},"query-input":{"@type":"PropertyValueSpecification","valueRequired":true,"valueName":"search_term_string"}}],"inLanguage":"es-ES"}]}},"_links":{"self":[{"href":"https:\/\/admin.industriall-union.org\/es\/wp-json\/wp\/v2\/article\/164519","targetHints":{"allow":["GET"]}}],"collection":[{"href":"https:\/\/admin.industriall-union.org\/es\/wp-json\/wp\/v2\/article"}],"about":[{"href":"https:\/\/admin.industriall-union.org\/es\/wp-json\/wp\/v2\/types\/article"}],"wp:attachment":[{"href":"https:\/\/admin.industriall-union.org\/es\/wp-json\/wp\/v2\/media?parent=164519"}],"wp:term":[{"taxonomy":"issues","embeddable":true,"href":"https:\/\/admin.industriall-union.org\/es\/wp-json\/wp\/v2\/issues?post=164519"},{"taxonomy":"companies","embeddable":true,"href":"https:\/\/admin.industriall-union.org\/es\/wp-json\/wp\/v2\/companies?post=164519"},{"taxonomy":"regions","embeddable":true,"href":"https:\/\/admin.industriall-union.org\/es\/wp-json\/wp\/v2\/regions?post=164519"},{"taxonomy":"sectors","embeddable":true,"href":"https:\/\/admin.industriall-union.org\/es\/wp-json\/wp\/v2\/sectors?post=164519"},{"taxonomy":"article_tags","embeddable":true,"href":"https:\/\/admin.industriall-union.org\/es\/wp-json\/wp\/v2\/article_tags?post=164519"}],"curies":[{"name":"wp","href":"https:\/\/api.w.org\/{rel}","templated":true}]}}