{"id":164407,"date":"2017-07-13T12:51:08","date_gmt":"2017-07-13T12:51:08","guid":{"rendered":"https:\/\/admin.industriall-union.org\/turquia-conflicto-resuelto-en-la-fabrica-de-calcetines-y-ropa-interior\/"},"modified":"2025-02-04T23:45:08","modified_gmt":"2025-02-04T23:45:08","slug":"turquia-conflicto-resuelto-en-la-fabrica-de-calcetines-y-ropa-interior","status":"publish","type":"article","link":"https:\/\/admin.industriall-union.org\/es\/turquia-conflicto-resuelto-en-la-fabrica-de-calcetines-y-ropa-interior\/","title":{"rendered":"Turqu\u00eda: Conflicto resuelto en la f\u00e1brica de calcetines y ropa interior"},"content":{"rendered":"<p>\u00d6z \u0130plik-\u0130\u015f, el afiliado a la IndustriALL, <a href=\"http:\/\/www.industriall-union.org\/es\/una-fabrica-turca-de-calcetines-y-ropa-interior-despide-a-miembros-sindicales\" target=\"_self\">hizo frente a las dificultades realizando una campa\u00f1a de organizaci\u00f3n sindical activa<\/a> en la f\u00e1brica de calcetines y ropa interior Beks en la ciudad de \u00c7erkezk\u00f6y.<\/p><p>La f\u00e1brica Beks, que emplea a 2.000 trabajadores, es un importante proveedor de Tchibo, H&amp;M y M&amp;S, que intervinieron para que la direcci\u00f3n adoptara medidas correctivas a ra\u00edz del conflicto. A principios de esta semana, la direcci\u00f3n de Beks se reuni\u00f3 con la IndustriALL Global Union y \u00d6z \u0130plik-\u0130\u015f en Estambul, y se firm\u00f3 un protocolo para resolver los problemas.<\/p><p>Beks declar\u00f3 claramente que respeta el derecho de libertad de asociaci\u00f3n de sus empleados con arreglo a su propia elecci\u00f3n, y reconoci\u00f3 al sindicato \u00d6z \u0130plik-\u0130\u015f como representante leg\u00edtimo para un di\u00e1logo constructivo.<\/p><p>&ldquo;El apoyo y la intervenci\u00f3n de la IndustriALL Global Union ha sido vital y decisivo en este satisfactorio resultado con Beks,&rdquo; dijeron Murat \u0130nan\u00e7, presidente general, y Raif Ay, secretario general, de \u00d6z \u0130plik-\u0130\u015f.<\/p><p>&ldquo;Este caso demuestra una vez m\u00e1s que los acuerdos marco globales con marcas multinacionales son incre\u00edblemente importantes y \u00fatiles en nuestras acciones cotidianas.&rdquo;<\/p><p>El protocolo firmado ofrece tambi\u00e9n la oportunidad de que los trabajadores despedidos recuperen sus empleos. El sindicato y la direcci\u00f3n acordaron aclarar&nbsp; todos los casos judiciales, y proceder en cambio a reuniones de di\u00e1logo regulares.<\/p><p>&ldquo;La IndustriALL Global Union est\u00e1 satisfecha con esta soluci\u00f3n&rdquo;, dijo el secretario general adjunto de la IndustriALL Kemal \u00d6zkan, que asisti\u00f3 a la \u00faltima reuni\u00f3n con la direcci\u00f3n de la empresa.<\/p><p>&ldquo;Felicito a nuestro afiliado por su determinaci\u00f3n en la iniciativa de sindicaci\u00f3n y por su constructivo comportamiento en la soluci\u00f3n definitiva. Y tambi\u00e9n felicito a la direcci\u00f3n de Beks por su actitud para llegar finalmente a un acuerdo.<\/p><p>&quot;Nuestros asociados en el AMG, Tchibo y H&amp;M, cumplieron real y sinceramente los requisitos de las disposiciones de nuestros acuerdos globales.&rdquo;<\/p>","protected":false},"featured_media":0,"template":"","issues":[396,398],"companies":[],"regions":[250],"sectors":[465],"article_tags":[],"class_list":["post-164407","article","type-article","status-publish","hentry","issues-building-strong-unions","issues-union-win","regions-turkiye","sectors-garment"],"acf":[],"yoast_head":"<!-- This site is optimized with the Yoast SEO Premium plugin v27.1 (Yoast SEO v27.1) - https:\/\/yoast.com\/product\/yoast-seo-premium-wordpress\/ -->\n<title>Turqu\u00eda: Conflicto resuelto en la f\u00e1brica de calcetines y ropa interior - industriall-union<\/title>\n<meta name=\"description\" content=\"\u00d6z \u0130plik-\u0130\u015f, el afiliado a la IndustriALL, hizo frente a las dificultades realizando una campa\u00f1a de organizaci\u00f3n sindical activa en la f\u00e1brica de\" \/>\n<meta name=\"robots\" content=\"index, follow, max-snippet:-1, max-image-preview:large, max-video-preview:-1\" \/>\n<link rel=\"canonical\" href=\"https:\/\/admin.industriall-union.org\/es\/turquia-conflicto-resuelto-en-la-fabrica-de-calcetines-y-ropa-interior\/\" \/>\n<meta property=\"og:locale\" content=\"es_ES\" \/>\n<meta property=\"og:type\" content=\"article\" \/>\n<meta property=\"og:title\" content=\"Turqu\u00eda: Conflicto resuelto en la f\u00e1brica de calcetines y ropa interior\" \/>\n<meta property=\"og:description\" content=\"\u00d6z \u0130plik-\u0130\u015f, el afiliado a la IndustriALL, hizo frente a las dificultades realizando una campa\u00f1a de organizaci\u00f3n sindical activa en la f\u00e1brica de\" \/>\n<meta property=\"og:url\" content=\"https:\/\/admin.industriall-union.org\/es\/turquia-conflicto-resuelto-en-la-fabrica-de-calcetines-y-ropa-interior\/\" \/>\n<meta property=\"og:site_name\" content=\"industriall-union\" \/>\n<meta property=\"article:modified_time\" content=\"2025-02-04T23:45:08+00:00\" \/>\n<meta name=\"twitter:card\" content=\"summary_large_image\" \/>\n<meta name=\"twitter:label1\" content=\"Est. reading time\" \/>\n\t<meta name=\"twitter:data1\" content=\"2 minutes\" \/>\n<script type=\"application\/ld+json\" class=\"yoast-schema-graph\">{\"@context\":\"https:\/\/schema.org\",\"@graph\":[{\"@type\":\"WebPage\",\"@id\":\"https:\/\/admin.industriall-union.org\/es\/turquia-conflicto-resuelto-en-la-fabrica-de-calcetines-y-ropa-interior\/\",\"url\":\"https:\/\/admin.industriall-union.org\/es\/turquia-conflicto-resuelto-en-la-fabrica-de-calcetines-y-ropa-interior\/\",\"name\":\"Turqu\u00eda: Conflicto resuelto en la f\u00e1brica de calcetines y ropa interior - industriall-union\",\"isPartOf\":{\"@id\":\"https:\/\/admin.industriall-union.org\/#website\"},\"datePublished\":\"2017-07-13T12:51:08+00:00\",\"dateModified\":\"2025-02-04T23:45:08+00:00\",\"description\":\"\u00d6z \u0130plik-\u0130\u015f, el afiliado a la IndustriALL, hizo frente a las dificultades realizando una campa\u00f1a de organizaci\u00f3n sindical activa en la f\u00e1brica de\",\"breadcrumb\":{\"@id\":\"https:\/\/admin.industriall-union.org\/es\/turquia-conflicto-resuelto-en-la-fabrica-de-calcetines-y-ropa-interior\/#breadcrumb\"},\"inLanguage\":\"es-ES\",\"potentialAction\":[{\"@type\":\"ReadAction\",\"target\":[\"https:\/\/admin.industriall-union.org\/es\/turquia-conflicto-resuelto-en-la-fabrica-de-calcetines-y-ropa-interior\/\"]}]},{\"@type\":\"BreadcrumbList\",\"@id\":\"https:\/\/admin.industriall-union.org\/es\/turquia-conflicto-resuelto-en-la-fabrica-de-calcetines-y-ropa-interior\/#breadcrumb\",\"itemListElement\":[{\"@type\":\"ListItem\",\"position\":1,\"name\":\"Home\",\"item\":\"https:\/\/admin.industriall-union.org\/\"},{\"@type\":\"ListItem\",\"position\":2,\"name\":\"Articles\",\"item\":\"https:\/\/admin.industriall-union.org\/article\/\"},{\"@type\":\"ListItem\",\"position\":3,\"name\":\"Turqu\u00eda: Conflicto resuelto en la f\u00e1brica de calcetines y ropa interior\"}]},{\"@type\":\"WebSite\",\"@id\":\"https:\/\/admin.industriall-union.org\/#website\",\"url\":\"https:\/\/admin.industriall-union.org\/\",\"name\":\"industriall-union\",\"description\":\"\",\"potentialAction\":[{\"@type\":\"SearchAction\",\"target\":{\"@type\":\"EntryPoint\",\"urlTemplate\":\"https:\/\/admin.industriall-union.org\/?s={search_term_string}\"},\"query-input\":{\"@type\":\"PropertyValueSpecification\",\"valueRequired\":true,\"valueName\":\"search_term_string\"}}],\"inLanguage\":\"es-ES\"}]}<\/script>\n<!-- \/ Yoast SEO Premium plugin. -->","yoast_head_json":{"title":"Turqu\u00eda: Conflicto resuelto en la f\u00e1brica de calcetines y ropa interior - industriall-union","description":"\u00d6z \u0130plik-\u0130\u015f, el afiliado a la IndustriALL, hizo frente a las dificultades realizando una campa\u00f1a de organizaci\u00f3n sindical activa en la f\u00e1brica de","robots":{"index":"index","follow":"follow","max-snippet":"max-snippet:-1","max-image-preview":"max-image-preview:large","max-video-preview":"max-video-preview:-1"},"canonical":"https:\/\/admin.industriall-union.org\/es\/turquia-conflicto-resuelto-en-la-fabrica-de-calcetines-y-ropa-interior\/","og_locale":"es_ES","og_type":"article","og_title":"Turqu\u00eda: Conflicto resuelto en la f\u00e1brica de calcetines y ropa interior","og_description":"\u00d6z \u0130plik-\u0130\u015f, el afiliado a la IndustriALL, hizo frente a las dificultades realizando una campa\u00f1a de organizaci\u00f3n sindical activa en la f\u00e1brica de","og_url":"https:\/\/admin.industriall-union.org\/es\/turquia-conflicto-resuelto-en-la-fabrica-de-calcetines-y-ropa-interior\/","og_site_name":"industriall-union","article_modified_time":"2025-02-04T23:45:08+00:00","twitter_card":"summary_large_image","twitter_misc":{"Est. reading time":"2 minutes"},"schema":{"@context":"https:\/\/schema.org","@graph":[{"@type":"WebPage","@id":"https:\/\/admin.industriall-union.org\/es\/turquia-conflicto-resuelto-en-la-fabrica-de-calcetines-y-ropa-interior\/","url":"https:\/\/admin.industriall-union.org\/es\/turquia-conflicto-resuelto-en-la-fabrica-de-calcetines-y-ropa-interior\/","name":"Turqu\u00eda: Conflicto resuelto en la f\u00e1brica de calcetines y ropa interior - industriall-union","isPartOf":{"@id":"https:\/\/admin.industriall-union.org\/#website"},"datePublished":"2017-07-13T12:51:08+00:00","dateModified":"2025-02-04T23:45:08+00:00","description":"\u00d6z \u0130plik-\u0130\u015f, el afiliado a la IndustriALL, hizo frente a las dificultades realizando una campa\u00f1a de organizaci\u00f3n sindical activa en la f\u00e1brica de","breadcrumb":{"@id":"https:\/\/admin.industriall-union.org\/es\/turquia-conflicto-resuelto-en-la-fabrica-de-calcetines-y-ropa-interior\/#breadcrumb"},"inLanguage":"es-ES","potentialAction":[{"@type":"ReadAction","target":["https:\/\/admin.industriall-union.org\/es\/turquia-conflicto-resuelto-en-la-fabrica-de-calcetines-y-ropa-interior\/"]}]},{"@type":"BreadcrumbList","@id":"https:\/\/admin.industriall-union.org\/es\/turquia-conflicto-resuelto-en-la-fabrica-de-calcetines-y-ropa-interior\/#breadcrumb","itemListElement":[{"@type":"ListItem","position":1,"name":"Home","item":"https:\/\/admin.industriall-union.org\/"},{"@type":"ListItem","position":2,"name":"Articles","item":"https:\/\/admin.industriall-union.org\/article\/"},{"@type":"ListItem","position":3,"name":"Turqu\u00eda: Conflicto resuelto en la f\u00e1brica de calcetines y ropa interior"}]},{"@type":"WebSite","@id":"https:\/\/admin.industriall-union.org\/#website","url":"https:\/\/admin.industriall-union.org\/","name":"industriall-union","description":"","potentialAction":[{"@type":"SearchAction","target":{"@type":"EntryPoint","urlTemplate":"https:\/\/admin.industriall-union.org\/?s={search_term_string}"},"query-input":{"@type":"PropertyValueSpecification","valueRequired":true,"valueName":"search_term_string"}}],"inLanguage":"es-ES"}]}},"_links":{"self":[{"href":"https:\/\/admin.industriall-union.org\/es\/wp-json\/wp\/v2\/article\/164407","targetHints":{"allow":["GET"]}}],"collection":[{"href":"https:\/\/admin.industriall-union.org\/es\/wp-json\/wp\/v2\/article"}],"about":[{"href":"https:\/\/admin.industriall-union.org\/es\/wp-json\/wp\/v2\/types\/article"}],"wp:attachment":[{"href":"https:\/\/admin.industriall-union.org\/es\/wp-json\/wp\/v2\/media?parent=164407"}],"wp:term":[{"taxonomy":"issues","embeddable":true,"href":"https:\/\/admin.industriall-union.org\/es\/wp-json\/wp\/v2\/issues?post=164407"},{"taxonomy":"companies","embeddable":true,"href":"https:\/\/admin.industriall-union.org\/es\/wp-json\/wp\/v2\/companies?post=164407"},{"taxonomy":"regions","embeddable":true,"href":"https:\/\/admin.industriall-union.org\/es\/wp-json\/wp\/v2\/regions?post=164407"},{"taxonomy":"sectors","embeddable":true,"href":"https:\/\/admin.industriall-union.org\/es\/wp-json\/wp\/v2\/sectors?post=164407"},{"taxonomy":"article_tags","embeddable":true,"href":"https:\/\/admin.industriall-union.org\/es\/wp-json\/wp\/v2\/article_tags?post=164407"}],"curies":[{"name":"wp","href":"https:\/\/api.w.org\/{rel}","templated":true}]}}