{"id":164342,"date":"2017-07-18T12:56:27","date_gmt":"2017-07-18T12:56:27","guid":{"rendered":"https:\/\/admin.industriall-union.org\/logran-buenos-resultados-en-la-lucha-por-futuros-empleos\/"},"modified":"2025-02-04T23:27:45","modified_gmt":"2025-02-04T23:27:45","slug":"logran-buenos-resultados-en-la-lucha-por-futuros-empleos","status":"publish","type":"article","link":"https:\/\/admin.industriall-union.org\/es\/logran-buenos-resultados-en-la-lucha-por-futuros-empleos\/","title":{"rendered":"Logran buenos resultados en la lucha por futuros empleos"},"content":{"rendered":"<p>Los trabajadores\/as de la planta de Mercedes-Benz en Untert\u00fcrkheim <a href=\"http:\/\/www.industriall-union.org\/es\/los-trabajadores-de-daimler-en-alemania-luchan-por-sus-futuros-empleos\" target=\"_self\">se hab\u00edan negado a trabajar horas extraordinarias a partir del 1<sup>o<\/sup> de julio<\/a>, porque tem\u00edan que se podr\u00edan perder puestos de trabajo debido a la introducci\u00f3n de la nueva planta de fabricaci\u00f3n de bater\u00edas.<\/p><p>Sin embargo, con el nuevo convenio colectivo, se invertir\u00e1n varios miles de millones de euros en el futuro desarrollo de la planta de Untert\u00fcrkheim en los pr\u00f3ximos a\u00f1os. En total, el acuerdo crea m\u00e1s de 250 nuevos puestos de trabajo en el \u00e1mbito de la movilidad el\u00e9ctrica y a largo plazo da por resultado beneficios que protegen los intereses de los trabajadores\/as de esa planta.<\/p><p>Con el fin de procurar un buen nivel de competitividad, el convenio establecido entre la administraci\u00f3n de la planta y el comit\u00e9 de empresa incluye medidas para mejorar la flexibilidad y la eficiencia. Esto se refiere, por ejemplo, a la optimizaci\u00f3n del tiempo de funcionamiento de la planta, as\u00ed como a modelos de turnos variables y al despliegue flexible de la fuerza de trabajo.<\/p><p>Por su parte, Wolfgang Nieke, Presidente del Comit\u00e9 de Empresa de la planta de Mercedes-Benz en Untert\u00fcrkheim, se\u00f1al\u00f3:<\/p><blockquote><p>La planta de Untert\u00fcrkheim ha dado un gran paso hacia la movilidad el\u00e9ctrica, reforzando nuestra capacidad de producci\u00f3n de sistemas de tracci\u00f3n alternativos. Esto ofrece buenas perspectivas para la planta de Untert\u00fcrkheim.<\/p><\/blockquote><p>La f\u00e1brica de Mercedes-Benz en Untert\u00fcrkheim es l\u00edder en la producci\u00f3n mundial de sistemas de propulsi\u00f3n, y es la sede de Daimler. Con m\u00e1s de 19.000 empleados, esta planta produce motores, ejes, sistemas de transmisi\u00f3n y componentes.<\/p><p>Por otro lado, Helmut Lense, Director de IndustriALL para el sector automotriz, acot\u00f3:<\/p><blockquote><p>Debido a la introducci\u00f3n de los coches el\u00e9ctricos muchos de estos componentes ya no son necesarios. Este convenio constituye un paso importante en la creaci\u00f3n de nuevos lugares de trabajo para compensar la p\u00e9rdida de los actuales.<\/p><\/blockquote>","protected":false},"featured_media":0,"template":"","issues":[396,398],"companies":[],"regions":[219],"sectors":[482],"article_tags":[],"class_list":["post-164342","article","type-article","status-publish","hentry","issues-building-strong-unions","issues-union-win","regions-germany","sectors-automotive"],"acf":[],"yoast_head":"<!-- This site is optimized with the Yoast SEO Premium plugin v27.1 (Yoast SEO v27.1) - https:\/\/yoast.com\/product\/yoast-seo-premium-wordpress\/ -->\n<title>Logran buenos resultados en la lucha por futuros empleos - industriall-union<\/title>\n<meta name=\"description\" content=\"Los trabajadores\/as de la planta de Mercedes-Benz en Untert\u00fcrkheim se hab\u00edan negado a trabajar horas extraordinarias a partir del 1o de julio, porque\" \/>\n<meta name=\"robots\" content=\"index, follow, max-snippet:-1, max-image-preview:large, max-video-preview:-1\" \/>\n<link rel=\"canonical\" href=\"https:\/\/admin.industriall-union.org\/es\/logran-buenos-resultados-en-la-lucha-por-futuros-empleos\/\" \/>\n<meta property=\"og:locale\" content=\"es_ES\" \/>\n<meta property=\"og:type\" content=\"article\" \/>\n<meta property=\"og:title\" content=\"Logran buenos resultados en la lucha por futuros empleos\" \/>\n<meta property=\"og:description\" content=\"Los trabajadores\/as de la planta de Mercedes-Benz en Untert\u00fcrkheim se hab\u00edan negado a trabajar horas extraordinarias a partir del 1o de julio, porque\" \/>\n<meta property=\"og:url\" content=\"https:\/\/admin.industriall-union.org\/es\/logran-buenos-resultados-en-la-lucha-por-futuros-empleos\/\" \/>\n<meta property=\"og:site_name\" content=\"industriall-union\" \/>\n<meta property=\"article:modified_time\" content=\"2025-02-04T23:27:45+00:00\" \/>\n<meta name=\"twitter:card\" content=\"summary_large_image\" \/>\n<meta name=\"twitter:label1\" content=\"Est. reading time\" \/>\n\t<meta name=\"twitter:data1\" content=\"2 minutes\" \/>\n<script type=\"application\/ld+json\" class=\"yoast-schema-graph\">{\"@context\":\"https:\/\/schema.org\",\"@graph\":[{\"@type\":\"WebPage\",\"@id\":\"https:\/\/admin.industriall-union.org\/es\/logran-buenos-resultados-en-la-lucha-por-futuros-empleos\/\",\"url\":\"https:\/\/admin.industriall-union.org\/es\/logran-buenos-resultados-en-la-lucha-por-futuros-empleos\/\",\"name\":\"Logran buenos resultados en la lucha por futuros empleos - industriall-union\",\"isPartOf\":{\"@id\":\"https:\/\/admin.industriall-union.org\/#website\"},\"datePublished\":\"2017-07-18T12:56:27+00:00\",\"dateModified\":\"2025-02-04T23:27:45+00:00\",\"description\":\"Los trabajadores\/as de la planta de Mercedes-Benz en Untert\u00fcrkheim se hab\u00edan negado a trabajar horas extraordinarias a partir del 1o de julio, porque\",\"breadcrumb\":{\"@id\":\"https:\/\/admin.industriall-union.org\/es\/logran-buenos-resultados-en-la-lucha-por-futuros-empleos\/#breadcrumb\"},\"inLanguage\":\"es-ES\",\"potentialAction\":[{\"@type\":\"ReadAction\",\"target\":[\"https:\/\/admin.industriall-union.org\/es\/logran-buenos-resultados-en-la-lucha-por-futuros-empleos\/\"]}]},{\"@type\":\"BreadcrumbList\",\"@id\":\"https:\/\/admin.industriall-union.org\/es\/logran-buenos-resultados-en-la-lucha-por-futuros-empleos\/#breadcrumb\",\"itemListElement\":[{\"@type\":\"ListItem\",\"position\":1,\"name\":\"Home\",\"item\":\"https:\/\/admin.industriall-union.org\/\"},{\"@type\":\"ListItem\",\"position\":2,\"name\":\"Articles\",\"item\":\"https:\/\/admin.industriall-union.org\/article\/\"},{\"@type\":\"ListItem\",\"position\":3,\"name\":\"Logran buenos resultados en la lucha por futuros empleos\"}]},{\"@type\":\"WebSite\",\"@id\":\"https:\/\/admin.industriall-union.org\/#website\",\"url\":\"https:\/\/admin.industriall-union.org\/\",\"name\":\"industriall-union\",\"description\":\"\",\"potentialAction\":[{\"@type\":\"SearchAction\",\"target\":{\"@type\":\"EntryPoint\",\"urlTemplate\":\"https:\/\/admin.industriall-union.org\/?s={search_term_string}\"},\"query-input\":{\"@type\":\"PropertyValueSpecification\",\"valueRequired\":true,\"valueName\":\"search_term_string\"}}],\"inLanguage\":\"es-ES\"}]}<\/script>\n<!-- \/ Yoast SEO Premium plugin. -->","yoast_head_json":{"title":"Logran buenos resultados en la lucha por futuros empleos - industriall-union","description":"Los trabajadores\/as de la planta de Mercedes-Benz en Untert\u00fcrkheim se hab\u00edan negado a trabajar horas extraordinarias a partir del 1o de julio, porque","robots":{"index":"index","follow":"follow","max-snippet":"max-snippet:-1","max-image-preview":"max-image-preview:large","max-video-preview":"max-video-preview:-1"},"canonical":"https:\/\/admin.industriall-union.org\/es\/logran-buenos-resultados-en-la-lucha-por-futuros-empleos\/","og_locale":"es_ES","og_type":"article","og_title":"Logran buenos resultados en la lucha por futuros empleos","og_description":"Los trabajadores\/as de la planta de Mercedes-Benz en Untert\u00fcrkheim se hab\u00edan negado a trabajar horas extraordinarias a partir del 1o de julio, porque","og_url":"https:\/\/admin.industriall-union.org\/es\/logran-buenos-resultados-en-la-lucha-por-futuros-empleos\/","og_site_name":"industriall-union","article_modified_time":"2025-02-04T23:27:45+00:00","twitter_card":"summary_large_image","twitter_misc":{"Est. reading time":"2 minutes"},"schema":{"@context":"https:\/\/schema.org","@graph":[{"@type":"WebPage","@id":"https:\/\/admin.industriall-union.org\/es\/logran-buenos-resultados-en-la-lucha-por-futuros-empleos\/","url":"https:\/\/admin.industriall-union.org\/es\/logran-buenos-resultados-en-la-lucha-por-futuros-empleos\/","name":"Logran buenos resultados en la lucha por futuros empleos - industriall-union","isPartOf":{"@id":"https:\/\/admin.industriall-union.org\/#website"},"datePublished":"2017-07-18T12:56:27+00:00","dateModified":"2025-02-04T23:27:45+00:00","description":"Los trabajadores\/as de la planta de Mercedes-Benz en Untert\u00fcrkheim se hab\u00edan negado a trabajar horas extraordinarias a partir del 1o de julio, porque","breadcrumb":{"@id":"https:\/\/admin.industriall-union.org\/es\/logran-buenos-resultados-en-la-lucha-por-futuros-empleos\/#breadcrumb"},"inLanguage":"es-ES","potentialAction":[{"@type":"ReadAction","target":["https:\/\/admin.industriall-union.org\/es\/logran-buenos-resultados-en-la-lucha-por-futuros-empleos\/"]}]},{"@type":"BreadcrumbList","@id":"https:\/\/admin.industriall-union.org\/es\/logran-buenos-resultados-en-la-lucha-por-futuros-empleos\/#breadcrumb","itemListElement":[{"@type":"ListItem","position":1,"name":"Home","item":"https:\/\/admin.industriall-union.org\/"},{"@type":"ListItem","position":2,"name":"Articles","item":"https:\/\/admin.industriall-union.org\/article\/"},{"@type":"ListItem","position":3,"name":"Logran buenos resultados en la lucha por futuros empleos"}]},{"@type":"WebSite","@id":"https:\/\/admin.industriall-union.org\/#website","url":"https:\/\/admin.industriall-union.org\/","name":"industriall-union","description":"","potentialAction":[{"@type":"SearchAction","target":{"@type":"EntryPoint","urlTemplate":"https:\/\/admin.industriall-union.org\/?s={search_term_string}"},"query-input":{"@type":"PropertyValueSpecification","valueRequired":true,"valueName":"search_term_string"}}],"inLanguage":"es-ES"}]}},"_links":{"self":[{"href":"https:\/\/admin.industriall-union.org\/es\/wp-json\/wp\/v2\/article\/164342","targetHints":{"allow":["GET"]}}],"collection":[{"href":"https:\/\/admin.industriall-union.org\/es\/wp-json\/wp\/v2\/article"}],"about":[{"href":"https:\/\/admin.industriall-union.org\/es\/wp-json\/wp\/v2\/types\/article"}],"wp:attachment":[{"href":"https:\/\/admin.industriall-union.org\/es\/wp-json\/wp\/v2\/media?parent=164342"}],"wp:term":[{"taxonomy":"issues","embeddable":true,"href":"https:\/\/admin.industriall-union.org\/es\/wp-json\/wp\/v2\/issues?post=164342"},{"taxonomy":"companies","embeddable":true,"href":"https:\/\/admin.industriall-union.org\/es\/wp-json\/wp\/v2\/companies?post=164342"},{"taxonomy":"regions","embeddable":true,"href":"https:\/\/admin.industriall-union.org\/es\/wp-json\/wp\/v2\/regions?post=164342"},{"taxonomy":"sectors","embeddable":true,"href":"https:\/\/admin.industriall-union.org\/es\/wp-json\/wp\/v2\/sectors?post=164342"},{"taxonomy":"article_tags","embeddable":true,"href":"https:\/\/admin.industriall-union.org\/es\/wp-json\/wp\/v2\/article_tags?post=164342"}],"curies":[{"name":"wp","href":"https:\/\/api.w.org\/{rel}","templated":true}]}}