{"id":164256,"date":"2017-07-28T15:50:10","date_gmt":"2017-07-28T15:50:10","guid":{"rendered":"https:\/\/admin.industriall-union.org\/termina-en-serbia-huelga-de-tres-semanas-en-fiat\/"},"modified":"2025-02-04T22:58:15","modified_gmt":"2025-02-04T22:58:15","slug":"termina-en-serbia-huelga-de-tres-semanas-en-fiat","status":"publish","type":"article","link":"https:\/\/admin.industriall-union.org\/es\/termina-en-serbia-huelga-de-tres-semanas-en-fiat\/","title":{"rendered":"Termina en Serbia huelga de tres semanas en FIAT"},"content":{"rendered":"<p>Se registr\u00f3 este avance despu\u00e9s de tres semanas de huelga, acci\u00f3n sin precedentes en la f\u00e1brica de Kragujevac, y eficaz movilizaci\u00f3n sindical a la cual aportaron su importante apoyo y solidaridad organizaciones sindicales simpatizantes de toda Europa y de otras latitudes tambi\u00e9n.<\/p><p>El 27 de junio, sindicatos y 2.000 trabajadores\/as de la filial serbia de Fiat Chrysler Automobiles <a href=\"http:\/\/www.industriall-union.org\/es\/dos-mil-trabajadores-as-de-fiat-en-serbia-declaran-la-huelga\">decidieron declarar la huelga<\/a> despu\u00e9s de que no recibieron respuesta a su solicitud para entablar negociaciones con el fin de mejorar sus condiciones de empleo cada vez m\u00e1s dif\u00edciles.<\/p><p>Las negociaciones entre la administraci\u00f3n de Fiat y los sindicatos serbios comenzaron el 19 de julio con la mediaci\u00f3n de la Primera Ministra de Serbia, Ana Brnabic, cuyo gobierno es propietario de un 33% de FCA Srbija. Se entablaron las negociaciones tras reiterados llamados de los sindicatos e instrucciones de la inspector\u00eda nacional del trabajo que se\u00f1alaba que se deb\u00eda cumplir con la legislaci\u00f3n serbia respecto a las huelgas, que la administraci\u00f3n local de la FCA hab\u00eda violado.<\/p><p>IndustriALL Global Union e IndustriAll European Trade Union solidarizaron con los trabajadores\/as de FCA Srbija y sus sindicatos afiliados, SSMS (Sindicato Independiente de Trabajadores Metal\u00fargicos de Serbia) y GS IER &quot;Nezavisnost&quot; (Sindicato de Trabajadores de la Industria, Energ\u00eda y Miner\u00eda), en su lucha por salarios dignos y condiciones de trabajo decentes.<\/p><p>Los sindicatos de toda Europa (Italia, Austria, la Rep\u00fablica Checa, Alemania, Hungr\u00eda, los Pa\u00edses Bajos, Polonia, Eslovenia, Espa\u00f1a) y de otros continentes tambi\u00e9n (a trav\u00e9s de la red sindical mundial de FCA-CNH Industrial) manifestaron su apoyo a los colegas de la planta de Serbia e instaron a la administraci\u00f3n del Grupo en la sede de la FCA en Italia para que garantizara el cumplimiento de los derechos de los trabajadores\/as y que se iniciara un di\u00e1logo social adecuado con los sindicatos.<\/p><p>IndustriAll European Trade Union e IndustriALL Global Union acogen con satisfacci\u00f3n el hecho de que finalmente se haya realizado un di\u00e1logo social sobre las reivindicaciones de los sindicatos serbios, lo que permiti\u00f3 llevar a cabo las negociaciones, ofreciendo los siguientes resultados iniciales importantes para la fuerza de trabajo de FCA Srbija:<\/p><ul><li>Aumento salarial del 9,54% durante los pr\u00f3ximos seis meses, y adhesi\u00f3n al principio de ajustes salariales para compensar la inflaci\u00f3n prevista<\/li><li>La bonificaci\u00f3n anual se pagar\u00e1 tal como se hab\u00eda acordado originalmente. A principios de 2018 comenzar\u00e1 un intercambio de ideas sobre la introducci\u00f3n de un bono de eficiencia tal como existe en otros pa\u00edses (como Italia o Polonia)<\/li><li>Aumentar\u00e1 en un 100% la compensaci\u00f3n por transporte p\u00fablico para aquellas personas que trabajen fuera del horario normal de trabajo (y del transporte p\u00fablico)<\/li><li>En septiembre de 2017 se crear\u00e1 una comisi\u00f3n constituida por la administraci\u00f3n de la FCA, los sindicatos y especialistas t\u00e9cnicos de la sede de la empresa para evaluar la organizaci\u00f3n de las labores a fin de tratar la sobrecarga de trabajo<\/li><\/ul><p>Por su parte, Valter Sanches, Secretario General de IndustriALL Global Union, se\u00f1al\u00f3:<\/p><p>&ldquo;Saludamos el esp\u00edritu de lucha y el empe\u00f1o de nuestros afiliados serbios durante y al final de esta disputa, y tomamos nota de la importancia de la solidaridad internacional para lograr este resultado. Esperamos que este acuerdo firmado cree las bases para un di\u00e1logo social adecuado.<\/p><p>&ldquo;FCA Srbija debe ahora comprometerse a trabajar con los sindicatos para satisfacer las reivindicaciones leg\u00edtimas y expectativas de los trabajadores.<\/p><p>&ldquo;Una vez m\u00e1s hemos brindado, y seguiremos brindando nuestra solidaridad y apoyo a nuestros compa\u00f1eros y compa\u00f1eras de Serbia en su lucha por mejores condiciones de trabajo y de vida&rdquo;.<\/p><p>Este acuerdo ofrece respuestas iniciales a algunas de las reivindicaciones m\u00e1s urgentes de los trabajadores y sienta las bases del di\u00e1logo social, que continuar\u00e1 despu\u00e9s de septiembre con las negociaciones sobre un nuevo convenio colectivo de tres a\u00f1os.<\/p><p>Por otro lado, Luc Triangle, Secretario General de IndustriAll European Trade Union, afirm\u00f3:<\/p><p>&quot;La lucha contra el trabajo precario y las desigualdades salariales es una prioridad absoluta para IndustriAll Europe. Ya no podemos aceptar que trabajadores que hacen el mismo trabajo para una misma empresa en diferentes partes de Europa tengan niveles salariales y condiciones de trabajo muy diferentes. Por lo tanto, acogemos con agrado el acuerdo que se ha establecido en la FCA Srbija, que constituye un primer paso en la direcci\u00f3n correcta. Prestaremos mucha atenci\u00f3n en asegurar que las pr\u00f3ximas conversaciones previstas ayuden a lograr un est\u00e1ndar digno de vida para todos los trabajadores y trabajadoras de FCA Srbija&rdquo;.<\/p>","protected":false},"featured_media":0,"template":"","issues":[],"companies":[49],"regions":[202,243],"sectors":[482],"article_tags":[],"class_list":["post-164256","article","type-article","status-publish","hentry","companies-fiat","regions-europe","regions-serbia","sectors-automotive"],"acf":[],"yoast_head":"<!-- This site is optimized with the Yoast SEO Premium plugin v27.1 (Yoast SEO v27.1) - https:\/\/yoast.com\/product\/yoast-seo-premium-wordpress\/ -->\n<title>Termina en Serbia huelga de tres semanas en FIAT - industriall-union<\/title>\n<meta name=\"description\" content=\"Se registr\u00f3 este avance despu\u00e9s de tres semanas de huelga, acci\u00f3n sin precedentes en la f\u00e1brica de Kragujevac, y eficaz movilizaci\u00f3n sindical a la cual\" \/>\n<meta name=\"robots\" content=\"index, follow, max-snippet:-1, max-image-preview:large, max-video-preview:-1\" \/>\n<link rel=\"canonical\" href=\"https:\/\/admin.industriall-union.org\/es\/termina-en-serbia-huelga-de-tres-semanas-en-fiat\/\" \/>\n<meta property=\"og:locale\" content=\"es_ES\" \/>\n<meta property=\"og:type\" content=\"article\" \/>\n<meta property=\"og:title\" content=\"Termina en Serbia huelga de tres semanas en FIAT\" \/>\n<meta property=\"og:description\" content=\"Se registr\u00f3 este avance despu\u00e9s de tres semanas de huelga, acci\u00f3n sin precedentes en la f\u00e1brica de Kragujevac, y eficaz movilizaci\u00f3n sindical a la cual\" \/>\n<meta property=\"og:url\" content=\"https:\/\/admin.industriall-union.org\/es\/termina-en-serbia-huelga-de-tres-semanas-en-fiat\/\" \/>\n<meta property=\"og:site_name\" content=\"industriall-union\" \/>\n<meta property=\"article:modified_time\" content=\"2025-02-04T22:58:15+00:00\" \/>\n<meta name=\"twitter:card\" content=\"summary_large_image\" \/>\n<meta name=\"twitter:label1\" content=\"Est. reading time\" \/>\n\t<meta name=\"twitter:data1\" content=\"4 minutes\" \/>\n<script type=\"application\/ld+json\" class=\"yoast-schema-graph\">{\"@context\":\"https:\/\/schema.org\",\"@graph\":[{\"@type\":\"WebPage\",\"@id\":\"https:\/\/admin.industriall-union.org\/es\/termina-en-serbia-huelga-de-tres-semanas-en-fiat\/\",\"url\":\"https:\/\/admin.industriall-union.org\/es\/termina-en-serbia-huelga-de-tres-semanas-en-fiat\/\",\"name\":\"Termina en Serbia huelga de tres semanas en FIAT - industriall-union\",\"isPartOf\":{\"@id\":\"https:\/\/admin.industriall-union.org\/#website\"},\"datePublished\":\"2017-07-28T15:50:10+00:00\",\"dateModified\":\"2025-02-04T22:58:15+00:00\",\"description\":\"Se registr\u00f3 este avance despu\u00e9s de tres semanas de huelga, acci\u00f3n sin precedentes en la f\u00e1brica de Kragujevac, y eficaz movilizaci\u00f3n sindical a la cual\",\"breadcrumb\":{\"@id\":\"https:\/\/admin.industriall-union.org\/es\/termina-en-serbia-huelga-de-tres-semanas-en-fiat\/#breadcrumb\"},\"inLanguage\":\"es-ES\",\"potentialAction\":[{\"@type\":\"ReadAction\",\"target\":[\"https:\/\/admin.industriall-union.org\/es\/termina-en-serbia-huelga-de-tres-semanas-en-fiat\/\"]}]},{\"@type\":\"BreadcrumbList\",\"@id\":\"https:\/\/admin.industriall-union.org\/es\/termina-en-serbia-huelga-de-tres-semanas-en-fiat\/#breadcrumb\",\"itemListElement\":[{\"@type\":\"ListItem\",\"position\":1,\"name\":\"Home\",\"item\":\"https:\/\/admin.industriall-union.org\/\"},{\"@type\":\"ListItem\",\"position\":2,\"name\":\"Articles\",\"item\":\"https:\/\/admin.industriall-union.org\/article\/\"},{\"@type\":\"ListItem\",\"position\":3,\"name\":\"Termina en Serbia huelga de tres semanas en FIAT\"}]},{\"@type\":\"WebSite\",\"@id\":\"https:\/\/admin.industriall-union.org\/#website\",\"url\":\"https:\/\/admin.industriall-union.org\/\",\"name\":\"industriall-union\",\"description\":\"\",\"potentialAction\":[{\"@type\":\"SearchAction\",\"target\":{\"@type\":\"EntryPoint\",\"urlTemplate\":\"https:\/\/admin.industriall-union.org\/?s={search_term_string}\"},\"query-input\":{\"@type\":\"PropertyValueSpecification\",\"valueRequired\":true,\"valueName\":\"search_term_string\"}}],\"inLanguage\":\"es-ES\"}]}<\/script>\n<!-- \/ Yoast SEO Premium plugin. -->","yoast_head_json":{"title":"Termina en Serbia huelga de tres semanas en FIAT - industriall-union","description":"Se registr\u00f3 este avance despu\u00e9s de tres semanas de huelga, acci\u00f3n sin precedentes en la f\u00e1brica de Kragujevac, y eficaz movilizaci\u00f3n sindical a la cual","robots":{"index":"index","follow":"follow","max-snippet":"max-snippet:-1","max-image-preview":"max-image-preview:large","max-video-preview":"max-video-preview:-1"},"canonical":"https:\/\/admin.industriall-union.org\/es\/termina-en-serbia-huelga-de-tres-semanas-en-fiat\/","og_locale":"es_ES","og_type":"article","og_title":"Termina en Serbia huelga de tres semanas en FIAT","og_description":"Se registr\u00f3 este avance despu\u00e9s de tres semanas de huelga, acci\u00f3n sin precedentes en la f\u00e1brica de Kragujevac, y eficaz movilizaci\u00f3n sindical a la cual","og_url":"https:\/\/admin.industriall-union.org\/es\/termina-en-serbia-huelga-de-tres-semanas-en-fiat\/","og_site_name":"industriall-union","article_modified_time":"2025-02-04T22:58:15+00:00","twitter_card":"summary_large_image","twitter_misc":{"Est. reading time":"4 minutes"},"schema":{"@context":"https:\/\/schema.org","@graph":[{"@type":"WebPage","@id":"https:\/\/admin.industriall-union.org\/es\/termina-en-serbia-huelga-de-tres-semanas-en-fiat\/","url":"https:\/\/admin.industriall-union.org\/es\/termina-en-serbia-huelga-de-tres-semanas-en-fiat\/","name":"Termina en Serbia huelga de tres semanas en FIAT - industriall-union","isPartOf":{"@id":"https:\/\/admin.industriall-union.org\/#website"},"datePublished":"2017-07-28T15:50:10+00:00","dateModified":"2025-02-04T22:58:15+00:00","description":"Se registr\u00f3 este avance despu\u00e9s de tres semanas de huelga, acci\u00f3n sin precedentes en la f\u00e1brica de Kragujevac, y eficaz movilizaci\u00f3n sindical a la cual","breadcrumb":{"@id":"https:\/\/admin.industriall-union.org\/es\/termina-en-serbia-huelga-de-tres-semanas-en-fiat\/#breadcrumb"},"inLanguage":"es-ES","potentialAction":[{"@type":"ReadAction","target":["https:\/\/admin.industriall-union.org\/es\/termina-en-serbia-huelga-de-tres-semanas-en-fiat\/"]}]},{"@type":"BreadcrumbList","@id":"https:\/\/admin.industriall-union.org\/es\/termina-en-serbia-huelga-de-tres-semanas-en-fiat\/#breadcrumb","itemListElement":[{"@type":"ListItem","position":1,"name":"Home","item":"https:\/\/admin.industriall-union.org\/"},{"@type":"ListItem","position":2,"name":"Articles","item":"https:\/\/admin.industriall-union.org\/article\/"},{"@type":"ListItem","position":3,"name":"Termina en Serbia huelga de tres semanas en FIAT"}]},{"@type":"WebSite","@id":"https:\/\/admin.industriall-union.org\/#website","url":"https:\/\/admin.industriall-union.org\/","name":"industriall-union","description":"","potentialAction":[{"@type":"SearchAction","target":{"@type":"EntryPoint","urlTemplate":"https:\/\/admin.industriall-union.org\/?s={search_term_string}"},"query-input":{"@type":"PropertyValueSpecification","valueRequired":true,"valueName":"search_term_string"}}],"inLanguage":"es-ES"}]}},"_links":{"self":[{"href":"https:\/\/admin.industriall-union.org\/es\/wp-json\/wp\/v2\/article\/164256","targetHints":{"allow":["GET"]}}],"collection":[{"href":"https:\/\/admin.industriall-union.org\/es\/wp-json\/wp\/v2\/article"}],"about":[{"href":"https:\/\/admin.industriall-union.org\/es\/wp-json\/wp\/v2\/types\/article"}],"wp:attachment":[{"href":"https:\/\/admin.industriall-union.org\/es\/wp-json\/wp\/v2\/media?parent=164256"}],"wp:term":[{"taxonomy":"issues","embeddable":true,"href":"https:\/\/admin.industriall-union.org\/es\/wp-json\/wp\/v2\/issues?post=164256"},{"taxonomy":"companies","embeddable":true,"href":"https:\/\/admin.industriall-union.org\/es\/wp-json\/wp\/v2\/companies?post=164256"},{"taxonomy":"regions","embeddable":true,"href":"https:\/\/admin.industriall-union.org\/es\/wp-json\/wp\/v2\/regions?post=164256"},{"taxonomy":"sectors","embeddable":true,"href":"https:\/\/admin.industriall-union.org\/es\/wp-json\/wp\/v2\/sectors?post=164256"},{"taxonomy":"article_tags","embeddable":true,"href":"https:\/\/admin.industriall-union.org\/es\/wp-json\/wp\/v2\/article_tags?post=164256"}],"curies":[{"name":"wp","href":"https:\/\/api.w.org\/{rel}","templated":true}]}}