{"id":164040,"date":"2017-09-05T13:50:28","date_gmt":"2017-09-05T13:50:28","guid":{"rendered":"https:\/\/admin.industriall-union.org\/piden-a-iran-que-libere-a-los-sindicalistas-reza-shahabi-y-esmail-abdi\/"},"modified":"2025-02-04T21:29:09","modified_gmt":"2025-02-04T21:29:09","slug":"piden-a-iran-que-libere-a-los-sindicalistas-reza-shahabi-y-esmail-abdi","status":"publish","type":"article","link":"https:\/\/admin.industriall-union.org\/es\/piden-a-iran-que-libere-a-los-sindicalistas-reza-shahabi-y-esmail-abdi\/","title":{"rendered":"Piden a Ir\u00e1n que libere a los sindicalistas Reza Shahabi y Esmail Abdi"},"content":{"rendered":"<p>El Sindicato de Trabajadores Metal\u00fargicos y Mec\u00e1nicos de Ir\u00e1n (UMMI), organizaci\u00f3n afiliada a IndustriALL, ha pedido apoyo solidario para lograr la liberaci\u00f3n de los activistas sindicales Reza Shahabi y Esmail Abdi y que se termine la represi\u00f3n antisindical.<\/p><p>IndustriALL exhorta a sus afiliados y simpatizantes que apoyen este llamado, pidi\u00e9ndoles que firmen <a href=\"https:\/\/www.labourstartcampaigns.net\/show_campaign.cgi?c=3549\">la petici\u00f3n de LabourStart<\/a> o enviando una carta propia al respecto, para as\u00ed concientizar sobre la situaci\u00f3n en Ir\u00e1n. La inversi\u00f3n extranjera est\u00e1 entrando en el pa\u00eds en grandes cantidades gracias al acuerdo nuclear, pero el pa\u00eds no respeta los derechos fundamentales de los trabajadores.<\/p><p>En su carta dirigida al Presidente de Ir\u00e1n, Valter Sanches, Secretario General de IndustriALL, se\u00f1al\u00f3:<\/p><blockquote><p>&ldquo;Estamos muy preocupados por informaci\u00f3n que hemos recibido que indica que se est\u00e1 persiguiendo, e incluso deteniendo, a trabajadores y dirigentes por ejercer sus derechos sindicales fundamentales. En este contexto, pedimos la liberaci\u00f3n inmediata e incondicional de todos los trabajadores y dirigentes sindicales encarcelados, entre ellos Esmail Abdi y Reza Shahabi.<\/p><p>&ldquo;Una vez m\u00e1s, IndustriALL Global Union insta al Gobierno de Ir\u00e1n para que ratifique el Convenio 87 de la OIT sobre la libertad sindical y la protecci\u00f3n del derecho de sindicaci\u00f3n y el Convenio 98 sobre el derecho de sindicaci\u00f3n y de negociaci\u00f3n colectiva. Este es un llamado claro a su administraci\u00f3n para que garantice los derechos de los trabajadores a afiliarse a los sindicatos y a disfrutar de la protecci\u00f3n de la negociaci\u00f3n colectiva.<\/p><p>&ldquo;Esperamos que su administraci\u00f3n act\u00fae sin demora para fomentar un ambiente propicio para promover y respetar plenamente los derechos sindicales&rdquo;.<\/p><\/blockquote><p><a href=\"http:\/\/www.itfglobal.org\/es\/news-events\/news\/2016\/march\/itf-condemns-shahabi-jail-sentence\/\">Reza Shahabi es tesorero del Sindicato de Trabajadores de la Compa\u00f1\u00eda de Buses de Teher\u00e1n y Suburbios<\/a>. Se halla encarcelado desde 2010 por sus actividades sindicales, bajo cargos pol\u00edticos: por &ldquo;coludir contra los servicios de seguridad&rdquo; y por &ldquo;difundir propaganda&rdquo;. Estuvo bajo licencia m\u00e9dica despu\u00e9s de sufrir graves formas de maltrato durante su detenci\u00f3n.<\/p><p>Se le ha negado una extensi\u00f3n de su licencia m\u00e9dica y actualmente se encuentra nuevamente &nbsp;en la c\u00e1rcel. Debido a su ausencia, su detenci\u00f3n se prolong\u00f3 en 968 d\u00edas. El 9 de agosto, Shahabi se uni\u00f3 a una huelga de hambre.<\/p><p><a href=\"https:\/\/www.ei-ie.org\/spa\/detail\/15071\/ir%C3%A1n-el-l%C3%ADder-sindical-docente-esmail-abdi-en-huelga-de-hambre\">Esmail Abdi es dirigente de la Asociaci\u00f3n Sindical de Profesores de Teher\u00e1n<\/a>. Est\u00e1 cumpliendo una condena de seis a\u00f1os bajo cargos falsos. Despu\u00e9s de 38 d\u00edas de huelga de hambre, fue trasladado al hospital, sin embargo, dos d\u00edas despu\u00e9s, lo volvieron a llevar a la c\u00e1rcel de Evin.<\/p><p>Este a\u00f1o, se han aplicado restricciones sin precedentes contra los sindicatos de trabajadores: en abril, Maziar Gilani-Nejad, miembro del UMMI, fue convocado a la Corte Revolucionaria. Posteriormente fue absuelto.<\/p><p>Shapour Ehsani Rad, miembro del Sindicato Libre de Trabajadores de Ir\u00e1n, fue condenado a prisi\u00f3n y azotes.<\/p><p>Se ha ejercido presi\u00f3n a los proveedores de fianzas de Ja&#039;far Azimzadeh del Sindicato Libre de Trabajadores de Ir\u00e1n y Mahmoud Beheshti Langroudi, de la Asociaci\u00f3n Sindical de Profesores de Ir\u00e1n, para obligar a estos sindicalistas a volver a la c\u00e1rcel.<\/p><p>Hamid Sharghi, otro miembro del UMMI, se halla bajo fianza en espera de su juicio. Ali Akbar Baghani, miembro de la Asociaci\u00f3n Sindical de Profesores de Teher\u00e1n, se encuentra en el exilio. Ebrahim Madadi y Daoud Razavi, miembros del Sindicato de Trabajadores de la Compa\u00f1\u00eda de Autobuses de Teher\u00e1n, recibieron \u00f3rdenes de arresto.<\/p><p>En un comunicado, el UMMI afirm\u00f3:<\/p><blockquote><p>&ldquo;Exigimos que se respete la ley y se ponga en libertad a todos los presos de conciencia y del movimiento sindical. Hacemos hincapi\u00e9 en que la responsabilidad por el bienestar de los sindicalistas recae en las autoridades que dictan tales condenas.<\/p><p>&ldquo;Las amenazas, los arrestos, e incluso el trato violento no pueden apartarnos de la v\u00eda que hemos elegido. Defendemos firmemente nuestros principios y haremos todo lo posible para hacer cumplir nuestras exigencias de liberaci\u00f3n de nuestros compa\u00f1eros.<\/p><p>&ldquo;Las dificultades, el peligro, la muerte, la victoria y los contratiempos son naturales y posibles; sin embargo, seguiremos firmes, defendiendo nuestros ideales&rdquo;.<\/p><\/blockquote>","protected":false},"featured_media":0,"template":"","issues":[422,420],"companies":[],"regions":[292,288],"sectors":[],"article_tags":[],"class_list":["post-164040","article","type-article","status-publish","hentry","issues-human-trade-union-rights","issues-solidarity","regions-iran","regions-middle-east-and-north-africa"],"acf":[],"yoast_head":"<!-- This site is optimized with the Yoast SEO Premium plugin v27.1 (Yoast SEO v27.1) - https:\/\/yoast.com\/product\/yoast-seo-premium-wordpress\/ -->\n<title>Piden a Ir\u00e1n que libere a los sindicalistas Reza Shahabi y Esmail Abdi - industriall-union<\/title>\n<meta name=\"description\" content=\"El Sindicato de Trabajadores Metal\u00fargicos y Mec\u00e1nicos de Ir\u00e1n (UMMI), organizaci\u00f3n afiliada a IndustriALL, ha pedido apoyo solidario para lograr la\" \/>\n<meta name=\"robots\" content=\"index, follow, max-snippet:-1, max-image-preview:large, max-video-preview:-1\" \/>\n<link rel=\"canonical\" href=\"https:\/\/admin.industriall-union.org\/es\/piden-a-iran-que-libere-a-los-sindicalistas-reza-shahabi-y-esmail-abdi\/\" \/>\n<meta property=\"og:locale\" content=\"es_ES\" \/>\n<meta property=\"og:type\" content=\"article\" \/>\n<meta property=\"og:title\" content=\"Piden a Ir\u00e1n que libere a los sindicalistas Reza Shahabi y Esmail Abdi\" \/>\n<meta property=\"og:description\" content=\"El Sindicato de Trabajadores Metal\u00fargicos y Mec\u00e1nicos de Ir\u00e1n (UMMI), organizaci\u00f3n afiliada a IndustriALL, ha pedido apoyo solidario para lograr la\" \/>\n<meta property=\"og:url\" content=\"https:\/\/admin.industriall-union.org\/es\/piden-a-iran-que-libere-a-los-sindicalistas-reza-shahabi-y-esmail-abdi\/\" \/>\n<meta property=\"og:site_name\" content=\"industriall-union\" \/>\n<meta property=\"article:modified_time\" content=\"2025-02-04T21:29:09+00:00\" \/>\n<meta name=\"twitter:card\" content=\"summary_large_image\" \/>\n<meta name=\"twitter:label1\" content=\"Est. reading time\" \/>\n\t<meta name=\"twitter:data1\" content=\"4 minutes\" \/>\n<script type=\"application\/ld+json\" class=\"yoast-schema-graph\">{\"@context\":\"https:\/\/schema.org\",\"@graph\":[{\"@type\":\"WebPage\",\"@id\":\"https:\/\/admin.industriall-union.org\/es\/piden-a-iran-que-libere-a-los-sindicalistas-reza-shahabi-y-esmail-abdi\/\",\"url\":\"https:\/\/admin.industriall-union.org\/es\/piden-a-iran-que-libere-a-los-sindicalistas-reza-shahabi-y-esmail-abdi\/\",\"name\":\"Piden a Ir\u00e1n que libere a los sindicalistas Reza Shahabi y Esmail Abdi - industriall-union\",\"isPartOf\":{\"@id\":\"https:\/\/admin.industriall-union.org\/#website\"},\"datePublished\":\"2017-09-05T13:50:28+00:00\",\"dateModified\":\"2025-02-04T21:29:09+00:00\",\"description\":\"El Sindicato de Trabajadores Metal\u00fargicos y Mec\u00e1nicos de Ir\u00e1n (UMMI), organizaci\u00f3n afiliada a IndustriALL, ha pedido apoyo solidario para lograr la\",\"breadcrumb\":{\"@id\":\"https:\/\/admin.industriall-union.org\/es\/piden-a-iran-que-libere-a-los-sindicalistas-reza-shahabi-y-esmail-abdi\/#breadcrumb\"},\"inLanguage\":\"es-ES\",\"potentialAction\":[{\"@type\":\"ReadAction\",\"target\":[\"https:\/\/admin.industriall-union.org\/es\/piden-a-iran-que-libere-a-los-sindicalistas-reza-shahabi-y-esmail-abdi\/\"]}]},{\"@type\":\"BreadcrumbList\",\"@id\":\"https:\/\/admin.industriall-union.org\/es\/piden-a-iran-que-libere-a-los-sindicalistas-reza-shahabi-y-esmail-abdi\/#breadcrumb\",\"itemListElement\":[{\"@type\":\"ListItem\",\"position\":1,\"name\":\"Home\",\"item\":\"https:\/\/admin.industriall-union.org\/\"},{\"@type\":\"ListItem\",\"position\":2,\"name\":\"Articles\",\"item\":\"https:\/\/admin.industriall-union.org\/article\/\"},{\"@type\":\"ListItem\",\"position\":3,\"name\":\"Piden a Ir\u00e1n que libere a los sindicalistas Reza Shahabi y Esmail Abdi\"}]},{\"@type\":\"WebSite\",\"@id\":\"https:\/\/admin.industriall-union.org\/#website\",\"url\":\"https:\/\/admin.industriall-union.org\/\",\"name\":\"industriall-union\",\"description\":\"\",\"potentialAction\":[{\"@type\":\"SearchAction\",\"target\":{\"@type\":\"EntryPoint\",\"urlTemplate\":\"https:\/\/admin.industriall-union.org\/?s={search_term_string}\"},\"query-input\":{\"@type\":\"PropertyValueSpecification\",\"valueRequired\":true,\"valueName\":\"search_term_string\"}}],\"inLanguage\":\"es-ES\"}]}<\/script>\n<!-- \/ Yoast SEO Premium plugin. -->","yoast_head_json":{"title":"Piden a Ir\u00e1n que libere a los sindicalistas Reza Shahabi y Esmail Abdi - industriall-union","description":"El Sindicato de Trabajadores Metal\u00fargicos y Mec\u00e1nicos de Ir\u00e1n (UMMI), organizaci\u00f3n afiliada a IndustriALL, ha pedido apoyo solidario para lograr la","robots":{"index":"index","follow":"follow","max-snippet":"max-snippet:-1","max-image-preview":"max-image-preview:large","max-video-preview":"max-video-preview:-1"},"canonical":"https:\/\/admin.industriall-union.org\/es\/piden-a-iran-que-libere-a-los-sindicalistas-reza-shahabi-y-esmail-abdi\/","og_locale":"es_ES","og_type":"article","og_title":"Piden a Ir\u00e1n que libere a los sindicalistas Reza Shahabi y Esmail Abdi","og_description":"El Sindicato de Trabajadores Metal\u00fargicos y Mec\u00e1nicos de Ir\u00e1n (UMMI), organizaci\u00f3n afiliada a IndustriALL, ha pedido apoyo solidario para lograr la","og_url":"https:\/\/admin.industriall-union.org\/es\/piden-a-iran-que-libere-a-los-sindicalistas-reza-shahabi-y-esmail-abdi\/","og_site_name":"industriall-union","article_modified_time":"2025-02-04T21:29:09+00:00","twitter_card":"summary_large_image","twitter_misc":{"Est. reading time":"4 minutes"},"schema":{"@context":"https:\/\/schema.org","@graph":[{"@type":"WebPage","@id":"https:\/\/admin.industriall-union.org\/es\/piden-a-iran-que-libere-a-los-sindicalistas-reza-shahabi-y-esmail-abdi\/","url":"https:\/\/admin.industriall-union.org\/es\/piden-a-iran-que-libere-a-los-sindicalistas-reza-shahabi-y-esmail-abdi\/","name":"Piden a Ir\u00e1n que libere a los sindicalistas Reza Shahabi y Esmail Abdi - industriall-union","isPartOf":{"@id":"https:\/\/admin.industriall-union.org\/#website"},"datePublished":"2017-09-05T13:50:28+00:00","dateModified":"2025-02-04T21:29:09+00:00","description":"El Sindicato de Trabajadores Metal\u00fargicos y Mec\u00e1nicos de Ir\u00e1n (UMMI), organizaci\u00f3n afiliada a IndustriALL, ha pedido apoyo solidario para lograr la","breadcrumb":{"@id":"https:\/\/admin.industriall-union.org\/es\/piden-a-iran-que-libere-a-los-sindicalistas-reza-shahabi-y-esmail-abdi\/#breadcrumb"},"inLanguage":"es-ES","potentialAction":[{"@type":"ReadAction","target":["https:\/\/admin.industriall-union.org\/es\/piden-a-iran-que-libere-a-los-sindicalistas-reza-shahabi-y-esmail-abdi\/"]}]},{"@type":"BreadcrumbList","@id":"https:\/\/admin.industriall-union.org\/es\/piden-a-iran-que-libere-a-los-sindicalistas-reza-shahabi-y-esmail-abdi\/#breadcrumb","itemListElement":[{"@type":"ListItem","position":1,"name":"Home","item":"https:\/\/admin.industriall-union.org\/"},{"@type":"ListItem","position":2,"name":"Articles","item":"https:\/\/admin.industriall-union.org\/article\/"},{"@type":"ListItem","position":3,"name":"Piden a Ir\u00e1n que libere a los sindicalistas Reza Shahabi y Esmail Abdi"}]},{"@type":"WebSite","@id":"https:\/\/admin.industriall-union.org\/#website","url":"https:\/\/admin.industriall-union.org\/","name":"industriall-union","description":"","potentialAction":[{"@type":"SearchAction","target":{"@type":"EntryPoint","urlTemplate":"https:\/\/admin.industriall-union.org\/?s={search_term_string}"},"query-input":{"@type":"PropertyValueSpecification","valueRequired":true,"valueName":"search_term_string"}}],"inLanguage":"es-ES"}]}},"_links":{"self":[{"href":"https:\/\/admin.industriall-union.org\/es\/wp-json\/wp\/v2\/article\/164040","targetHints":{"allow":["GET"]}}],"collection":[{"href":"https:\/\/admin.industriall-union.org\/es\/wp-json\/wp\/v2\/article"}],"about":[{"href":"https:\/\/admin.industriall-union.org\/es\/wp-json\/wp\/v2\/types\/article"}],"wp:attachment":[{"href":"https:\/\/admin.industriall-union.org\/es\/wp-json\/wp\/v2\/media?parent=164040"}],"wp:term":[{"taxonomy":"issues","embeddable":true,"href":"https:\/\/admin.industriall-union.org\/es\/wp-json\/wp\/v2\/issues?post=164040"},{"taxonomy":"companies","embeddable":true,"href":"https:\/\/admin.industriall-union.org\/es\/wp-json\/wp\/v2\/companies?post=164040"},{"taxonomy":"regions","embeddable":true,"href":"https:\/\/admin.industriall-union.org\/es\/wp-json\/wp\/v2\/regions?post=164040"},{"taxonomy":"sectors","embeddable":true,"href":"https:\/\/admin.industriall-union.org\/es\/wp-json\/wp\/v2\/sectors?post=164040"},{"taxonomy":"article_tags","embeddable":true,"href":"https:\/\/admin.industriall-union.org\/es\/wp-json\/wp\/v2\/article_tags?post=164040"}],"curies":[{"name":"wp","href":"https:\/\/api.w.org\/{rel}","templated":true}]}}