{"id":163941,"date":"2017-09-14T11:19:18","date_gmt":"2017-09-14T11:19:18","guid":{"rendered":"https:\/\/admin.industriall-union.org\/sudafrica-huelga-contra-el-trabajo-precario-en-el-sector-de-los-plasticos\/"},"modified":"2025-02-04T21:02:20","modified_gmt":"2025-02-04T21:02:20","slug":"sudafrica-huelga-contra-el-trabajo-precario-en-el-sector-de-los-plasticos","status":"publish","type":"article","link":"https:\/\/admin.industriall-union.org\/es\/sudafrica-huelga-contra-el-trabajo-precario-en-el-sector-de-los-plasticos\/","title":{"rendered":"Sud\u00e1frica: Huelga contra el trabajo precario en el sector de los pl\u00e1sticos"},"content":{"rendered":"<p>En Mpact, 140 trabajadores contratados exig\u00edan la igualdad de remuneraci\u00f3n, pues se les paga menos que a los trabajadores permanentes. En solidaridad, los trabajadores permanentes se unieron a ellos en sus demandas de 3 $ EE.UU. por hora, en lugar de los 1,50 $ EE.UU. actuales. Tambi\u00e9n reivindicaban que sus puestos de trabajo se convirtieran en permanentes, en vez de trabajar como empleados de intermediarios laborales. Desde una reciente victoria judicial de la NUMSA, los intermediarios laborales no pueden emplear a los trabajadores durante m\u00e1s de tres meses. Si lo hicieran, los trabajadores se convertir\u00edan en permanentes en los lugares de trabajo actuales.<\/p><p>La NUMSA dijo: &ldquo;Felicitamos a los empleados permanentes de Mpact por solidarizarse con sus camaradas en el lugar de trabajo, participando en la huelga.&rdquo;<\/p><p>En Flexible Plastics, los trabajadores cobraban 0,69 $ EE.UU. por hora, lo que supone 122 $ EE.UU. mensuales, inferior al salario m\u00ednimo nacional propuesto de 270 $ EE.UU., que entrar\u00e1 en vigor en mayo de 2018.<\/p><p>Seg\u00fan la Iniciativa de Investigaci\u00f3n Nacional del Salario M\u00ednimo (NMWRI) de la Universidad de Witwatersrand, Johannesburgo, para que los trabajadores y sus personas a cargo salgan de la pobreza se necesita un salario de 318 $ EE.UU. La conclusi\u00f3n de los estudios realizados por la NMWRI es que unos cinco millones y medio de trabajadores en Sud\u00e1frica, que subvienen a las necesidades de hasta 10 familiares, son &ldquo;trabajadores pobres&rdquo;, a causa de los bajos salarios.<\/p><p>El secretario regional de la IndustriALL para el \u00c1frica Subsahariana, Fabian Nkomo, dijo: &ldquo;Apoyamos los llamamientos de la NUMSA para empleos permanentes y mejores sueldos y condiciones en el sector de los pl\u00e1sticos.&rdquo;<\/p>","protected":false},"featured_media":0,"template":"","issues":[416,415],"companies":[],"regions":[350],"sectors":[478],"article_tags":[],"class_list":["post-163941","article","type-article","status-publish","hentry","issues-living-wage","issues-stop-precarious-work","regions-south-africa","sectors-plastics"],"acf":[],"yoast_head":"<!-- This site is optimized with the Yoast SEO Premium plugin v27.1 (Yoast SEO v27.1) - https:\/\/yoast.com\/product\/yoast-seo-premium-wordpress\/ -->\n<title>Sud\u00e1frica: Huelga contra el trabajo precario en el sector de los pl\u00e1sticos - industriall-union<\/title>\n<meta name=\"description\" content=\"En Mpact, 140 trabajadores contratados exig\u00edan la igualdad de remuneraci\u00f3n, pues se les paga menos que a los trabajadores permanentes. En solidaridad, los\" \/>\n<meta name=\"robots\" content=\"index, follow, max-snippet:-1, max-image-preview:large, max-video-preview:-1\" \/>\n<link rel=\"canonical\" href=\"https:\/\/admin.industriall-union.org\/es\/sudafrica-huelga-contra-el-trabajo-precario-en-el-sector-de-los-plasticos\/\" \/>\n<meta property=\"og:locale\" content=\"es_ES\" \/>\n<meta property=\"og:type\" content=\"article\" \/>\n<meta property=\"og:title\" content=\"Sud\u00e1frica: Huelga contra el trabajo precario en el sector de los pl\u00e1sticos\" \/>\n<meta property=\"og:description\" content=\"En Mpact, 140 trabajadores contratados exig\u00edan la igualdad de remuneraci\u00f3n, pues se les paga menos que a los trabajadores permanentes. En solidaridad, los\" \/>\n<meta property=\"og:url\" content=\"https:\/\/admin.industriall-union.org\/es\/sudafrica-huelga-contra-el-trabajo-precario-en-el-sector-de-los-plasticos\/\" \/>\n<meta property=\"og:site_name\" content=\"industriall-union\" \/>\n<meta property=\"article:modified_time\" content=\"2025-02-04T21:02:20+00:00\" \/>\n<meta name=\"twitter:card\" content=\"summary_large_image\" \/>\n<meta name=\"twitter:label1\" content=\"Est. reading time\" \/>\n\t<meta name=\"twitter:data1\" content=\"1 minute\" \/>\n<script type=\"application\/ld+json\" class=\"yoast-schema-graph\">{\"@context\":\"https:\/\/schema.org\",\"@graph\":[{\"@type\":\"WebPage\",\"@id\":\"https:\/\/admin.industriall-union.org\/es\/sudafrica-huelga-contra-el-trabajo-precario-en-el-sector-de-los-plasticos\/\",\"url\":\"https:\/\/admin.industriall-union.org\/es\/sudafrica-huelga-contra-el-trabajo-precario-en-el-sector-de-los-plasticos\/\",\"name\":\"Sud\u00e1frica: Huelga contra el trabajo precario en el sector de los pl\u00e1sticos - industriall-union\",\"isPartOf\":{\"@id\":\"https:\/\/admin.industriall-union.org\/#website\"},\"datePublished\":\"2017-09-14T11:19:18+00:00\",\"dateModified\":\"2025-02-04T21:02:20+00:00\",\"description\":\"En Mpact, 140 trabajadores contratados exig\u00edan la igualdad de remuneraci\u00f3n, pues se les paga menos que a los trabajadores permanentes. En solidaridad, los\",\"breadcrumb\":{\"@id\":\"https:\/\/admin.industriall-union.org\/es\/sudafrica-huelga-contra-el-trabajo-precario-en-el-sector-de-los-plasticos\/#breadcrumb\"},\"inLanguage\":\"es-ES\",\"potentialAction\":[{\"@type\":\"ReadAction\",\"target\":[\"https:\/\/admin.industriall-union.org\/es\/sudafrica-huelga-contra-el-trabajo-precario-en-el-sector-de-los-plasticos\/\"]}]},{\"@type\":\"BreadcrumbList\",\"@id\":\"https:\/\/admin.industriall-union.org\/es\/sudafrica-huelga-contra-el-trabajo-precario-en-el-sector-de-los-plasticos\/#breadcrumb\",\"itemListElement\":[{\"@type\":\"ListItem\",\"position\":1,\"name\":\"Home\",\"item\":\"https:\/\/admin.industriall-union.org\/\"},{\"@type\":\"ListItem\",\"position\":2,\"name\":\"Articles\",\"item\":\"https:\/\/admin.industriall-union.org\/article\/\"},{\"@type\":\"ListItem\",\"position\":3,\"name\":\"Sud\u00e1frica: Huelga contra el trabajo precario en el sector de los pl\u00e1sticos\"}]},{\"@type\":\"WebSite\",\"@id\":\"https:\/\/admin.industriall-union.org\/#website\",\"url\":\"https:\/\/admin.industriall-union.org\/\",\"name\":\"industriall-union\",\"description\":\"\",\"potentialAction\":[{\"@type\":\"SearchAction\",\"target\":{\"@type\":\"EntryPoint\",\"urlTemplate\":\"https:\/\/admin.industriall-union.org\/?s={search_term_string}\"},\"query-input\":{\"@type\":\"PropertyValueSpecification\",\"valueRequired\":true,\"valueName\":\"search_term_string\"}}],\"inLanguage\":\"es-ES\"}]}<\/script>\n<!-- \/ Yoast SEO Premium plugin. -->","yoast_head_json":{"title":"Sud\u00e1frica: Huelga contra el trabajo precario en el sector de los pl\u00e1sticos - industriall-union","description":"En Mpact, 140 trabajadores contratados exig\u00edan la igualdad de remuneraci\u00f3n, pues se les paga menos que a los trabajadores permanentes. En solidaridad, los","robots":{"index":"index","follow":"follow","max-snippet":"max-snippet:-1","max-image-preview":"max-image-preview:large","max-video-preview":"max-video-preview:-1"},"canonical":"https:\/\/admin.industriall-union.org\/es\/sudafrica-huelga-contra-el-trabajo-precario-en-el-sector-de-los-plasticos\/","og_locale":"es_ES","og_type":"article","og_title":"Sud\u00e1frica: Huelga contra el trabajo precario en el sector de los pl\u00e1sticos","og_description":"En Mpact, 140 trabajadores contratados exig\u00edan la igualdad de remuneraci\u00f3n, pues se les paga menos que a los trabajadores permanentes. En solidaridad, los","og_url":"https:\/\/admin.industriall-union.org\/es\/sudafrica-huelga-contra-el-trabajo-precario-en-el-sector-de-los-plasticos\/","og_site_name":"industriall-union","article_modified_time":"2025-02-04T21:02:20+00:00","twitter_card":"summary_large_image","twitter_misc":{"Est. reading time":"1 minute"},"schema":{"@context":"https:\/\/schema.org","@graph":[{"@type":"WebPage","@id":"https:\/\/admin.industriall-union.org\/es\/sudafrica-huelga-contra-el-trabajo-precario-en-el-sector-de-los-plasticos\/","url":"https:\/\/admin.industriall-union.org\/es\/sudafrica-huelga-contra-el-trabajo-precario-en-el-sector-de-los-plasticos\/","name":"Sud\u00e1frica: Huelga contra el trabajo precario en el sector de los pl\u00e1sticos - industriall-union","isPartOf":{"@id":"https:\/\/admin.industriall-union.org\/#website"},"datePublished":"2017-09-14T11:19:18+00:00","dateModified":"2025-02-04T21:02:20+00:00","description":"En Mpact, 140 trabajadores contratados exig\u00edan la igualdad de remuneraci\u00f3n, pues se les paga menos que a los trabajadores permanentes. En solidaridad, los","breadcrumb":{"@id":"https:\/\/admin.industriall-union.org\/es\/sudafrica-huelga-contra-el-trabajo-precario-en-el-sector-de-los-plasticos\/#breadcrumb"},"inLanguage":"es-ES","potentialAction":[{"@type":"ReadAction","target":["https:\/\/admin.industriall-union.org\/es\/sudafrica-huelga-contra-el-trabajo-precario-en-el-sector-de-los-plasticos\/"]}]},{"@type":"BreadcrumbList","@id":"https:\/\/admin.industriall-union.org\/es\/sudafrica-huelga-contra-el-trabajo-precario-en-el-sector-de-los-plasticos\/#breadcrumb","itemListElement":[{"@type":"ListItem","position":1,"name":"Home","item":"https:\/\/admin.industriall-union.org\/"},{"@type":"ListItem","position":2,"name":"Articles","item":"https:\/\/admin.industriall-union.org\/article\/"},{"@type":"ListItem","position":3,"name":"Sud\u00e1frica: Huelga contra el trabajo precario en el sector de los pl\u00e1sticos"}]},{"@type":"WebSite","@id":"https:\/\/admin.industriall-union.org\/#website","url":"https:\/\/admin.industriall-union.org\/","name":"industriall-union","description":"","potentialAction":[{"@type":"SearchAction","target":{"@type":"EntryPoint","urlTemplate":"https:\/\/admin.industriall-union.org\/?s={search_term_string}"},"query-input":{"@type":"PropertyValueSpecification","valueRequired":true,"valueName":"search_term_string"}}],"inLanguage":"es-ES"}]}},"_links":{"self":[{"href":"https:\/\/admin.industriall-union.org\/es\/wp-json\/wp\/v2\/article\/163941","targetHints":{"allow":["GET"]}}],"collection":[{"href":"https:\/\/admin.industriall-union.org\/es\/wp-json\/wp\/v2\/article"}],"about":[{"href":"https:\/\/admin.industriall-union.org\/es\/wp-json\/wp\/v2\/types\/article"}],"wp:attachment":[{"href":"https:\/\/admin.industriall-union.org\/es\/wp-json\/wp\/v2\/media?parent=163941"}],"wp:term":[{"taxonomy":"issues","embeddable":true,"href":"https:\/\/admin.industriall-union.org\/es\/wp-json\/wp\/v2\/issues?post=163941"},{"taxonomy":"companies","embeddable":true,"href":"https:\/\/admin.industriall-union.org\/es\/wp-json\/wp\/v2\/companies?post=163941"},{"taxonomy":"regions","embeddable":true,"href":"https:\/\/admin.industriall-union.org\/es\/wp-json\/wp\/v2\/regions?post=163941"},{"taxonomy":"sectors","embeddable":true,"href":"https:\/\/admin.industriall-union.org\/es\/wp-json\/wp\/v2\/sectors?post=163941"},{"taxonomy":"article_tags","embeddable":true,"href":"https:\/\/admin.industriall-union.org\/es\/wp-json\/wp\/v2\/article_tags?post=163941"}],"curies":[{"name":"wp","href":"https:\/\/api.w.org\/{rel}","templated":true}]}}