{"id":163887,"date":"2017-09-26T15:44:47","date_gmt":"2017-09-26T15:44:47","guid":{"rendered":"https:\/\/admin.industriall-union.org\/sindicatos-del-sector-automotriz-de-la-india-resuelven-reforzar-dialogo-social-y-poder-sindical\/"},"modified":"2025-02-04T20:38:12","modified_gmt":"2025-02-04T20:38:12","slug":"sindicatos-del-sector-automotriz-de-la-india-resuelven-reforzar-dialogo-social-y-poder-sindical","status":"publish","type":"article","link":"https:\/\/admin.industriall-union.org\/es\/sindicatos-del-sector-automotriz-de-la-india-resuelven-reforzar-dialogo-social-y-poder-sindical\/","title":{"rendered":"Sindicatos del sector automotriz de la India resuelven reforzar di\u00e1logo social y poder sindical"},"content":{"rendered":"<p>En dicho taller, y en la mencionada reuni\u00f3n sobre planificaci\u00f3n estrat\u00e9gica, participaron activamente representantes sindicales de empresas fabricantes de autom\u00f3viles tanto multinacionales como indios, de las zonas industriales de Chennai, Bangalore, Pune y Gurgaon.<\/p><p>Los representantes sindicales centraron su atenci\u00f3n en la falta de oportunidades para el di\u00e1logo social en el sector automotriz. Existen muchos obst\u00e1culos que impiden realizar un di\u00e1logo social de modo eficaz. Entre las dificultades se debe tener presente la falta de reconocimiento a los sindicatos, ausencia de confianza y respeto, inseguridad en el empleo, pocas oportunidades para abordar el problema del trabajo precario, y la falta de transparencia en el intercambio de informaci\u00f3n corporativa.<\/p><p>Por su parte, Georg Leutert, Director del sector automotriz de IndustriALL, al referirse a las estrategias sindicales, manifest\u00f3:<\/p><blockquote><p>El di\u00e1logo social es de importancia primordial para poder establecer desarrollo econ\u00f3mico justo. Ofrece la posibilidad de trabajar arm\u00f3nicamente en forma conjunta, dando dignidad a la fuerza de trabajo, y tambi\u00e9n tiene sentido comercial. En vista de la enorme cantidad de trabajo precario y los bajos salarios en las compa\u00f1\u00edas del sector automotriz de la India, no habr\u00e1 desarrollo si nos quedamos el mismo nivel actual. Para asegurar nuestros derechos es imprescindible contar con una fuerza sindical unida.<\/p><\/blockquote><p>Los participantes tambi\u00e9n hicieron hincapi\u00e9 en que la legislaci\u00f3n laboral permite reafirmar los derechos sindicales, pero la falta de una adecuada aplicaci\u00f3n de las leyes y una administraci\u00f3n laboral inactiva constituyen un obst\u00e1culo que impide el di\u00e1logo social.<\/p><p>Por otro lado, Valter Sanches, Secretario General de IndustriALL, afirm\u00f3:<\/p><blockquote><p>Es un esc\u00e1ndalo que los trabajadores y trabajadoras precarios constituyan la mayor parte de la fuerza de trabajo en las principales empresas automotrices de la India. Esto tiene que cambiar. Los trabajadores se enfrentan a un enorme desaf\u00edo para lograr el derecho a la libertad sindical y a la negociaci\u00f3n colectiva.<\/p><\/blockquote><p>IndustriALL acoge con agrado, promueve y apoya esta iniciativa que tiene como fin desarrollar una red unificada para promover los intereses de los trabajadores y trabajadoras en cooperaci\u00f3n, unidad y solidaridad. Esta es la mejor manera de luchar contra empresas que tratan de dividir la fuerza de trabajo, creando adversidades entre un sector y otro.<\/p><p>En la reuni\u00f3n en Chennai, participaron representantes de la administraci\u00f3n de empresas como Bharat Benz, Ford India, Skoda, BMW y Volkswagen. En cuanto a la cuesti\u00f3n del trabajo precario, dijeron que todos los actores del sector automotriz, incluidos los principales fabricantes, deber\u00edan acudir a la mesa de negociaciones para identificar una posici\u00f3n colectiva para poner fin al trabajo precario.<\/p><p>Apoorva Kaiwar, Secretaria Regional de IndustriALL, se\u00f1al\u00f3:<\/p><blockquote><p>Hay muy pocas mujeres en el sector automotriz de la India. Deber\u00eda haber un ambiente propicio en las f\u00e1bricas para fomentar el reclutamiento de un mayor n\u00famero de mujeres trabajadoras.<\/p><\/blockquote><blockquote><p>En el debate sobre cuestiones de seguridad y salud en el trabajo, los representantes sindicales enfatizaron que, para poder tomar medidas eficaces, es necesario fortalecer la capacidad y los conocimientos de los sindicatos. Los participantes decidieron fortalecer la red, intercambiar informaci\u00f3n y desarrollar estructuras organizativas para mejorar la solidaridad entre los sindicatos del sector automotriz.<\/p><\/blockquote><p>Manifestaron su solidaridad con los trabajadores de Maruti Suzuki encarcelados y resolvieron apoyar la labor que se realiza para procurar que sean puestos en libertad.<\/p><p>Por su parte, R Kuchelan del WPTUC, organizaci\u00f3n afiliada a IndustriALL, afirm\u00f3:<\/p><blockquote><p>Felicitamos a IndustriALL por su iniciativa de reunir a los representantes sindicales del sector automotriz, porque se necesita realizar acci\u00f3n coordinada. Los r\u00e1pidos cambios tecnol\u00f3gicos y la introducci\u00f3n de veh\u00edculos el\u00e9ctricos en este sector plantean desaf\u00edos para la seguridad del empleo y al empleo mismo. La acci\u00f3n sindical unida es primordial para defender los derechos de los trabajadores y trabajadoras en el sector automotriz de la India.<\/p><\/blockquote><p>Este evento fue organizado con el apoyo de la Fundaci\u00f3n Friedrich-Ebert. Los participantes tambi\u00e9n visitaron la planta de Daimler India, situada en Oragadam, para conversaciones con funcionarios de la empresa y representantes sindicales.<\/p>","protected":false},"featured_media":0,"template":"","issues":[396,415],"companies":[],"regions":[166],"sectors":[482],"article_tags":[],"class_list":["post-163887","article","type-article","status-publish","hentry","issues-building-strong-unions","issues-stop-precarious-work","regions-india","sectors-automotive"],"acf":[],"yoast_head":"<!-- This site is optimized with the Yoast SEO Premium plugin v27.1 (Yoast SEO v27.1) - https:\/\/yoast.com\/product\/yoast-seo-premium-wordpress\/ -->\n<title>Sindicatos del sector automotriz de la India resuelven reforzar di\u00e1logo social y poder sindical - industriall-union<\/title>\n<meta name=\"description\" content=\"En dicho taller, y en la mencionada reuni\u00f3n sobre planificaci\u00f3n estrat\u00e9gica, participaron activamente representantes sindicales de empresas fabricantes de\" \/>\n<meta name=\"robots\" content=\"index, follow, max-snippet:-1, max-image-preview:large, max-video-preview:-1\" \/>\n<link rel=\"canonical\" href=\"https:\/\/admin.industriall-union.org\/es\/sindicatos-del-sector-automotriz-de-la-india-resuelven-reforzar-dialogo-social-y-poder-sindical\/\" \/>\n<meta property=\"og:locale\" content=\"es_ES\" \/>\n<meta property=\"og:type\" content=\"article\" \/>\n<meta property=\"og:title\" content=\"Sindicatos del sector automotriz de la India resuelven reforzar di\u00e1logo social y poder sindical\" \/>\n<meta property=\"og:description\" content=\"En dicho taller, y en la mencionada reuni\u00f3n sobre planificaci\u00f3n estrat\u00e9gica, participaron activamente representantes sindicales de empresas fabricantes de\" \/>\n<meta property=\"og:url\" content=\"https:\/\/admin.industriall-union.org\/es\/sindicatos-del-sector-automotriz-de-la-india-resuelven-reforzar-dialogo-social-y-poder-sindical\/\" \/>\n<meta property=\"og:site_name\" content=\"industriall-union\" \/>\n<meta property=\"article:modified_time\" content=\"2025-02-04T20:38:12+00:00\" \/>\n<meta name=\"twitter:card\" content=\"summary_large_image\" \/>\n<meta name=\"twitter:label1\" content=\"Est. reading time\" \/>\n\t<meta name=\"twitter:data1\" content=\"3 minutes\" \/>\n<script type=\"application\/ld+json\" class=\"yoast-schema-graph\">{\"@context\":\"https:\/\/schema.org\",\"@graph\":[{\"@type\":\"WebPage\",\"@id\":\"https:\/\/admin.industriall-union.org\/es\/sindicatos-del-sector-automotriz-de-la-india-resuelven-reforzar-dialogo-social-y-poder-sindical\/\",\"url\":\"https:\/\/admin.industriall-union.org\/es\/sindicatos-del-sector-automotriz-de-la-india-resuelven-reforzar-dialogo-social-y-poder-sindical\/\",\"name\":\"Sindicatos del sector automotriz de la India resuelven reforzar di\u00e1logo social y poder sindical - industriall-union\",\"isPartOf\":{\"@id\":\"https:\/\/admin.industriall-union.org\/#website\"},\"datePublished\":\"2017-09-26T15:44:47+00:00\",\"dateModified\":\"2025-02-04T20:38:12+00:00\",\"description\":\"En dicho taller, y en la mencionada reuni\u00f3n sobre planificaci\u00f3n estrat\u00e9gica, participaron activamente representantes sindicales de empresas fabricantes de\",\"breadcrumb\":{\"@id\":\"https:\/\/admin.industriall-union.org\/es\/sindicatos-del-sector-automotriz-de-la-india-resuelven-reforzar-dialogo-social-y-poder-sindical\/#breadcrumb\"},\"inLanguage\":\"es-ES\",\"potentialAction\":[{\"@type\":\"ReadAction\",\"target\":[\"https:\/\/admin.industriall-union.org\/es\/sindicatos-del-sector-automotriz-de-la-india-resuelven-reforzar-dialogo-social-y-poder-sindical\/\"]}]},{\"@type\":\"BreadcrumbList\",\"@id\":\"https:\/\/admin.industriall-union.org\/es\/sindicatos-del-sector-automotriz-de-la-india-resuelven-reforzar-dialogo-social-y-poder-sindical\/#breadcrumb\",\"itemListElement\":[{\"@type\":\"ListItem\",\"position\":1,\"name\":\"Home\",\"item\":\"https:\/\/admin.industriall-union.org\/\"},{\"@type\":\"ListItem\",\"position\":2,\"name\":\"Articles\",\"item\":\"https:\/\/admin.industriall-union.org\/article\/\"},{\"@type\":\"ListItem\",\"position\":3,\"name\":\"Sindicatos del sector automotriz de la India resuelven reforzar di\u00e1logo social y poder sindical\"}]},{\"@type\":\"WebSite\",\"@id\":\"https:\/\/admin.industriall-union.org\/#website\",\"url\":\"https:\/\/admin.industriall-union.org\/\",\"name\":\"industriall-union\",\"description\":\"\",\"potentialAction\":[{\"@type\":\"SearchAction\",\"target\":{\"@type\":\"EntryPoint\",\"urlTemplate\":\"https:\/\/admin.industriall-union.org\/?s={search_term_string}\"},\"query-input\":{\"@type\":\"PropertyValueSpecification\",\"valueRequired\":true,\"valueName\":\"search_term_string\"}}],\"inLanguage\":\"es-ES\"}]}<\/script>\n<!-- \/ Yoast SEO Premium plugin. -->","yoast_head_json":{"title":"Sindicatos del sector automotriz de la India resuelven reforzar di\u00e1logo social y poder sindical - industriall-union","description":"En dicho taller, y en la mencionada reuni\u00f3n sobre planificaci\u00f3n estrat\u00e9gica, participaron activamente representantes sindicales de empresas fabricantes de","robots":{"index":"index","follow":"follow","max-snippet":"max-snippet:-1","max-image-preview":"max-image-preview:large","max-video-preview":"max-video-preview:-1"},"canonical":"https:\/\/admin.industriall-union.org\/es\/sindicatos-del-sector-automotriz-de-la-india-resuelven-reforzar-dialogo-social-y-poder-sindical\/","og_locale":"es_ES","og_type":"article","og_title":"Sindicatos del sector automotriz de la India resuelven reforzar di\u00e1logo social y poder sindical","og_description":"En dicho taller, y en la mencionada reuni\u00f3n sobre planificaci\u00f3n estrat\u00e9gica, participaron activamente representantes sindicales de empresas fabricantes de","og_url":"https:\/\/admin.industriall-union.org\/es\/sindicatos-del-sector-automotriz-de-la-india-resuelven-reforzar-dialogo-social-y-poder-sindical\/","og_site_name":"industriall-union","article_modified_time":"2025-02-04T20:38:12+00:00","twitter_card":"summary_large_image","twitter_misc":{"Est. reading time":"3 minutes"},"schema":{"@context":"https:\/\/schema.org","@graph":[{"@type":"WebPage","@id":"https:\/\/admin.industriall-union.org\/es\/sindicatos-del-sector-automotriz-de-la-india-resuelven-reforzar-dialogo-social-y-poder-sindical\/","url":"https:\/\/admin.industriall-union.org\/es\/sindicatos-del-sector-automotriz-de-la-india-resuelven-reforzar-dialogo-social-y-poder-sindical\/","name":"Sindicatos del sector automotriz de la India resuelven reforzar di\u00e1logo social y poder sindical - industriall-union","isPartOf":{"@id":"https:\/\/admin.industriall-union.org\/#website"},"datePublished":"2017-09-26T15:44:47+00:00","dateModified":"2025-02-04T20:38:12+00:00","description":"En dicho taller, y en la mencionada reuni\u00f3n sobre planificaci\u00f3n estrat\u00e9gica, participaron activamente representantes sindicales de empresas fabricantes de","breadcrumb":{"@id":"https:\/\/admin.industriall-union.org\/es\/sindicatos-del-sector-automotriz-de-la-india-resuelven-reforzar-dialogo-social-y-poder-sindical\/#breadcrumb"},"inLanguage":"es-ES","potentialAction":[{"@type":"ReadAction","target":["https:\/\/admin.industriall-union.org\/es\/sindicatos-del-sector-automotriz-de-la-india-resuelven-reforzar-dialogo-social-y-poder-sindical\/"]}]},{"@type":"BreadcrumbList","@id":"https:\/\/admin.industriall-union.org\/es\/sindicatos-del-sector-automotriz-de-la-india-resuelven-reforzar-dialogo-social-y-poder-sindical\/#breadcrumb","itemListElement":[{"@type":"ListItem","position":1,"name":"Home","item":"https:\/\/admin.industriall-union.org\/"},{"@type":"ListItem","position":2,"name":"Articles","item":"https:\/\/admin.industriall-union.org\/article\/"},{"@type":"ListItem","position":3,"name":"Sindicatos del sector automotriz de la India resuelven reforzar di\u00e1logo social y poder sindical"}]},{"@type":"WebSite","@id":"https:\/\/admin.industriall-union.org\/#website","url":"https:\/\/admin.industriall-union.org\/","name":"industriall-union","description":"","potentialAction":[{"@type":"SearchAction","target":{"@type":"EntryPoint","urlTemplate":"https:\/\/admin.industriall-union.org\/?s={search_term_string}"},"query-input":{"@type":"PropertyValueSpecification","valueRequired":true,"valueName":"search_term_string"}}],"inLanguage":"es-ES"}]}},"_links":{"self":[{"href":"https:\/\/admin.industriall-union.org\/es\/wp-json\/wp\/v2\/article\/163887","targetHints":{"allow":["GET"]}}],"collection":[{"href":"https:\/\/admin.industriall-union.org\/es\/wp-json\/wp\/v2\/article"}],"about":[{"href":"https:\/\/admin.industriall-union.org\/es\/wp-json\/wp\/v2\/types\/article"}],"wp:attachment":[{"href":"https:\/\/admin.industriall-union.org\/es\/wp-json\/wp\/v2\/media?parent=163887"}],"wp:term":[{"taxonomy":"issues","embeddable":true,"href":"https:\/\/admin.industriall-union.org\/es\/wp-json\/wp\/v2\/issues?post=163887"},{"taxonomy":"companies","embeddable":true,"href":"https:\/\/admin.industriall-union.org\/es\/wp-json\/wp\/v2\/companies?post=163887"},{"taxonomy":"regions","embeddable":true,"href":"https:\/\/admin.industriall-union.org\/es\/wp-json\/wp\/v2\/regions?post=163887"},{"taxonomy":"sectors","embeddable":true,"href":"https:\/\/admin.industriall-union.org\/es\/wp-json\/wp\/v2\/sectors?post=163887"},{"taxonomy":"article_tags","embeddable":true,"href":"https:\/\/admin.industriall-union.org\/es\/wp-json\/wp\/v2\/article_tags?post=163887"}],"curies":[{"name":"wp","href":"https:\/\/api.w.org\/{rel}","templated":true}]}}