{"id":163847,"date":"2017-09-29T14:18:40","date_gmt":"2017-09-29T14:18:40","guid":{"rendered":"https:\/\/admin.industriall-union.org\/los-sindicatos-intensifican-la-lucha-mundial-contra-shell\/"},"modified":"2025-02-04T20:15:32","modified_gmt":"2025-02-04T20:15:32","slug":"los-sindicatos-intensifican-la-lucha-mundial-contra-shell","status":"publish","type":"article","link":"https:\/\/admin.industriall-union.org\/es\/los-sindicatos-intensifican-la-lucha-mundial-contra-shell\/","title":{"rendered":"Los sindicatos intensifican la lucha mundial contra Shell"},"content":{"rendered":"<p>Los sindicatos que representan a los trabajadores de Shell en 14 pa\u00edses se reunieron en Vlaardingen los d\u00edas 25 y 26 de septiembre en la Red Sindical Mundial de Shell. Los participantes desean que Shell:<\/p><ul><li>Reconozca a la Red como interlocutora para un verdadero di\u00e1logo social a nivel mundial;<\/li><li>Limite el uso del trabajo precario en Shell y proteja los derechos de los trabajadores precarios;<\/li><li>Sea una empresa sostenible, de manera que respete sus compromisos con las normas internacionales del medio ambiente, las comunidades y los derechos humanos;<\/li><li>Aplique las mismas normas y procedimientos internacionales de salud y seguridad de alto nivel en las operaciones de Shell en todas partes, incluidos los proveedores.<\/li><\/ul><p>La reuni\u00f3n que fue apoyada por la Fundaci\u00f3n FES, se celebr\u00f3 frente a la enorme refiner\u00eda de Shell en el pa\u00eds. Shell es la mayor empresa de Pa\u00edses Bajos y opera en 140 pa\u00edses. En su intervenci\u00f3n el segundo d\u00eda de la reuni\u00f3n, Tuur Elzinga, miembro del Comit\u00e9 Ejecutivo de la FNV, afiliada holandesa a la IndustriALL, dijo:<\/p><p>&ldquo;El capital mundial est\u00e1 organizado mundialmente, y lo mismo debe hacer el movimiento sindical. S\u00ed, estamos orgullos de Shell, pero a veces nos avergonzamos de las medidas adoptadas por la direcci\u00f3n de Shell.&rdquo;<\/p><p>Shell se ha negado reiteradamente a entablar un di\u00e1logo con la Red, diciendo que s\u00f3lo negocia con los sindicatos a nivel nacional. Los sindicatos quieren que esto cambie. Tuur Elzinga dijo que, si bien las condiciones de los trabajadores son buenas en algunos pa\u00edses, tiene que haber &ldquo;unas normas m\u00ednimas en todos los pa\u00edses donde opera Shell; de otro modo, la carrera hacia normas inferiores no se detiene nunca. Debemos ayudar a los colegas en todas las partes del mundo. Tenemos que trabajar juntos.&rdquo;<\/p><p>Los participantes de muchos pa\u00edses, como Nigeria, Argentina y Pa\u00edses Bajos destacaron que el trabajo precario es una importante y creciente preocupaci\u00f3n.&nbsp; Respecto a otras partes, los afiliados de Iraq informaron de c\u00f3mo los trabajadores est\u00e1n sometidos a condiciones de trabajo extremas, con un calor de 50 grados que pone en peligro la vida. El sindicato de trabajadores agr\u00edcolas de Brasil, FERAESP, inform\u00f3 tambi\u00e9n de las dificultades para organizar a sus miembros que cosechan ca\u00f1a de az\u00facar para combustibles de etanol de Shell.<\/p><p>Adem\u00e1s, la reuni\u00f3n abord\u00f3 la sostenibilidad y la digitalizaci\u00f3n de la industria del petr\u00f3leo y el gas. El sector de la energ\u00eda es el que tiene la mayor capacidad para crear empleos verdes, dijo la directora de energ\u00eda de la IndustriALL, Diana Junquera Curiel. &ldquo;Queremos que Shell sea una empresa sostenible que pase a la producci\u00f3n de energ\u00eda limpia, respetando al mismo tiempo los derechos de los trabajadores y asegurando una transici\u00f3n justa para los trabajadores y sus comunidades&rdquo;, agreg\u00f3.<\/p><p>Entidhar Kamil Al-Maatoq, de la Federaci\u00f3n de Sindicatos del Petr\u00f3leo de Iraq, llam\u00f3 la atenci\u00f3n sobre la discriminaci\u00f3n contra las mujeres en la industria del petr\u00f3leo y el gas en Iraq. Al-Maatoq, ingeniera en Shell, es la \u00fanica mujer que trabaja con 100 hombres en Basora. Revel\u00f3 que se le paga menos por realizar el mismo cometido que a sus hom\u00f3logos masculinos en Shell. Tambi\u00e9n dijo que a las mujeres se las relega con frecuencia en los empleos en la industria, aunque tengan las mismas o incluso mejores calificaciones y experiencia que los hombres.<\/p><p>Diana Junquera Curiel concluy\u00f3:<\/p><blockquote><p>Shell nos ha ignorado durante demasiado tiempo. Negarse a entablar el di\u00e1logo con los sindicatos a nivel mundial es inaceptable cuando se est\u00e1 enfrentando a unos trabajadores contra otros en todo el mundo. Shell tiene que mantener sus compromisos con las mismas normas internacionales del trabajo y el medio ambiente, de alto nivel, en todos los pa\u00edses donde opera. Queremos atraer a m\u00e1s pa\u00edses y sindicatos a nuestra Red, para apoyar a los trabajadores en sus luchas.<\/p><\/blockquote><p>Los afiliados dijeron que utilizar\u00edan el D\u00eda Mundial del Trabajo Decente, el 7 de octubre, para protestar contra el trabajo precario en Shell como primer paso de la campa\u00f1a.<\/p>","protected":false},"featured_media":0,"template":"","issues":[396,402,395,415],"companies":[],"regions":[202,237],"sectors":[483],"article_tags":[],"class_list":["post-163847","article","type-article","status-publish","hentry","issues-building-strong-unions","issues-health-and-safety","issues-shell","issues-stop-precarious-work","regions-europe","regions-netherlands","sectors-energy-oil-gas-electricity-and-nuclear"],"acf":[],"yoast_head":"<!-- This site is optimized with the Yoast SEO Premium plugin v27.1 (Yoast SEO v27.1) - https:\/\/yoast.com\/product\/yoast-seo-premium-wordpress\/ -->\n<title>Los sindicatos intensifican la lucha mundial contra Shell - industriall-union<\/title>\n<meta name=\"description\" content=\"Los sindicatos que representan a los trabajadores de Shell en 14 pa\u00edses se reunieron en Vlaardingen los d\u00edas 25 y 26 de septiembre en la Red Sindical\" \/>\n<meta name=\"robots\" content=\"index, follow, max-snippet:-1, max-image-preview:large, max-video-preview:-1\" \/>\n<link rel=\"canonical\" href=\"https:\/\/admin.industriall-union.org\/es\/los-sindicatos-intensifican-la-lucha-mundial-contra-shell\/\" \/>\n<meta property=\"og:locale\" content=\"es_ES\" \/>\n<meta property=\"og:type\" content=\"article\" \/>\n<meta property=\"og:title\" content=\"Los sindicatos intensifican la lucha mundial contra Shell\" \/>\n<meta property=\"og:description\" content=\"Los sindicatos que representan a los trabajadores de Shell en 14 pa\u00edses se reunieron en Vlaardingen los d\u00edas 25 y 26 de septiembre en la Red Sindical\" \/>\n<meta property=\"og:url\" content=\"https:\/\/admin.industriall-union.org\/es\/los-sindicatos-intensifican-la-lucha-mundial-contra-shell\/\" \/>\n<meta property=\"og:site_name\" content=\"industriall-union\" \/>\n<meta property=\"article:modified_time\" content=\"2025-02-04T20:15:32+00:00\" \/>\n<meta name=\"twitter:card\" content=\"summary_large_image\" \/>\n<meta name=\"twitter:label1\" content=\"Est. reading time\" \/>\n\t<meta name=\"twitter:data1\" content=\"4 minutes\" \/>\n<script type=\"application\/ld+json\" class=\"yoast-schema-graph\">{\"@context\":\"https:\/\/schema.org\",\"@graph\":[{\"@type\":\"WebPage\",\"@id\":\"https:\/\/admin.industriall-union.org\/es\/los-sindicatos-intensifican-la-lucha-mundial-contra-shell\/\",\"url\":\"https:\/\/admin.industriall-union.org\/es\/los-sindicatos-intensifican-la-lucha-mundial-contra-shell\/\",\"name\":\"Los sindicatos intensifican la lucha mundial contra Shell - industriall-union\",\"isPartOf\":{\"@id\":\"https:\/\/admin.industriall-union.org\/#website\"},\"datePublished\":\"2017-09-29T14:18:40+00:00\",\"dateModified\":\"2025-02-04T20:15:32+00:00\",\"description\":\"Los sindicatos que representan a los trabajadores de Shell en 14 pa\u00edses se reunieron en Vlaardingen los d\u00edas 25 y 26 de septiembre en la Red Sindical\",\"breadcrumb\":{\"@id\":\"https:\/\/admin.industriall-union.org\/es\/los-sindicatos-intensifican-la-lucha-mundial-contra-shell\/#breadcrumb\"},\"inLanguage\":\"es-ES\",\"potentialAction\":[{\"@type\":\"ReadAction\",\"target\":[\"https:\/\/admin.industriall-union.org\/es\/los-sindicatos-intensifican-la-lucha-mundial-contra-shell\/\"]}]},{\"@type\":\"BreadcrumbList\",\"@id\":\"https:\/\/admin.industriall-union.org\/es\/los-sindicatos-intensifican-la-lucha-mundial-contra-shell\/#breadcrumb\",\"itemListElement\":[{\"@type\":\"ListItem\",\"position\":1,\"name\":\"Home\",\"item\":\"https:\/\/admin.industriall-union.org\/\"},{\"@type\":\"ListItem\",\"position\":2,\"name\":\"Articles\",\"item\":\"https:\/\/admin.industriall-union.org\/article\/\"},{\"@type\":\"ListItem\",\"position\":3,\"name\":\"Los sindicatos intensifican la lucha mundial contra Shell\"}]},{\"@type\":\"WebSite\",\"@id\":\"https:\/\/admin.industriall-union.org\/#website\",\"url\":\"https:\/\/admin.industriall-union.org\/\",\"name\":\"industriall-union\",\"description\":\"\",\"potentialAction\":[{\"@type\":\"SearchAction\",\"target\":{\"@type\":\"EntryPoint\",\"urlTemplate\":\"https:\/\/admin.industriall-union.org\/?s={search_term_string}\"},\"query-input\":{\"@type\":\"PropertyValueSpecification\",\"valueRequired\":true,\"valueName\":\"search_term_string\"}}],\"inLanguage\":\"es-ES\"}]}<\/script>\n<!-- \/ Yoast SEO Premium plugin. -->","yoast_head_json":{"title":"Los sindicatos intensifican la lucha mundial contra Shell - industriall-union","description":"Los sindicatos que representan a los trabajadores de Shell en 14 pa\u00edses se reunieron en Vlaardingen los d\u00edas 25 y 26 de septiembre en la Red Sindical","robots":{"index":"index","follow":"follow","max-snippet":"max-snippet:-1","max-image-preview":"max-image-preview:large","max-video-preview":"max-video-preview:-1"},"canonical":"https:\/\/admin.industriall-union.org\/es\/los-sindicatos-intensifican-la-lucha-mundial-contra-shell\/","og_locale":"es_ES","og_type":"article","og_title":"Los sindicatos intensifican la lucha mundial contra Shell","og_description":"Los sindicatos que representan a los trabajadores de Shell en 14 pa\u00edses se reunieron en Vlaardingen los d\u00edas 25 y 26 de septiembre en la Red Sindical","og_url":"https:\/\/admin.industriall-union.org\/es\/los-sindicatos-intensifican-la-lucha-mundial-contra-shell\/","og_site_name":"industriall-union","article_modified_time":"2025-02-04T20:15:32+00:00","twitter_card":"summary_large_image","twitter_misc":{"Est. reading time":"4 minutes"},"schema":{"@context":"https:\/\/schema.org","@graph":[{"@type":"WebPage","@id":"https:\/\/admin.industriall-union.org\/es\/los-sindicatos-intensifican-la-lucha-mundial-contra-shell\/","url":"https:\/\/admin.industriall-union.org\/es\/los-sindicatos-intensifican-la-lucha-mundial-contra-shell\/","name":"Los sindicatos intensifican la lucha mundial contra Shell - industriall-union","isPartOf":{"@id":"https:\/\/admin.industriall-union.org\/#website"},"datePublished":"2017-09-29T14:18:40+00:00","dateModified":"2025-02-04T20:15:32+00:00","description":"Los sindicatos que representan a los trabajadores de Shell en 14 pa\u00edses se reunieron en Vlaardingen los d\u00edas 25 y 26 de septiembre en la Red Sindical","breadcrumb":{"@id":"https:\/\/admin.industriall-union.org\/es\/los-sindicatos-intensifican-la-lucha-mundial-contra-shell\/#breadcrumb"},"inLanguage":"es-ES","potentialAction":[{"@type":"ReadAction","target":["https:\/\/admin.industriall-union.org\/es\/los-sindicatos-intensifican-la-lucha-mundial-contra-shell\/"]}]},{"@type":"BreadcrumbList","@id":"https:\/\/admin.industriall-union.org\/es\/los-sindicatos-intensifican-la-lucha-mundial-contra-shell\/#breadcrumb","itemListElement":[{"@type":"ListItem","position":1,"name":"Home","item":"https:\/\/admin.industriall-union.org\/"},{"@type":"ListItem","position":2,"name":"Articles","item":"https:\/\/admin.industriall-union.org\/article\/"},{"@type":"ListItem","position":3,"name":"Los sindicatos intensifican la lucha mundial contra Shell"}]},{"@type":"WebSite","@id":"https:\/\/admin.industriall-union.org\/#website","url":"https:\/\/admin.industriall-union.org\/","name":"industriall-union","description":"","potentialAction":[{"@type":"SearchAction","target":{"@type":"EntryPoint","urlTemplate":"https:\/\/admin.industriall-union.org\/?s={search_term_string}"},"query-input":{"@type":"PropertyValueSpecification","valueRequired":true,"valueName":"search_term_string"}}],"inLanguage":"es-ES"}]}},"_links":{"self":[{"href":"https:\/\/admin.industriall-union.org\/es\/wp-json\/wp\/v2\/article\/163847","targetHints":{"allow":["GET"]}}],"collection":[{"href":"https:\/\/admin.industriall-union.org\/es\/wp-json\/wp\/v2\/article"}],"about":[{"href":"https:\/\/admin.industriall-union.org\/es\/wp-json\/wp\/v2\/types\/article"}],"wp:attachment":[{"href":"https:\/\/admin.industriall-union.org\/es\/wp-json\/wp\/v2\/media?parent=163847"}],"wp:term":[{"taxonomy":"issues","embeddable":true,"href":"https:\/\/admin.industriall-union.org\/es\/wp-json\/wp\/v2\/issues?post=163847"},{"taxonomy":"companies","embeddable":true,"href":"https:\/\/admin.industriall-union.org\/es\/wp-json\/wp\/v2\/companies?post=163847"},{"taxonomy":"regions","embeddable":true,"href":"https:\/\/admin.industriall-union.org\/es\/wp-json\/wp\/v2\/regions?post=163847"},{"taxonomy":"sectors","embeddable":true,"href":"https:\/\/admin.industriall-union.org\/es\/wp-json\/wp\/v2\/sectors?post=163847"},{"taxonomy":"article_tags","embeddable":true,"href":"https:\/\/admin.industriall-union.org\/es\/wp-json\/wp\/v2\/article_tags?post=163847"}],"curies":[{"name":"wp","href":"https:\/\/api.w.org\/{rel}","templated":true}]}}