{"id":163496,"date":"2017-11-02T12:21:06","date_gmt":"2017-11-02T12:21:06","guid":{"rendered":"https:\/\/admin.industriall-union.org\/trabajadores-del-cemento-lanzan-la-red-sindical-mundial-en-heidelbergcement\/"},"modified":"2025-02-04T17:53:47","modified_gmt":"2025-02-04T17:53:47","slug":"trabajadores-del-cemento-lanzan-la-red-sindical-mundial-en-heidelbergcement","status":"publish","type":"article","link":"https:\/\/admin.industriall-union.org\/es\/trabajadores-del-cemento-lanzan-la-red-sindical-mundial-en-heidelbergcement\/","title":{"rendered":"Trabajadores del cemento lanzan la red sindical mundial en HeidelbergCement"},"content":{"rendered":"<p>Cuarenta delegados de Europa, Oriente Medio y \u00c1frica del Norte, Am\u00e9rica del Norte, Asia-Pac\u00edfico y Asia del Sur se reunieron el 1 y el 2 de noviembre en Bremen (Alemania). Es primera vez que los empleados de HeidelbergCement se re\u00fanen para un debate global sobre los desaf\u00edos que afrontan los trabajadores de la empresa.<\/p><p>La reuni\u00f3n fue organizada por la IndustriALL Global Union con el apoyo de la Friedrich Ebert Foundation, y tambi\u00e9n particip\u00f3 la organizaci\u00f3n hermana de la IndustriALL la Federaci\u00f3n Internacional de Trabajadores de la Construcci\u00f3n y de la Madera.<\/p><p>A pesar de una reiterada invitaci\u00f3n, la direcci\u00f3n de la empresa mundial no asisti\u00f3 a la reuni\u00f3n, por lo que perdi\u00f3 la oportunidad de hablar a los trabajadores en este foro.<\/p><p>Los recientes acontecimientos en el sector cementero, que incluyen los avances tecnol\u00f3gicos, la expansi\u00f3n y la reestructuraci\u00f3n de la empresa han venido acompa\u00f1ados de un aumento del trabajo precario, problemas de salud y seguridad en el trabajo y deterioro de las condiciones de trabajo. Los trabajadores sufren una presi\u00f3n cada vez mayor; seg\u00fan se informa, en Francia, un trabajador subcontratado de HeidelbergCement trat\u00f3 de suicidarse por sobrecarga de trabajo.<\/p><p>Los delegados expresaron la firme opini\u00f3n de que es imperioso reforzar sus filas mediante actividades de organizaci\u00f3n y una mejor capacidad de los sindicatos para atraer a un mayor n\u00famero de de trabajadores j\u00f3venes y de trabajadoras.<\/p><p>Debido a su enorme tama\u00f1o, el impacto de la empresa sobre la naturaleza, el almacenamiento y la utilizaci\u00f3n de CO2 es considerable, y tambi\u00e9n debe abordarse debidamente. Si la empresa es seria sobre su finalidad de mitigar el impacto sobre la naturaleza y sobre los objetivos de sostenibilidad de HeidelbergCement para 2030, s\u00f3lo se puede hacer con la participaci\u00f3n directa de los trabajadores, los sindicatos, los representantes del personal y los comit\u00e9s de empresa.<\/p><p>Durante la conferencia, los delegados discutieron tambi\u00e9n lo que se ha hecho en otros sectores. Prestaron especial atenci\u00f3n a la experiencia de los sindicatos mundiales y nacionales en interacci\u00f3n con la direcci\u00f3n en otra gigantesca empresa cementera, LafargeHolcim.<\/p><p>Al final de la reuni\u00f3n, los delegados adoptaron por unanimidad una <a href=\"\/wp-content\/uploads\/documents\/2017\/GERMANY\/heidelberg_declaration_bremen.pdf\">declaraci\u00f3n de Bremen<\/a> y eligieron un comit\u00e9 de direcci\u00f3n de la red que coordinar\u00e1 la labor entre sus reuniones mundiales.<\/p><p>Matthias Hartwich, director de la industria de materiales de la IndustriALL, dijo:<\/p><blockquote><p>&ldquo;Con la creaci\u00f3n de la red sindical en HeidelbergCement abrimos la puerta al di\u00e1logo social, si la direcci\u00f3n lo desea, y esperamos que los sindicalistas contribuyan seriamente a la promoci\u00f3n de los derechos y los intereses de los trabajadores en la empresa. Para ello, el comit\u00e9 de direcci\u00f3n interactuar\u00e1 estrechamente con los sindicatos nacionales. Por \u00faltimo, creemos firmemente que HeidelbergCement saldr\u00e1 ganando con la activa participaci\u00f3n y el compromiso de los trabajadores.&rdquo;<\/p><\/blockquote>","protected":false},"featured_media":0,"template":"","issues":[396],"companies":[66],"regions":[219],"sectors":[485],"article_tags":[],"class_list":["post-163496","article","type-article","status-publish","hentry","issues-building-strong-unions","companies-heidelbergcement","regions-germany","sectors-cement"],"acf":[],"yoast_head":"<!-- This site is optimized with the Yoast SEO Premium plugin v27.1 (Yoast SEO v27.1) - https:\/\/yoast.com\/product\/yoast-seo-premium-wordpress\/ -->\n<title>Trabajadores del cemento lanzan la red sindical mundial en HeidelbergCement - industriall-union<\/title>\n<meta name=\"description\" content=\"Cuarenta delegados de Europa, Oriente Medio y \u00c1frica del Norte, Am\u00e9rica del Norte, Asia-Pac\u00edfico y Asia del Sur se reunieron el 1 y el 2 de noviembre en\" \/>\n<meta name=\"robots\" content=\"index, follow, max-snippet:-1, max-image-preview:large, max-video-preview:-1\" \/>\n<link rel=\"canonical\" href=\"https:\/\/admin.industriall-union.org\/es\/trabajadores-del-cemento-lanzan-la-red-sindical-mundial-en-heidelbergcement\/\" \/>\n<meta property=\"og:locale\" content=\"es_ES\" \/>\n<meta property=\"og:type\" content=\"article\" \/>\n<meta property=\"og:title\" content=\"Trabajadores del cemento lanzan la red sindical mundial en HeidelbergCement\" \/>\n<meta property=\"og:description\" content=\"Cuarenta delegados de Europa, Oriente Medio y \u00c1frica del Norte, Am\u00e9rica del Norte, Asia-Pac\u00edfico y Asia del Sur se reunieron el 1 y el 2 de noviembre en\" \/>\n<meta property=\"og:url\" content=\"https:\/\/admin.industriall-union.org\/es\/trabajadores-del-cemento-lanzan-la-red-sindical-mundial-en-heidelbergcement\/\" \/>\n<meta property=\"og:site_name\" content=\"industriall-union\" \/>\n<meta property=\"article:modified_time\" content=\"2025-02-04T17:53:47+00:00\" \/>\n<meta name=\"twitter:card\" content=\"summary_large_image\" \/>\n<meta name=\"twitter:label1\" content=\"Est. reading time\" \/>\n\t<meta name=\"twitter:data1\" content=\"2 minutes\" \/>\n<script type=\"application\/ld+json\" class=\"yoast-schema-graph\">{\"@context\":\"https:\/\/schema.org\",\"@graph\":[{\"@type\":\"WebPage\",\"@id\":\"https:\/\/admin.industriall-union.org\/es\/trabajadores-del-cemento-lanzan-la-red-sindical-mundial-en-heidelbergcement\/\",\"url\":\"https:\/\/admin.industriall-union.org\/es\/trabajadores-del-cemento-lanzan-la-red-sindical-mundial-en-heidelbergcement\/\",\"name\":\"Trabajadores del cemento lanzan la red sindical mundial en HeidelbergCement - industriall-union\",\"isPartOf\":{\"@id\":\"https:\/\/admin.industriall-union.org\/#website\"},\"datePublished\":\"2017-11-02T12:21:06+00:00\",\"dateModified\":\"2025-02-04T17:53:47+00:00\",\"description\":\"Cuarenta delegados de Europa, Oriente Medio y \u00c1frica del Norte, Am\u00e9rica del Norte, Asia-Pac\u00edfico y Asia del Sur se reunieron el 1 y el 2 de noviembre en\",\"breadcrumb\":{\"@id\":\"https:\/\/admin.industriall-union.org\/es\/trabajadores-del-cemento-lanzan-la-red-sindical-mundial-en-heidelbergcement\/#breadcrumb\"},\"inLanguage\":\"es-ES\",\"potentialAction\":[{\"@type\":\"ReadAction\",\"target\":[\"https:\/\/admin.industriall-union.org\/es\/trabajadores-del-cemento-lanzan-la-red-sindical-mundial-en-heidelbergcement\/\"]}]},{\"@type\":\"BreadcrumbList\",\"@id\":\"https:\/\/admin.industriall-union.org\/es\/trabajadores-del-cemento-lanzan-la-red-sindical-mundial-en-heidelbergcement\/#breadcrumb\",\"itemListElement\":[{\"@type\":\"ListItem\",\"position\":1,\"name\":\"Home\",\"item\":\"https:\/\/admin.industriall-union.org\/\"},{\"@type\":\"ListItem\",\"position\":2,\"name\":\"Articles\",\"item\":\"https:\/\/admin.industriall-union.org\/article\/\"},{\"@type\":\"ListItem\",\"position\":3,\"name\":\"Trabajadores del cemento lanzan la red sindical mundial en HeidelbergCement\"}]},{\"@type\":\"WebSite\",\"@id\":\"https:\/\/admin.industriall-union.org\/#website\",\"url\":\"https:\/\/admin.industriall-union.org\/\",\"name\":\"industriall-union\",\"description\":\"\",\"potentialAction\":[{\"@type\":\"SearchAction\",\"target\":{\"@type\":\"EntryPoint\",\"urlTemplate\":\"https:\/\/admin.industriall-union.org\/?s={search_term_string}\"},\"query-input\":{\"@type\":\"PropertyValueSpecification\",\"valueRequired\":true,\"valueName\":\"search_term_string\"}}],\"inLanguage\":\"es-ES\"}]}<\/script>\n<!-- \/ Yoast SEO Premium plugin. -->","yoast_head_json":{"title":"Trabajadores del cemento lanzan la red sindical mundial en HeidelbergCement - industriall-union","description":"Cuarenta delegados de Europa, Oriente Medio y \u00c1frica del Norte, Am\u00e9rica del Norte, Asia-Pac\u00edfico y Asia del Sur se reunieron el 1 y el 2 de noviembre en","robots":{"index":"index","follow":"follow","max-snippet":"max-snippet:-1","max-image-preview":"max-image-preview:large","max-video-preview":"max-video-preview:-1"},"canonical":"https:\/\/admin.industriall-union.org\/es\/trabajadores-del-cemento-lanzan-la-red-sindical-mundial-en-heidelbergcement\/","og_locale":"es_ES","og_type":"article","og_title":"Trabajadores del cemento lanzan la red sindical mundial en HeidelbergCement","og_description":"Cuarenta delegados de Europa, Oriente Medio y \u00c1frica del Norte, Am\u00e9rica del Norte, Asia-Pac\u00edfico y Asia del Sur se reunieron el 1 y el 2 de noviembre en","og_url":"https:\/\/admin.industriall-union.org\/es\/trabajadores-del-cemento-lanzan-la-red-sindical-mundial-en-heidelbergcement\/","og_site_name":"industriall-union","article_modified_time":"2025-02-04T17:53:47+00:00","twitter_card":"summary_large_image","twitter_misc":{"Est. reading time":"2 minutes"},"schema":{"@context":"https:\/\/schema.org","@graph":[{"@type":"WebPage","@id":"https:\/\/admin.industriall-union.org\/es\/trabajadores-del-cemento-lanzan-la-red-sindical-mundial-en-heidelbergcement\/","url":"https:\/\/admin.industriall-union.org\/es\/trabajadores-del-cemento-lanzan-la-red-sindical-mundial-en-heidelbergcement\/","name":"Trabajadores del cemento lanzan la red sindical mundial en HeidelbergCement - industriall-union","isPartOf":{"@id":"https:\/\/admin.industriall-union.org\/#website"},"datePublished":"2017-11-02T12:21:06+00:00","dateModified":"2025-02-04T17:53:47+00:00","description":"Cuarenta delegados de Europa, Oriente Medio y \u00c1frica del Norte, Am\u00e9rica del Norte, Asia-Pac\u00edfico y Asia del Sur se reunieron el 1 y el 2 de noviembre en","breadcrumb":{"@id":"https:\/\/admin.industriall-union.org\/es\/trabajadores-del-cemento-lanzan-la-red-sindical-mundial-en-heidelbergcement\/#breadcrumb"},"inLanguage":"es-ES","potentialAction":[{"@type":"ReadAction","target":["https:\/\/admin.industriall-union.org\/es\/trabajadores-del-cemento-lanzan-la-red-sindical-mundial-en-heidelbergcement\/"]}]},{"@type":"BreadcrumbList","@id":"https:\/\/admin.industriall-union.org\/es\/trabajadores-del-cemento-lanzan-la-red-sindical-mundial-en-heidelbergcement\/#breadcrumb","itemListElement":[{"@type":"ListItem","position":1,"name":"Home","item":"https:\/\/admin.industriall-union.org\/"},{"@type":"ListItem","position":2,"name":"Articles","item":"https:\/\/admin.industriall-union.org\/article\/"},{"@type":"ListItem","position":3,"name":"Trabajadores del cemento lanzan la red sindical mundial en HeidelbergCement"}]},{"@type":"WebSite","@id":"https:\/\/admin.industriall-union.org\/#website","url":"https:\/\/admin.industriall-union.org\/","name":"industriall-union","description":"","potentialAction":[{"@type":"SearchAction","target":{"@type":"EntryPoint","urlTemplate":"https:\/\/admin.industriall-union.org\/?s={search_term_string}"},"query-input":{"@type":"PropertyValueSpecification","valueRequired":true,"valueName":"search_term_string"}}],"inLanguage":"es-ES"}]}},"_links":{"self":[{"href":"https:\/\/admin.industriall-union.org\/es\/wp-json\/wp\/v2\/article\/163496","targetHints":{"allow":["GET"]}}],"collection":[{"href":"https:\/\/admin.industriall-union.org\/es\/wp-json\/wp\/v2\/article"}],"about":[{"href":"https:\/\/admin.industriall-union.org\/es\/wp-json\/wp\/v2\/types\/article"}],"wp:attachment":[{"href":"https:\/\/admin.industriall-union.org\/es\/wp-json\/wp\/v2\/media?parent=163496"}],"wp:term":[{"taxonomy":"issues","embeddable":true,"href":"https:\/\/admin.industriall-union.org\/es\/wp-json\/wp\/v2\/issues?post=163496"},{"taxonomy":"companies","embeddable":true,"href":"https:\/\/admin.industriall-union.org\/es\/wp-json\/wp\/v2\/companies?post=163496"},{"taxonomy":"regions","embeddable":true,"href":"https:\/\/admin.industriall-union.org\/es\/wp-json\/wp\/v2\/regions?post=163496"},{"taxonomy":"sectors","embeddable":true,"href":"https:\/\/admin.industriall-union.org\/es\/wp-json\/wp\/v2\/sectors?post=163496"},{"taxonomy":"article_tags","embeddable":true,"href":"https:\/\/admin.industriall-union.org\/es\/wp-json\/wp\/v2\/article_tags?post=163496"}],"curies":[{"name":"wp","href":"https:\/\/api.w.org\/{rel}","templated":true}]}}