{"id":163470,"date":"2017-11-08T03:14:03","date_gmt":"2017-11-08T03:14:03","guid":{"rendered":"https:\/\/admin.industriall-union.org\/afiliados-de-industriall-exigen-respeto-de-sus-derechos-laborales-en-las-industrias-de-materiales\/"},"modified":"2025-02-04T17:29:33","modified_gmt":"2025-02-04T17:29:33","slug":"afiliados-de-industriall-exigen-respeto-de-sus-derechos-laborales-en-las-industrias-de-materiales","status":"publish","type":"article","link":"https:\/\/admin.industriall-union.org\/es\/afiliados-de-industriall-exigen-respeto-de-sus-derechos-laborales-en-las-industrias-de-materiales\/","title":{"rendered":"Afiliados de IndustriALL exigen respeto de sus derechos laborales en las industrias de materiales"},"content":{"rendered":"<p>Las industrias de materiales cambian r\u00e1pidamente; todo el sector se encuentra en una situaci\u00f3n de constante consolidaci\u00f3n y cambio. Las fusiones, adquisiciones y consolidaciones que se han registrado en el sector han modificado el perfil, el \u00e1mbito de actividad y las estrategias de las principales multinacionales. Como en muchas otras industrias manufactureras, existe el problema de la sobrecapacidad masiva debido a que la China mantiene el nivel m\u00e1s alto de producci\u00f3n. Este fen\u00f3meno sigue siendo una espada de Damocles que pende sobre los puestos de trabajo en todos los continentes. Adem\u00e1s, el factor de Industria 4.0 tambi\u00e9n est\u00e1 por afectar cada vez m\u00e1s, y de manera muy grave, el trabajo y la vida de los trabajadores y trabajadoras.<\/p><p>Al inaugurar la Conferencia, Newton B. Jones, EE. UU., Presidente Internacional de la International Brotherhood of Boilermakers (IBB), y Copresidente del Sector de Materiales de IndustriALL, se\u00f1al\u00f3 lo siguiente:<\/p><blockquote><p>&ldquo;En las diferentes partes del mundo se ve la influencia del capital global, en todas las econom\u00edas en todas las etapas de desarrollo. Y, sin embargo, las amenazas son las mismas: trabajo precario, una carrera hacia abajo en salarios y beneficios para la fuerza de trabajo, modelos comerciales insostenibles, condiciones de trabajo inseguras e insalubres, y automatizaci\u00f3n sin tomar en cuenta su impacto en la vida de los trabajadores y trabajadoras&rdquo;.<\/p><\/blockquote><p>Valter Sanches, Secretario General de IndustriALL Global Union, tambi\u00e9n se dirigi\u00f3 a los delegados:<\/p><blockquote><p>&ldquo;Debido a las adquisiciones y fusiones en los \u00faltimos a\u00f1os, la industria de materiales se convirti\u00f3 en un sector de gran concentraci\u00f3n. A trav\u00e9s de estas t\u00e1cticas, las empresas multinacionales llegaron a ser sumamente poderosas, y nosotros, como sindicatos, somos los \u00fanicos que podemos enfrentar su poder&rdquo;.<\/p><\/blockquote><p>Desde la \u00faltima Conferencia, que se celebr\u00f3 en Bangkok, Tailandia, en 2013, los sindicatos del sector de materiales han encabezado una serie de luchas y campa\u00f1as de resistencia que han dado como resultado victorias para los trabajadores. Ya sea en la <a href=\"http:\/\/www.industriall-union.org\/es\/trabajadores-con-contrato-temporal-logran-convenio-justo-en-lafargeholcim-en-la-india\">India<\/a>, <a href=\"http:\/\/www.industriall-union.org\/es\/acuerdo-de-la-ocde-provechoso-para-trabajadores-del-cemento-de-indonesia\">Indonesia<\/a> o <a href=\"http:\/\/www.industriall-union.org\/es\/trabajadores-del-cemento-del-usw-en-canada-llegan-a-un-acuerdo-con-lafargeholcim\">Canad\u00e1<\/a>, los trabajadores\/as de las industrias de materiales y sus sindicatos se mantuvieron firmes en defensa de sus derechos y siempre manifestaron y recibieron solidaridad ejemplar.<\/p><p>Otro avance importante que se logr\u00f3 durante estos cuatro a\u00f1os es el <a href=\"http:\/\/www.industriall-union.org\/es\/lafargeholcim-dan-el-paso-definitivo-para-establecer-acuerdo-marco-global\">Memorando de Entendimiento<\/a> firmado entre LafargeHolcim, IndustriALL, y su organizaci\u00f3n hermana, la Internacional de Trabajadores de la Construcci\u00f3n y la Madera, que prev\u00e9 continuaci\u00f3n de las negociaciones y la celebraci\u00f3n de un Acuerdo Marco Global para proteger mejor los derechos de los empleados contratados por las empresas tanto en forma directa como indirecta.<\/p><p>El Sr. G\u00fcnthner, Senador Encargado del Trabajo, Empleo, Econom\u00eda y Puertos de la Administraci\u00f3n de Bremen, se dirigi\u00f3 a los delegados presentes en la conferencia, reiterando la importancia de contar con fuertes sindicatos nacionales e internacionales.<\/p><p>Los participantes aprobaron un ambicioso <a href=\"\/wp-content\/uploads\/documents\/2017\/GERMANY\/action_plan_-_world_conference_of_materials_-_02-03_november_2017_en.pdf\">Plan de Acci\u00f3n<\/a> centrado en los cinco objetivos principales de IndustriALL.<\/p><p>Al finalizar la conferencia, Lena Yuliana, de la Federaci\u00f3n de Sindicatos de Trabajadores del Cemento de Indonesia FSP ISI, quien fue elegida como copresidenta (junto con Newton B. Jones) del sector, declar\u00f3:<\/p><blockquote><p>&ldquo;Tenemos que desarrollar el poder sindical y fortalecer la solidaridad, intercambiando y compartiendo informaci\u00f3n con nuestros miembros. S\u00f3lo a trav\u00e9s de este trabajo podremos lograr avances concretos para nuestros afiliados&rdquo;.<\/p><\/blockquote><p>La conferencia fue precedida por la primera reuni\u00f3n de los <a href=\"http:\/\/www.industriall-union.org\/es\/trabajadores-del-cemento-lanzan-la-red-sindical-mundial-en-heidelbergcement\">sindicatos que representan a los trabajadores\/as de HeidelbergCement, donde crearon su nueva red sindical mundial<\/a>. La red ya comenz\u00f3 su trabajo y aprob\u00f3 una declaraci\u00f3n especial en que se definen sus actividades para el futuro pr\u00f3ximo.<\/p><p>Al comentar sobre los resultados de la conferencia, Matthias Hartwich, Director de Industrias de Materiales de IndustriALL, se\u00f1al\u00f3:<\/p><blockquote><p>&ldquo;Los trabajadores de este enorme sector se enfrentan a muchos desaf\u00edos, incluyendo malas condiciones de salud y seguridad, y trabajo precario. Hemos decidido en forma conjunta cu\u00e1les son nuestras prioridades y d\u00f3nde queremos realizar acciones durante los pr\u00f3ximos cuatro a\u00f1os. Este es un plan muy ambicioso y tendremos que movilizar toda nuestra fuerza para implementarlo. Pero queremos que nuestros sindicatos sean fuertes y que est\u00e9n en condiciones de enfrentar el poder de las corporaciones multinacionales. Estamos fuertemente unidos, y exigimos: &iexcl;Respeto de los derechos de los trabajadores y trabajadoras!&rdquo;.<\/p><\/blockquote><p>Fotos de la conferencia est\u00e1n a disposici\u00f3n en el <a href=\"https:\/\/www.flickr.com\/photos\/industriall_gu\/albums\/72157690280055636\">sitio Flickr de IndustriALL<\/a><\/p>","protected":false},"featured_media":0,"template":"","issues":[406,412],"companies":[],"regions":[],"sectors":[450],"article_tags":[511],"class_list":["post-163470","article","type-article","status-publish","hentry","issues-confronting-global-capital","issues-social-justice-and-globalization","sectors-vidrio-ceramica-cemento-y-afines","article_tags-industriall"],"acf":[],"yoast_head":"<!-- This site is optimized with the Yoast SEO Premium plugin v27.1 (Yoast SEO v27.1) - https:\/\/yoast.com\/product\/yoast-seo-premium-wordpress\/ -->\n<title>Afiliados de IndustriALL exigen respeto de sus derechos laborales en las industrias de materiales - industriall-union<\/title>\n<meta name=\"description\" content=\"Las industrias de materiales cambian r\u00e1pidamente; todo el sector se encuentra en una situaci\u00f3n de constante consolidaci\u00f3n y cambio. Las fusiones,\" \/>\n<meta name=\"robots\" content=\"index, follow, max-snippet:-1, max-image-preview:large, max-video-preview:-1\" \/>\n<link rel=\"canonical\" href=\"https:\/\/admin.industriall-union.org\/es\/afiliados-de-industriall-exigen-respeto-de-sus-derechos-laborales-en-las-industrias-de-materiales\/\" \/>\n<meta property=\"og:locale\" content=\"es_ES\" \/>\n<meta property=\"og:type\" content=\"article\" \/>\n<meta property=\"og:title\" content=\"Afiliados de IndustriALL exigen respeto de sus derechos laborales en las industrias de materiales\" \/>\n<meta property=\"og:description\" content=\"Las industrias de materiales cambian r\u00e1pidamente; todo el sector se encuentra en una situaci\u00f3n de constante consolidaci\u00f3n y cambio. Las fusiones,\" \/>\n<meta property=\"og:url\" content=\"https:\/\/admin.industriall-union.org\/es\/afiliados-de-industriall-exigen-respeto-de-sus-derechos-laborales-en-las-industrias-de-materiales\/\" \/>\n<meta property=\"og:site_name\" content=\"industriall-union\" \/>\n<meta property=\"article:modified_time\" content=\"2025-02-04T17:29:33+00:00\" \/>\n<meta name=\"twitter:card\" content=\"summary_large_image\" \/>\n<meta name=\"twitter:label1\" content=\"Est. reading time\" \/>\n\t<meta name=\"twitter:data1\" content=\"4 minutes\" \/>\n<script type=\"application\/ld+json\" class=\"yoast-schema-graph\">{\"@context\":\"https:\/\/schema.org\",\"@graph\":[{\"@type\":\"WebPage\",\"@id\":\"https:\/\/admin.industriall-union.org\/es\/afiliados-de-industriall-exigen-respeto-de-sus-derechos-laborales-en-las-industrias-de-materiales\/\",\"url\":\"https:\/\/admin.industriall-union.org\/es\/afiliados-de-industriall-exigen-respeto-de-sus-derechos-laborales-en-las-industrias-de-materiales\/\",\"name\":\"Afiliados de IndustriALL exigen respeto de sus derechos laborales en las industrias de materiales - industriall-union\",\"isPartOf\":{\"@id\":\"https:\/\/admin.industriall-union.org\/#website\"},\"datePublished\":\"2017-11-08T03:14:03+00:00\",\"dateModified\":\"2025-02-04T17:29:33+00:00\",\"description\":\"Las industrias de materiales cambian r\u00e1pidamente; todo el sector se encuentra en una situaci\u00f3n de constante consolidaci\u00f3n y cambio. Las fusiones,\",\"breadcrumb\":{\"@id\":\"https:\/\/admin.industriall-union.org\/es\/afiliados-de-industriall-exigen-respeto-de-sus-derechos-laborales-en-las-industrias-de-materiales\/#breadcrumb\"},\"inLanguage\":\"es-ES\",\"potentialAction\":[{\"@type\":\"ReadAction\",\"target\":[\"https:\/\/admin.industriall-union.org\/es\/afiliados-de-industriall-exigen-respeto-de-sus-derechos-laborales-en-las-industrias-de-materiales\/\"]}]},{\"@type\":\"BreadcrumbList\",\"@id\":\"https:\/\/admin.industriall-union.org\/es\/afiliados-de-industriall-exigen-respeto-de-sus-derechos-laborales-en-las-industrias-de-materiales\/#breadcrumb\",\"itemListElement\":[{\"@type\":\"ListItem\",\"position\":1,\"name\":\"Home\",\"item\":\"https:\/\/admin.industriall-union.org\/\"},{\"@type\":\"ListItem\",\"position\":2,\"name\":\"Articles\",\"item\":\"https:\/\/admin.industriall-union.org\/article\/\"},{\"@type\":\"ListItem\",\"position\":3,\"name\":\"Afiliados de IndustriALL exigen respeto de sus derechos laborales en las industrias de materiales\"}]},{\"@type\":\"WebSite\",\"@id\":\"https:\/\/admin.industriall-union.org\/#website\",\"url\":\"https:\/\/admin.industriall-union.org\/\",\"name\":\"industriall-union\",\"description\":\"\",\"potentialAction\":[{\"@type\":\"SearchAction\",\"target\":{\"@type\":\"EntryPoint\",\"urlTemplate\":\"https:\/\/admin.industriall-union.org\/?s={search_term_string}\"},\"query-input\":{\"@type\":\"PropertyValueSpecification\",\"valueRequired\":true,\"valueName\":\"search_term_string\"}}],\"inLanguage\":\"es-ES\"}]}<\/script>\n<!-- \/ Yoast SEO Premium plugin. -->","yoast_head_json":{"title":"Afiliados de IndustriALL exigen respeto de sus derechos laborales en las industrias de materiales - industriall-union","description":"Las industrias de materiales cambian r\u00e1pidamente; todo el sector se encuentra en una situaci\u00f3n de constante consolidaci\u00f3n y cambio. Las fusiones,","robots":{"index":"index","follow":"follow","max-snippet":"max-snippet:-1","max-image-preview":"max-image-preview:large","max-video-preview":"max-video-preview:-1"},"canonical":"https:\/\/admin.industriall-union.org\/es\/afiliados-de-industriall-exigen-respeto-de-sus-derechos-laborales-en-las-industrias-de-materiales\/","og_locale":"es_ES","og_type":"article","og_title":"Afiliados de IndustriALL exigen respeto de sus derechos laborales en las industrias de materiales","og_description":"Las industrias de materiales cambian r\u00e1pidamente; todo el sector se encuentra en una situaci\u00f3n de constante consolidaci\u00f3n y cambio. Las fusiones,","og_url":"https:\/\/admin.industriall-union.org\/es\/afiliados-de-industriall-exigen-respeto-de-sus-derechos-laborales-en-las-industrias-de-materiales\/","og_site_name":"industriall-union","article_modified_time":"2025-02-04T17:29:33+00:00","twitter_card":"summary_large_image","twitter_misc":{"Est. reading time":"4 minutes"},"schema":{"@context":"https:\/\/schema.org","@graph":[{"@type":"WebPage","@id":"https:\/\/admin.industriall-union.org\/es\/afiliados-de-industriall-exigen-respeto-de-sus-derechos-laborales-en-las-industrias-de-materiales\/","url":"https:\/\/admin.industriall-union.org\/es\/afiliados-de-industriall-exigen-respeto-de-sus-derechos-laborales-en-las-industrias-de-materiales\/","name":"Afiliados de IndustriALL exigen respeto de sus derechos laborales en las industrias de materiales - industriall-union","isPartOf":{"@id":"https:\/\/admin.industriall-union.org\/#website"},"datePublished":"2017-11-08T03:14:03+00:00","dateModified":"2025-02-04T17:29:33+00:00","description":"Las industrias de materiales cambian r\u00e1pidamente; todo el sector se encuentra en una situaci\u00f3n de constante consolidaci\u00f3n y cambio. Las fusiones,","breadcrumb":{"@id":"https:\/\/admin.industriall-union.org\/es\/afiliados-de-industriall-exigen-respeto-de-sus-derechos-laborales-en-las-industrias-de-materiales\/#breadcrumb"},"inLanguage":"es-ES","potentialAction":[{"@type":"ReadAction","target":["https:\/\/admin.industriall-union.org\/es\/afiliados-de-industriall-exigen-respeto-de-sus-derechos-laborales-en-las-industrias-de-materiales\/"]}]},{"@type":"BreadcrumbList","@id":"https:\/\/admin.industriall-union.org\/es\/afiliados-de-industriall-exigen-respeto-de-sus-derechos-laborales-en-las-industrias-de-materiales\/#breadcrumb","itemListElement":[{"@type":"ListItem","position":1,"name":"Home","item":"https:\/\/admin.industriall-union.org\/"},{"@type":"ListItem","position":2,"name":"Articles","item":"https:\/\/admin.industriall-union.org\/article\/"},{"@type":"ListItem","position":3,"name":"Afiliados de IndustriALL exigen respeto de sus derechos laborales en las industrias de materiales"}]},{"@type":"WebSite","@id":"https:\/\/admin.industriall-union.org\/#website","url":"https:\/\/admin.industriall-union.org\/","name":"industriall-union","description":"","potentialAction":[{"@type":"SearchAction","target":{"@type":"EntryPoint","urlTemplate":"https:\/\/admin.industriall-union.org\/?s={search_term_string}"},"query-input":{"@type":"PropertyValueSpecification","valueRequired":true,"valueName":"search_term_string"}}],"inLanguage":"es-ES"}]}},"_links":{"self":[{"href":"https:\/\/admin.industriall-union.org\/es\/wp-json\/wp\/v2\/article\/163470","targetHints":{"allow":["GET"]}}],"collection":[{"href":"https:\/\/admin.industriall-union.org\/es\/wp-json\/wp\/v2\/article"}],"about":[{"href":"https:\/\/admin.industriall-union.org\/es\/wp-json\/wp\/v2\/types\/article"}],"wp:attachment":[{"href":"https:\/\/admin.industriall-union.org\/es\/wp-json\/wp\/v2\/media?parent=163470"}],"wp:term":[{"taxonomy":"issues","embeddable":true,"href":"https:\/\/admin.industriall-union.org\/es\/wp-json\/wp\/v2\/issues?post=163470"},{"taxonomy":"companies","embeddable":true,"href":"https:\/\/admin.industriall-union.org\/es\/wp-json\/wp\/v2\/companies?post=163470"},{"taxonomy":"regions","embeddable":true,"href":"https:\/\/admin.industriall-union.org\/es\/wp-json\/wp\/v2\/regions?post=163470"},{"taxonomy":"sectors","embeddable":true,"href":"https:\/\/admin.industriall-union.org\/es\/wp-json\/wp\/v2\/sectors?post=163470"},{"taxonomy":"article_tags","embeddable":true,"href":"https:\/\/admin.industriall-union.org\/es\/wp-json\/wp\/v2\/article_tags?post=163470"}],"curies":[{"name":"wp","href":"https:\/\/api.w.org\/{rel}","templated":true}]}}