{"id":163433,"date":"2017-11-15T14:23:11","date_gmt":"2017-11-15T14:23:11","guid":{"rendered":"https:\/\/admin.industriall-union.org\/protestan-en-rumania-por-el-plan-del-gobierno-de-transferir-a-los-trabajadores-as-el-costo-de-la-seguridad-social\/"},"modified":"2025-02-04T17:07:27","modified_gmt":"2025-02-04T17:07:27","slug":"protestan-en-rumania-por-el-plan-del-gobierno-de-transferir-a-los-trabajadores-as-el-costo-de-la-seguridad-social","status":"publish","type":"article","link":"https:\/\/admin.industriall-union.org\/es\/protestan-en-rumania-por-el-plan-del-gobierno-de-transferir-a-los-trabajadores-as-el-costo-de-la-seguridad-social\/","title":{"rendered":"Protestan en Rumania por el plan del gobierno de transferir a los trabajadores\/as el costo de la seguridad social"},"content":{"rendered":"<p>Las mencionadas protestas se iniciaron despu\u00e9s de conocerse las intenciones del gobierno de revisar el actual sistema de impuestos, proponiendo aumento del salario m\u00ednimo, pero limitando las contribuciones en un plan obligatorio de fondos privados de pensiones.<\/p><p>Seg\u00fan el plan propuesto, los empleadores tendr\u00edan que aportar un 2,25% de su fondo salarial total, y las empresas con una facturaci\u00f3n anual inferior a un mill\u00f3n de euros contribuir\u00edan solamente el 1% de su volumen de ventas, en lugar del impuesto actual que es del 16% de las ganancias, reduciendo as\u00ed el monto que aportan los empleadores al sistema de seguridad social, y trasladando toda su carga a los empleados.<\/p><p>Tambi\u00e9n les corresponder\u00e1 a los empleados negociar en forma individual con sus empleadores sobre el posible aumento de sus salarios para cubrir la diferencia cuando las contribuciones sociales sean insuficientes.<\/p><p>Si se aprobaran estas medidas, tendr\u00edan que entrar en vigor el 1<sup>o<\/sup> de enero de 2018.<\/p><p>Reunido en Colombo, Sri Lanka, los d\u00edas 8 y 9 de noviembre de 2017, el Comit\u00e9 Ejecutivo de IndustriALL Global Union aprob\u00f3 por unanimidad una resoluci\u00f3n especial de apoyo a los trabajadores\/as y sindicatos afiliados en Rumania, denunciando a la vez como inaceptable el proyecto de revisi\u00f3n fiscal propuesto por el Gobierno de Rumania. Texto de la resoluci\u00f3n en <a href=\"\/wp-content\/uploads\/documents\/2017\/ROMANIA\/special_resolution1.pdf#overlay-context=users\/alex\">ingl\u00e9s<\/a> y <a href=\"\/wp-content\/uploads\/documents\/2017\/ROMANIA\/special_resolution_romania_rom.pdf\">rumano<\/a>.<\/p><p>IndustriALL Global Union tambi\u00e9n hizo llegar una <a href=\"\/wp-content\/uploads\/documents\/2017\/ROMANIA\/industriall_global_union_letter_to_prime_minister_of_romania_14.11.2017.pdf\">carta al Gobierno de Rumania<\/a> en la que le insta a &ldquo;no obligar a los trabajadores y trabajadoras a pagar la parte de la seguridad social que deber\u00eda ser pagada por los empleadores&rdquo;.<\/p><p>En la mencionada carta, Valter Sanches, Secretario General de IndustriALL Global Union, se\u00f1al\u00f3 lo siguiente:<\/p><blockquote><p>&ldquo;En toda Europa, y m\u00e1s all\u00e1 tambi\u00e9n, las contribuciones a la seguridad social son financiadas conjuntamente por empleados y empleadores. Es realmente sorprendente, por no decir algo m\u00e1s fuerte, que un gobierno encabezado por una mayor\u00eda socialdem\u00f3crata apruebe una medida como \u00e9sta que va en contra del principio de solidaridad y del objetivo de procurar condiciones de trabajo dignas y mejorar el bienestar general. Al trasladar a los empleados toda la carga de los impuestos de seguridad social, se reducir\u00e1 el poder adquisitivo, deterior\u00e1ndose el nivel de vida de los ciudadanos. A consecuencia de esto, m\u00e1s j\u00f3venes se ver\u00e1n obligados a abandonar el pa\u00eds&rdquo;.<\/p><p>&ldquo;Esta medida descaradamente evita tomar en cuenta las normas europeas e internacionales. Viola los derechos humanos y laborales fundamentales, tales como figuran, entre otros documentos, en la Declaraci\u00f3n Universal de los Derechos Humanos, el Pacto Internacional de Derechos Econ\u00f3micos, Sociales y Culturales y los convenios y recomendaciones de la Organizaci\u00f3n Internacional del Trabajo respecto a la seguridad social, incluido el Convenio 102, que fue ratificado por Rumania, y tambi\u00e9n la Recomendaci\u00f3n 202&rdquo;.<\/p><\/blockquote><p>Adem\u00e1s, Sanches inst\u00f3 al Gobierno de Rumania<\/p><blockquote><p>&ldquo;a garantizar los derechos humanos y laborales de los trabajadores\/as, aplicando pol\u00edticas sociales efectivas y procurando que se respete el principio de responsabilidad conjunta por las contribuciones a la protecci\u00f3n social&rdquo;.<\/p><\/blockquote>","protected":false},"featured_media":0,"template":"","issues":[416,420,425],"companies":[],"regions":[241],"sectors":[],"article_tags":[],"class_list":["post-163433","article","type-article","status-publish","hentry","issues-living-wage","issues-solidarity","issues-workers-rights","regions-romania"],"acf":[],"yoast_head":"<!-- This site is optimized with the Yoast SEO Premium plugin v27.1 (Yoast SEO v27.1) - https:\/\/yoast.com\/product\/yoast-seo-premium-wordpress\/ -->\n<title>Protestan en Rumania por el plan del gobierno de transferir a los trabajadores\/as el costo de la seguridad social - industriall-union<\/title>\n<meta name=\"description\" content=\"Las mencionadas protestas se iniciaron despu\u00e9s de conocerse las intenciones del gobierno de revisar el actual sistema de impuestos, proponiendo aumento\" \/>\n<meta name=\"robots\" content=\"index, follow, max-snippet:-1, max-image-preview:large, max-video-preview:-1\" \/>\n<link rel=\"canonical\" href=\"https:\/\/admin.industriall-union.org\/es\/protestan-en-rumania-por-el-plan-del-gobierno-de-transferir-a-los-trabajadores-as-el-costo-de-la-seguridad-social\/\" \/>\n<meta property=\"og:locale\" content=\"es_ES\" \/>\n<meta property=\"og:type\" content=\"article\" \/>\n<meta property=\"og:title\" content=\"Protestan en Rumania por el plan del gobierno de transferir a los trabajadores\/as el costo de la seguridad social\" \/>\n<meta property=\"og:description\" content=\"Las mencionadas protestas se iniciaron despu\u00e9s de conocerse las intenciones del gobierno de revisar el actual sistema de impuestos, proponiendo aumento\" \/>\n<meta property=\"og:url\" content=\"https:\/\/admin.industriall-union.org\/es\/protestan-en-rumania-por-el-plan-del-gobierno-de-transferir-a-los-trabajadores-as-el-costo-de-la-seguridad-social\/\" \/>\n<meta property=\"og:site_name\" content=\"industriall-union\" \/>\n<meta property=\"article:modified_time\" content=\"2025-02-04T17:07:27+00:00\" \/>\n<meta name=\"twitter:card\" content=\"summary_large_image\" \/>\n<meta name=\"twitter:label1\" content=\"Est. reading time\" \/>\n\t<meta name=\"twitter:data1\" content=\"3 minutes\" \/>\n<script type=\"application\/ld+json\" class=\"yoast-schema-graph\">{\"@context\":\"https:\/\/schema.org\",\"@graph\":[{\"@type\":\"WebPage\",\"@id\":\"https:\/\/admin.industriall-union.org\/es\/protestan-en-rumania-por-el-plan-del-gobierno-de-transferir-a-los-trabajadores-as-el-costo-de-la-seguridad-social\/\",\"url\":\"https:\/\/admin.industriall-union.org\/es\/protestan-en-rumania-por-el-plan-del-gobierno-de-transferir-a-los-trabajadores-as-el-costo-de-la-seguridad-social\/\",\"name\":\"Protestan en Rumania por el plan del gobierno de transferir a los trabajadores\/as el costo de la seguridad social - industriall-union\",\"isPartOf\":{\"@id\":\"https:\/\/admin.industriall-union.org\/#website\"},\"datePublished\":\"2017-11-15T14:23:11+00:00\",\"dateModified\":\"2025-02-04T17:07:27+00:00\",\"description\":\"Las mencionadas protestas se iniciaron despu\u00e9s de conocerse las intenciones del gobierno de revisar el actual sistema de impuestos, proponiendo aumento\",\"breadcrumb\":{\"@id\":\"https:\/\/admin.industriall-union.org\/es\/protestan-en-rumania-por-el-plan-del-gobierno-de-transferir-a-los-trabajadores-as-el-costo-de-la-seguridad-social\/#breadcrumb\"},\"inLanguage\":\"es-ES\",\"potentialAction\":[{\"@type\":\"ReadAction\",\"target\":[\"https:\/\/admin.industriall-union.org\/es\/protestan-en-rumania-por-el-plan-del-gobierno-de-transferir-a-los-trabajadores-as-el-costo-de-la-seguridad-social\/\"]}]},{\"@type\":\"BreadcrumbList\",\"@id\":\"https:\/\/admin.industriall-union.org\/es\/protestan-en-rumania-por-el-plan-del-gobierno-de-transferir-a-los-trabajadores-as-el-costo-de-la-seguridad-social\/#breadcrumb\",\"itemListElement\":[{\"@type\":\"ListItem\",\"position\":1,\"name\":\"Home\",\"item\":\"https:\/\/admin.industriall-union.org\/\"},{\"@type\":\"ListItem\",\"position\":2,\"name\":\"Articles\",\"item\":\"https:\/\/admin.industriall-union.org\/article\/\"},{\"@type\":\"ListItem\",\"position\":3,\"name\":\"Protestan en Rumania por el plan del gobierno de transferir a los trabajadores\/as el costo de la seguridad social\"}]},{\"@type\":\"WebSite\",\"@id\":\"https:\/\/admin.industriall-union.org\/#website\",\"url\":\"https:\/\/admin.industriall-union.org\/\",\"name\":\"industriall-union\",\"description\":\"\",\"potentialAction\":[{\"@type\":\"SearchAction\",\"target\":{\"@type\":\"EntryPoint\",\"urlTemplate\":\"https:\/\/admin.industriall-union.org\/?s={search_term_string}\"},\"query-input\":{\"@type\":\"PropertyValueSpecification\",\"valueRequired\":true,\"valueName\":\"search_term_string\"}}],\"inLanguage\":\"es-ES\"}]}<\/script>\n<!-- \/ Yoast SEO Premium plugin. -->","yoast_head_json":{"title":"Protestan en Rumania por el plan del gobierno de transferir a los trabajadores\/as el costo de la seguridad social - industriall-union","description":"Las mencionadas protestas se iniciaron despu\u00e9s de conocerse las intenciones del gobierno de revisar el actual sistema de impuestos, proponiendo aumento","robots":{"index":"index","follow":"follow","max-snippet":"max-snippet:-1","max-image-preview":"max-image-preview:large","max-video-preview":"max-video-preview:-1"},"canonical":"https:\/\/admin.industriall-union.org\/es\/protestan-en-rumania-por-el-plan-del-gobierno-de-transferir-a-los-trabajadores-as-el-costo-de-la-seguridad-social\/","og_locale":"es_ES","og_type":"article","og_title":"Protestan en Rumania por el plan del gobierno de transferir a los trabajadores\/as el costo de la seguridad social","og_description":"Las mencionadas protestas se iniciaron despu\u00e9s de conocerse las intenciones del gobierno de revisar el actual sistema de impuestos, proponiendo aumento","og_url":"https:\/\/admin.industriall-union.org\/es\/protestan-en-rumania-por-el-plan-del-gobierno-de-transferir-a-los-trabajadores-as-el-costo-de-la-seguridad-social\/","og_site_name":"industriall-union","article_modified_time":"2025-02-04T17:07:27+00:00","twitter_card":"summary_large_image","twitter_misc":{"Est. reading time":"3 minutes"},"schema":{"@context":"https:\/\/schema.org","@graph":[{"@type":"WebPage","@id":"https:\/\/admin.industriall-union.org\/es\/protestan-en-rumania-por-el-plan-del-gobierno-de-transferir-a-los-trabajadores-as-el-costo-de-la-seguridad-social\/","url":"https:\/\/admin.industriall-union.org\/es\/protestan-en-rumania-por-el-plan-del-gobierno-de-transferir-a-los-trabajadores-as-el-costo-de-la-seguridad-social\/","name":"Protestan en Rumania por el plan del gobierno de transferir a los trabajadores\/as el costo de la seguridad social - industriall-union","isPartOf":{"@id":"https:\/\/admin.industriall-union.org\/#website"},"datePublished":"2017-11-15T14:23:11+00:00","dateModified":"2025-02-04T17:07:27+00:00","description":"Las mencionadas protestas se iniciaron despu\u00e9s de conocerse las intenciones del gobierno de revisar el actual sistema de impuestos, proponiendo aumento","breadcrumb":{"@id":"https:\/\/admin.industriall-union.org\/es\/protestan-en-rumania-por-el-plan-del-gobierno-de-transferir-a-los-trabajadores-as-el-costo-de-la-seguridad-social\/#breadcrumb"},"inLanguage":"es-ES","potentialAction":[{"@type":"ReadAction","target":["https:\/\/admin.industriall-union.org\/es\/protestan-en-rumania-por-el-plan-del-gobierno-de-transferir-a-los-trabajadores-as-el-costo-de-la-seguridad-social\/"]}]},{"@type":"BreadcrumbList","@id":"https:\/\/admin.industriall-union.org\/es\/protestan-en-rumania-por-el-plan-del-gobierno-de-transferir-a-los-trabajadores-as-el-costo-de-la-seguridad-social\/#breadcrumb","itemListElement":[{"@type":"ListItem","position":1,"name":"Home","item":"https:\/\/admin.industriall-union.org\/"},{"@type":"ListItem","position":2,"name":"Articles","item":"https:\/\/admin.industriall-union.org\/article\/"},{"@type":"ListItem","position":3,"name":"Protestan en Rumania por el plan del gobierno de transferir a los trabajadores\/as el costo de la seguridad social"}]},{"@type":"WebSite","@id":"https:\/\/admin.industriall-union.org\/#website","url":"https:\/\/admin.industriall-union.org\/","name":"industriall-union","description":"","potentialAction":[{"@type":"SearchAction","target":{"@type":"EntryPoint","urlTemplate":"https:\/\/admin.industriall-union.org\/?s={search_term_string}"},"query-input":{"@type":"PropertyValueSpecification","valueRequired":true,"valueName":"search_term_string"}}],"inLanguage":"es-ES"}]}},"_links":{"self":[{"href":"https:\/\/admin.industriall-union.org\/es\/wp-json\/wp\/v2\/article\/163433","targetHints":{"allow":["GET"]}}],"collection":[{"href":"https:\/\/admin.industriall-union.org\/es\/wp-json\/wp\/v2\/article"}],"about":[{"href":"https:\/\/admin.industriall-union.org\/es\/wp-json\/wp\/v2\/types\/article"}],"wp:attachment":[{"href":"https:\/\/admin.industriall-union.org\/es\/wp-json\/wp\/v2\/media?parent=163433"}],"wp:term":[{"taxonomy":"issues","embeddable":true,"href":"https:\/\/admin.industriall-union.org\/es\/wp-json\/wp\/v2\/issues?post=163433"},{"taxonomy":"companies","embeddable":true,"href":"https:\/\/admin.industriall-union.org\/es\/wp-json\/wp\/v2\/companies?post=163433"},{"taxonomy":"regions","embeddable":true,"href":"https:\/\/admin.industriall-union.org\/es\/wp-json\/wp\/v2\/regions?post=163433"},{"taxonomy":"sectors","embeddable":true,"href":"https:\/\/admin.industriall-union.org\/es\/wp-json\/wp\/v2\/sectors?post=163433"},{"taxonomy":"article_tags","embeddable":true,"href":"https:\/\/admin.industriall-union.org\/es\/wp-json\/wp\/v2\/article_tags?post=163433"}],"curies":[{"name":"wp","href":"https:\/\/api.w.org\/{rel}","templated":true}]}}