{"id":163342,"date":"2017-11-23T13:53:40","date_gmt":"2017-11-23T13:53:40","guid":{"rendered":"https:\/\/admin.industriall-union.org\/muerte-destruccion-y-miseria-en-las-minas-de-carbon-de-pakistan\/"},"modified":"2025-02-04T16:24:49","modified_gmt":"2025-02-04T16:24:49","slug":"muerte-destruccion-y-miseria-en-las-minas-de-carbon-de-pakistan","status":"publish","type":"article","link":"https:\/\/admin.industriall-union.org\/es\/muerte-destruccion-y-miseria-en-las-minas-de-carbon-de-pakistan\/","title":{"rendered":"Muerte, destrucci\u00f3n y miseria en las minas de carb\u00f3n de Pakist\u00e1n"},"content":{"rendered":"<p>Ante el panorama de muerte, destrucci\u00f3n y miseria que acecha a los mineros en los yacimientos de carb\u00f3n de Pakist\u00e1n, IndustriALL Global Union lanza una campa\u00f1a mundial para detener esta ola de muertes y pide que el gobierno de Pakist\u00e1n ratifique el Convenio 176 de la OIT sobre Seguridad y Salud en las Minas.<\/p><p>Con algunas de las mayores reservas de carb\u00f3n del mundo, la econom\u00eda de Pakist\u00e1n est\u00e1 impulsada por el &quot;oro negro&quot;, con un gran costo humano para aquellos que producen para satisfacer las necesidades energ\u00e9ticas del pa\u00eds.<\/p><p>Los d\u00edas 21 y 22 de noviembre, la Organizaci\u00f3n Internacional del Trabajo convoc\u00f3 a una consulta nacional tripartita sobre seguridad y salud en el trabajo en el sector minero, la primera consulta de este tipo en Pakist\u00e1n. En esta reuni\u00f3n se inform\u00f3 c\u00f3mo la miner\u00eda de Pakist\u00e1n es posiblemente uno de los sectores m\u00e1s desregulados del mundo, que se caracteriza por tener una estructura de propiedad fragmentada, tanto p\u00fablica como privada, muchos individuos y minas de propiedad ilegal.<\/p><p>Con el tel\u00f3n de fondo de una lista de mineros de carb\u00f3n muertos compilada por IndustriALL, los delegados contaron c\u00f3mo el gobierno sigue fallando a los mineros, simplemente por negligencia y fallas sistem\u00e1ticas de la administraci\u00f3n oficial. Son inaceptables las condiciones de trabajo en las minas de carb\u00f3n con un bajo nivel de desarrollo; estas condiciones empeoran m\u00e1s por el uso de procedimientos de miner\u00eda obsoletos caracterizados por ineficientes m\u00e9todos de miner\u00eda manuales y semi mecanizados que dejan a la fuerza de trabajo expuesta al riesgo de graves accidentes, muchas veces fatales, y enfermedades respiratorias ocupacionales.<\/p><p>Es evidente la ineficacia y el hecho de que el gobierno no haya llevado a la pr\u00e1ctica la legislaci\u00f3n minera en Pakist\u00e1n, y tiene consecuencias desastrosas. El asunto de m\u00e1s grave preocupaci\u00f3n es el sobrecargado sistema de inspecci\u00f3n minera, que es el custodio legislativo de las vidas de los mineros del carb\u00f3n. Las leyes y los reglamentos son competencia del gobierno federal, en tanto su implementaci\u00f3n recae en las provincias.<\/p><p>Esta situaci\u00f3n deja a los mineros v\u00edctimas de la aplicaci\u00f3n incoherente y desigual de la legislaci\u00f3n en diferentes provincias, casi sin ninguna consecuencia en caso de violaci\u00f3n, porque la inspecci\u00f3n minera no tiene la capacidad necesaria. No se toman en cuenta los informes de la inspecci\u00f3n minera, y esta situaci\u00f3n parece no importarle a nadie. No se conserva ning\u00fan registro de los mineros que van a trabajar bajo tierra ni de los que regresan a la superficie. Tampoco se mantiene una base de datos nacional de los mineros.<\/p><p>El uso sistem\u00e1tico y no regulado de la contrataci\u00f3n, subcontrataci\u00f3n, los bajos salarios, la falta de seguridad y la escasa compensaci\u00f3n para las familias de los mineros que mueren en las minas son factores adicionales que contribuyen a esta fatal situaci\u00f3n.<\/p><p>Por su parte, Glen Mpufane, Director de Miner\u00eda de IndustriALL, se\u00f1al\u00f3: &ldquo;El gobierno deber\u00eda dar m\u00e1s importancia a la vida de los mineros que a sus ganancias. Pedimos al gobierno que tome medidas inmediatas para mejorar la seguridad en las minas de Pakist\u00e1n mediante el cumplimiento de las leyes y normas de seguridad del pa\u00eds&rdquo;.<\/p><p>Sultan Mohammad Khan, Secretario General de la Federaci\u00f3n Central de Trabajadores Mineros de Pakist\u00e1n, inst\u00f3 al gobierno de Pakist\u00e1n a &ldquo;comprometerse urgentemente con la ratificaci\u00f3n e implementaci\u00f3n del Convenio 176 de la OIT y prohibir o regular el uso generalizado y no regulado de contratistas y subcontrataci\u00f3n&rdquo;.<\/p><p><strong>&ldquo;Black Mountain&rdquo; &#8211; mineros del carb\u00f3n en Pakist\u00e1n<\/strong><\/p><p>Una pel\u00edcula sobre las condiciones de trabajo en las minas de carb\u00f3n de Pakist\u00e1n<\/p><p><\/p>","protected":false},"featured_media":0,"template":"","issues":[403],"companies":[],"regions":[155,182],"sectors":[495,494],"article_tags":[],"class_list":["post-163342","article","type-article","status-publish","hentry","issues-convention-176-mine-safety","regions-asia-pacific","regions-pakistan","sectors-mining","sectors-mining-and-dgojp"],"acf":[],"yoast_head":"<!-- This site is optimized with the Yoast SEO Premium plugin v27.1 (Yoast SEO v27.1) - https:\/\/yoast.com\/product\/yoast-seo-premium-wordpress\/ -->\n<title>Muerte, destrucci\u00f3n y miseria en las minas de carb\u00f3n de Pakist\u00e1n - industriall-union<\/title>\n<meta name=\"description\" content=\"Ante el panorama de muerte, destrucci\u00f3n y miseria que acecha a los mineros en los yacimientos de carb\u00f3n de Pakist\u00e1n, IndustriALL Global Union lanza una\" \/>\n<meta name=\"robots\" content=\"index, follow, max-snippet:-1, max-image-preview:large, max-video-preview:-1\" \/>\n<link rel=\"canonical\" href=\"https:\/\/admin.industriall-union.org\/es\/muerte-destruccion-y-miseria-en-las-minas-de-carbon-de-pakistan\/\" \/>\n<meta property=\"og:locale\" content=\"es_ES\" \/>\n<meta property=\"og:type\" content=\"article\" \/>\n<meta property=\"og:title\" content=\"Muerte, destrucci\u00f3n y miseria en las minas de carb\u00f3n de Pakist\u00e1n\" \/>\n<meta property=\"og:description\" content=\"Ante el panorama de muerte, destrucci\u00f3n y miseria que acecha a los mineros en los yacimientos de carb\u00f3n de Pakist\u00e1n, IndustriALL Global Union lanza una\" \/>\n<meta property=\"og:url\" content=\"https:\/\/admin.industriall-union.org\/es\/muerte-destruccion-y-miseria-en-las-minas-de-carbon-de-pakistan\/\" \/>\n<meta property=\"og:site_name\" content=\"industriall-union\" \/>\n<meta property=\"article:modified_time\" content=\"2025-02-04T16:24:49+00:00\" \/>\n<meta name=\"twitter:card\" content=\"summary_large_image\" \/>\n<meta name=\"twitter:label1\" content=\"Est. reading time\" \/>\n\t<meta name=\"twitter:data1\" content=\"3 minutes\" \/>\n<script type=\"application\/ld+json\" class=\"yoast-schema-graph\">{\"@context\":\"https:\/\/schema.org\",\"@graph\":[{\"@type\":\"WebPage\",\"@id\":\"https:\/\/admin.industriall-union.org\/es\/muerte-destruccion-y-miseria-en-las-minas-de-carbon-de-pakistan\/\",\"url\":\"https:\/\/admin.industriall-union.org\/es\/muerte-destruccion-y-miseria-en-las-minas-de-carbon-de-pakistan\/\",\"name\":\"Muerte, destrucci\u00f3n y miseria en las minas de carb\u00f3n de Pakist\u00e1n - industriall-union\",\"isPartOf\":{\"@id\":\"https:\/\/admin.industriall-union.org\/#website\"},\"datePublished\":\"2017-11-23T13:53:40+00:00\",\"dateModified\":\"2025-02-04T16:24:49+00:00\",\"description\":\"Ante el panorama de muerte, destrucci\u00f3n y miseria que acecha a los mineros en los yacimientos de carb\u00f3n de Pakist\u00e1n, IndustriALL Global Union lanza una\",\"breadcrumb\":{\"@id\":\"https:\/\/admin.industriall-union.org\/es\/muerte-destruccion-y-miseria-en-las-minas-de-carbon-de-pakistan\/#breadcrumb\"},\"inLanguage\":\"es-ES\",\"potentialAction\":[{\"@type\":\"ReadAction\",\"target\":[\"https:\/\/admin.industriall-union.org\/es\/muerte-destruccion-y-miseria-en-las-minas-de-carbon-de-pakistan\/\"]}]},{\"@type\":\"BreadcrumbList\",\"@id\":\"https:\/\/admin.industriall-union.org\/es\/muerte-destruccion-y-miseria-en-las-minas-de-carbon-de-pakistan\/#breadcrumb\",\"itemListElement\":[{\"@type\":\"ListItem\",\"position\":1,\"name\":\"Home\",\"item\":\"https:\/\/admin.industriall-union.org\/\"},{\"@type\":\"ListItem\",\"position\":2,\"name\":\"Articles\",\"item\":\"https:\/\/admin.industriall-union.org\/article\/\"},{\"@type\":\"ListItem\",\"position\":3,\"name\":\"Muerte, destrucci\u00f3n y miseria en las minas de carb\u00f3n de Pakist\u00e1n\"}]},{\"@type\":\"WebSite\",\"@id\":\"https:\/\/admin.industriall-union.org\/#website\",\"url\":\"https:\/\/admin.industriall-union.org\/\",\"name\":\"industriall-union\",\"description\":\"\",\"potentialAction\":[{\"@type\":\"SearchAction\",\"target\":{\"@type\":\"EntryPoint\",\"urlTemplate\":\"https:\/\/admin.industriall-union.org\/?s={search_term_string}\"},\"query-input\":{\"@type\":\"PropertyValueSpecification\",\"valueRequired\":true,\"valueName\":\"search_term_string\"}}],\"inLanguage\":\"es-ES\"}]}<\/script>\n<!-- \/ Yoast SEO Premium plugin. -->","yoast_head_json":{"title":"Muerte, destrucci\u00f3n y miseria en las minas de carb\u00f3n de Pakist\u00e1n - industriall-union","description":"Ante el panorama de muerte, destrucci\u00f3n y miseria que acecha a los mineros en los yacimientos de carb\u00f3n de Pakist\u00e1n, IndustriALL Global Union lanza una","robots":{"index":"index","follow":"follow","max-snippet":"max-snippet:-1","max-image-preview":"max-image-preview:large","max-video-preview":"max-video-preview:-1"},"canonical":"https:\/\/admin.industriall-union.org\/es\/muerte-destruccion-y-miseria-en-las-minas-de-carbon-de-pakistan\/","og_locale":"es_ES","og_type":"article","og_title":"Muerte, destrucci\u00f3n y miseria en las minas de carb\u00f3n de Pakist\u00e1n","og_description":"Ante el panorama de muerte, destrucci\u00f3n y miseria que acecha a los mineros en los yacimientos de carb\u00f3n de Pakist\u00e1n, IndustriALL Global Union lanza una","og_url":"https:\/\/admin.industriall-union.org\/es\/muerte-destruccion-y-miseria-en-las-minas-de-carbon-de-pakistan\/","og_site_name":"industriall-union","article_modified_time":"2025-02-04T16:24:49+00:00","twitter_card":"summary_large_image","twitter_misc":{"Est. reading time":"3 minutes"},"schema":{"@context":"https:\/\/schema.org","@graph":[{"@type":"WebPage","@id":"https:\/\/admin.industriall-union.org\/es\/muerte-destruccion-y-miseria-en-las-minas-de-carbon-de-pakistan\/","url":"https:\/\/admin.industriall-union.org\/es\/muerte-destruccion-y-miseria-en-las-minas-de-carbon-de-pakistan\/","name":"Muerte, destrucci\u00f3n y miseria en las minas de carb\u00f3n de Pakist\u00e1n - industriall-union","isPartOf":{"@id":"https:\/\/admin.industriall-union.org\/#website"},"datePublished":"2017-11-23T13:53:40+00:00","dateModified":"2025-02-04T16:24:49+00:00","description":"Ante el panorama de muerte, destrucci\u00f3n y miseria que acecha a los mineros en los yacimientos de carb\u00f3n de Pakist\u00e1n, IndustriALL Global Union lanza una","breadcrumb":{"@id":"https:\/\/admin.industriall-union.org\/es\/muerte-destruccion-y-miseria-en-las-minas-de-carbon-de-pakistan\/#breadcrumb"},"inLanguage":"es-ES","potentialAction":[{"@type":"ReadAction","target":["https:\/\/admin.industriall-union.org\/es\/muerte-destruccion-y-miseria-en-las-minas-de-carbon-de-pakistan\/"]}]},{"@type":"BreadcrumbList","@id":"https:\/\/admin.industriall-union.org\/es\/muerte-destruccion-y-miseria-en-las-minas-de-carbon-de-pakistan\/#breadcrumb","itemListElement":[{"@type":"ListItem","position":1,"name":"Home","item":"https:\/\/admin.industriall-union.org\/"},{"@type":"ListItem","position":2,"name":"Articles","item":"https:\/\/admin.industriall-union.org\/article\/"},{"@type":"ListItem","position":3,"name":"Muerte, destrucci\u00f3n y miseria en las minas de carb\u00f3n de Pakist\u00e1n"}]},{"@type":"WebSite","@id":"https:\/\/admin.industriall-union.org\/#website","url":"https:\/\/admin.industriall-union.org\/","name":"industriall-union","description":"","potentialAction":[{"@type":"SearchAction","target":{"@type":"EntryPoint","urlTemplate":"https:\/\/admin.industriall-union.org\/?s={search_term_string}"},"query-input":{"@type":"PropertyValueSpecification","valueRequired":true,"valueName":"search_term_string"}}],"inLanguage":"es-ES"}]}},"_links":{"self":[{"href":"https:\/\/admin.industriall-union.org\/es\/wp-json\/wp\/v2\/article\/163342","targetHints":{"allow":["GET"]}}],"collection":[{"href":"https:\/\/admin.industriall-union.org\/es\/wp-json\/wp\/v2\/article"}],"about":[{"href":"https:\/\/admin.industriall-union.org\/es\/wp-json\/wp\/v2\/types\/article"}],"wp:attachment":[{"href":"https:\/\/admin.industriall-union.org\/es\/wp-json\/wp\/v2\/media?parent=163342"}],"wp:term":[{"taxonomy":"issues","embeddable":true,"href":"https:\/\/admin.industriall-union.org\/es\/wp-json\/wp\/v2\/issues?post=163342"},{"taxonomy":"companies","embeddable":true,"href":"https:\/\/admin.industriall-union.org\/es\/wp-json\/wp\/v2\/companies?post=163342"},{"taxonomy":"regions","embeddable":true,"href":"https:\/\/admin.industriall-union.org\/es\/wp-json\/wp\/v2\/regions?post=163342"},{"taxonomy":"sectors","embeddable":true,"href":"https:\/\/admin.industriall-union.org\/es\/wp-json\/wp\/v2\/sectors?post=163342"},{"taxonomy":"article_tags","embeddable":true,"href":"https:\/\/admin.industriall-union.org\/es\/wp-json\/wp\/v2\/article_tags?post=163342"}],"curies":[{"name":"wp","href":"https:\/\/api.w.org\/{rel}","templated":true}]}}