{"id":163287,"date":"2017-12-04T08:55:17","date_gmt":"2017-12-04T08:55:17","guid":{"rendered":"https:\/\/admin.industriall-union.org\/sindicalistas-unidos-del-sector-de-pulpa-y-papel-celebran-conferencia-en-budapest\/"},"modified":"2025-02-04T16:02:08","modified_gmt":"2025-02-04T16:02:08","slug":"sindicalistas-unidos-del-sector-de-pulpa-y-papel-celebran-conferencia-en-budapest","status":"publish","type":"article","link":"https:\/\/admin.industriall-union.org\/es\/sindicalistas-unidos-del-sector-de-pulpa-y-papel-celebran-conferencia-en-budapest\/","title":{"rendered":"Sindicalistas unidos del sector de pulpa y papel celebran Conferencia en Budapest"},"content":{"rendered":"<p>Esta mencionada Conferencia fue realizada en la sede de la Federaci\u00f3n de Trabajadores de la Qu\u00edmica, Energ\u00eda y Generales (VDSz), los d\u00edas 29 y 30 de noviembre. Se analizaron las futuras tendencias del sector, salud y seguridad, negociaci\u00f3n colectiva y la digitalizaci\u00f3n industrial, entre diversos otros temas.<\/p><p>Kemal \u00d6zkan, Secretario General Adjunto de IndustriALL, hizo hincapi\u00e9 en los grandes cambios que se han producido en los \u00faltimos a\u00f1os en el sector de pulpa y papel. Aunque se ha reducido la demanda de material impreso, se est\u00e1 expandiendo el mercado en general, especialmente en lo que se refiere a envases, pa\u00f1uelos y servilletas de papel, y pulpa.<\/p><p>Gyula Pom\u00e1zi, Secretario Pol\u00edtico del gobierno de Hungr\u00eda, se dirigi\u00f3 a los presentes en la inauguraci\u00f3n de la Conferencia. Se\u00f1al\u00f3 que la clave del \u00e9xito del sector de pulpa y papel radica en la experiencia y producci\u00f3n especializadas, respaldadas por pol\u00edticas gubernamentales que apoyan al sector.<\/p><p><strong>Digitalizaci\u00f3n<\/strong><\/p><p>Tam\u00e1s Sz\u00e9kely, Presidente del sindicato anfitri\u00f3n VDSz, afirm\u00f3: &ldquo;La digitalizaci\u00f3n y la globalizaci\u00f3n est\u00e1n impactando fuertemente en el sector de pulpa y papel en Hungr\u00eda. Los trabajadores y trabajadoras recurren a los sindicatos para plantear sus problemas&rdquo;.<\/p><p>Kemal \u00d6zkan se\u00f1al\u00f3 que a nivel mundial, se cree que este sector aumentar\u00e1 sus ingresos en un 3,1% anual. Mientras tanto, se van a reducir los costos anuales en un 4,2%, de lo cual gran parte se debe a la eliminaci\u00f3n de puestos de trabajo.<\/p><p>Por su parte, Jon Geenen de Workers Uniting North America, afirm\u00f3 que las nuevas plantas de fabricaci\u00f3n de pulpa y papel tienen mayor capacidad de producci\u00f3n, pero con menos empleados, advirtiendo:<\/p><p>&ldquo;A pesar de que el sector del embalaje est\u00e1 creciendo, en Estados Unidos se han perdido 265 plantas de producci\u00f3n de cajas y hojas de cart\u00f3n corrugado. En su lugar, hay nuevas instalaciones con tecnolog\u00eda m\u00e1s avanzada y mayor capacidad&rdquo;.<\/p><p>En el Jap\u00f3n, las empresas del sector de pulpa y papel experimentan una reducci\u00f3n, a nivel nacional, de la producci\u00f3n de papel para peri\u00f3dicos y material impreso. Por lo tanto, las compa\u00f1\u00edas de este sector se est\u00e1n diversificando y las exportaciones han alcanzado un nivel sin precedentes, dijo Toshiyuki Hashimoto, Vicepresidente de KAMIPA Rengo, la Federaci\u00f3n de Sindicatos de Trabajadores de Pulpa y Papel del Jap\u00f3n. En este sector, se est\u00e1 desarrollando una nueva tecnolog\u00eda de nanofibras de celulosa que tienen fuerza suficiente como para reemplazar las fibras de carbono.<\/p><p>Por su lado, Peter Schuld, de la IGBCE, organizaci\u00f3n de Alemania afiliada a IndustriALL, se\u00f1al\u00f3 que para enfrentar la digitalizaci\u00f3n, o Industria 4.0, se requiere un programa Trabajo 4.0. Advirti\u00f3 que la fuerza de trabajo necesita contar con las calificaciones necesarias para cumplir con los nuevos requisitos y aceptar aprendizaje de por vida.<\/p><p><strong>Salud y seguridad<\/strong><\/p><p>La salud y seguridad en el trabajo en el sector de pulpa y papel fue uno de los principales temas de preocupaci\u00f3n que se trataron en la Conferencia. Leeann Foster, Asistente del Presidente Internacional de United Steelworkers (USW), y Copresidenta de este sector de IndustriALL, dijo que su sindicato est\u00e1 trabajando para poner fin al gran n\u00famero de accidentes mortales en EE. UU., donde se conoce un promedio de siete muertes al a\u00f1o. La pulpa y papel constituye el mayor sector del USW, que cuenta con 600 unidades de negociaci\u00f3n que representan al 70% de los trabajadores y trabajadoras.<\/p><p>Brian Kohler, Director de Salud, Seguridad y Sostenibilidad de IndustriALL, inst\u00f3 a los participantes a no centrarse \u00fanicamente en las muertes que resultan de accidentes repentinos y violentos, sino tambi\u00e9n en los impactos en la salud que producen enfermedades ocupacionales. Por cada trabajador\/a que muere en un accidente laboral, cuatro trabajadores\/as mueren por enfermedad ocupacional, frecuentemente no reconocida. Tambi\u00e9n inst\u00f3 a los delegados a considerar la salud y seguridad como una cuesti\u00f3n de derechos fundamentales de los trabajadores\/as y que tomen una postura activista intransigente al exigir que se respeten esos derechos.<\/p><p>Denise Campbell-Burns, de la Divisi\u00f3n de Trabajadores Forestales y de Productos de Muebler\u00eda del CFMEU, dijo que las terapias complementarias que ofrecen algunas compa\u00f1\u00edas est\u00e1n dise\u00f1adas para procurar que los empleados est\u00e9n dispuestos para trabajar todo el tiempo, en lugar de centrarse en la salud y seguridad ocupacional en el lugar de trabajo, y que no se hace lo suficiente para eliminar las causas fundamentales de los peligros.<\/p><p>Como parte del plan de acci\u00f3n, los participantes en la Conferencia acordaron tomar una serie de medidas para concientizar sobre la seguridad, intercambiar informaci\u00f3n y reconocer que la salud y seguridad es la herramienta m\u00e1s s\u00f3lida que se puede usar en la labor de sindicalizaci\u00f3n.<\/p><p><strong>Sostenibilidad<\/strong><\/p><p>Si bien el sector de pulpa y papel es potencialmente muy s\u00f3lido, no est\u00e1 exento de problemas. Tras un llamamiento del sindicato brasile\u00f1o, CNQ\/CUT, la Conferencia resolvi\u00f3 investigar las implicaciones cient\u00edficas de las nuevas tecnolog\u00edas, como los eucaliptos transg\u00e9nicos, en la producci\u00f3n forestal. El gobierno brasile\u00f1o recientemente dio permiso para plantar \u00e1rboles de eucalipto gen\u00e9ticamente modificados, que son resistentes a los herbicidas potentes. Se desconocen los efectos de los herbicidas que entran en el producto, en cuanto al medio ambiente y en lo que se refiere a los trabajadores\/as de este sector.<\/p><p><strong>Defender los derechos de los trabajadores\/as<\/strong><\/p><p>La Conferencia manifest\u00f3 su apoyo a las luchas de los sindicatos en Am\u00e9rica Latina, donde, en pa\u00edses como Brasil, nueva legislaci\u00f3n antisindical hace m\u00e1s dif\u00edcil la sindicalizaci\u00f3n y la negociaci\u00f3n colectiva. Adem\u00e1s, los sindicalistas en pa\u00edses como Colombia sacrifican sus vidas por participar en actividades sindicales.<\/p><p>Se intensificar\u00e1 el trabajo para mejorar la incorporaci\u00f3n de las mujeres y los j\u00f3venes en las actividades y reuniones del sector, as\u00ed como para seguir identificando y priorizando los problemas espec\u00edficos que enfrentan estos grupos. En esta Conferencia, se inform\u00f3 sobre el \u00e9xito de la afiliada indonesia FSP2KI en la sindicalizaci\u00f3n de trabajadoras precarias en el sector. Rosalina Silva de la CNQ-CUT pidi\u00f3 que se incluyan cuestiones de g\u00e9nero en los convenios colectivos del sector.<\/p><p>La Conferencia tambi\u00e9n manifest\u00f3 fuerte apoyo al <a href=\"http:\/\/www.industriall-union.org\/es\/violencia-contra-la-mujer-ni-en-mi-sindicato-ni-en-mi-lugar-de-trabajo\">Compromiso de IndustriALL<\/a> que combate la discriminaci\u00f3n de g\u00e9nero, titulado &ldquo;Violencia y acoso contra las mujeres: no en nuestro sindicato, no en nuestro lugar de trabajo&rdquo;. Se alent\u00f3 a los participantes a que presentaran dicho compromiso a sus sindicatos para su aprobaci\u00f3n.<\/p><p><strong>Empoderamiento sindical<\/strong><\/p><p>Tom Grinter, Encargado de Investigaci\u00f3n e Industria de IndustriALL, ofreci\u00f3 una <a href=\"\/wp-content\/uploads\/documents\/2017\/HUNGARY\/2911_0945_grinter.pdf\" target=\"_blank\">presentaci\u00f3n completa sobre el panorama mundial<\/a> de las industrias de pulpa, papel y cart\u00f3n y embalaje, as\u00ed como las medidas que se han tomado despu\u00e9s de la \u00faltima Conferencia Mundial del sector, realizada en noviembre de 2012, con el fin de empoderar a los sindicatos del sector a trav\u00e9s de Acuerdos Marco Globales, redes sindicales en las empresas y acciones de solidaridad.<\/p><p>Como parte del plan de acci\u00f3n, el sector de pulpa y papel de IndustriALL buscar\u00e1 seguir desarrollando el poder sindical, fortaleciendo las redes que existen en la CMPC, Sappi, IP, Smurfit Kappa y Mondi, y estableciendo redes sindicales mundiales en WestRock, Amcor y DS Smith, junto con UNI Global Union. IndustriALL tambi\u00e9n trabajar\u00e1 en estrecha colaboraci\u00f3n con los sindicatos mundiales hermanos, la ICM y UNI, para ayudar a sindicalizar a los trabajadores\/as en la cadena de suministro de la silvicultura, del sector de pulpa y papel, y de la industria gr\u00e1fica.<\/p><p>Adem\u00e1s de trabajar para que contin\u00fae la labor de las redes regionales existentes en Am\u00e9rica Latina y el sudeste asi\u00e1tico, el sector de pulpa y papel har\u00e1 un esfuerzo especial para desarrollar el poder sindical en Europa Oriental, continuando su trabajo de apoyo a los afiliados en Hungr\u00eda, Polonia, Rusia y otros pa\u00edses de esa regi\u00f3n.<\/p><p>Los delegados reeligieron en forma un\u00e1nime, como Copresidentes de este sector de IndustriALL, a Leeann Foster y a Matts Jutterstr\u00f6m, quien es tambi\u00e9n Presidente de Pappers de Suecia.<\/p><p>El d\u00eda anterior a la Conferencia, muchos participantes visitaron la empresa de embalaje de cart\u00f3n corrugado Dunapack, situada en las afueras de Budapest; esta industria abastece a las principales empresas multinacionales de la regi\u00f3n, tales como IKEA y Unilever.<\/p><p>En su resumen final de esta conferencia de dos d\u00edas, el Secretario General Adjunto de IndustriALL, Kemal \u00d6zkan, dijo lo siguiente:<\/p><blockquote><p>&ldquo;A medida que el sector de pulpa y papel se expande y evoluciona, tenemos que intensificar nuestra colaboraci\u00f3n para procurar que la fuerza de trabajo no quede atr\u00e1s. Todos los trabajadores y trabajadoras se ven afectados por la digitalizaci\u00f3n y las cuestiones de salud y seguridad, y los sindicatos deben estar preparados para defender y promover los intereses de sus miembros. Hemos identificado los desaf\u00edos, ahora tenemos un plan de acci\u00f3n integral en base al cual podemos avanzar&rdquo;.<\/p><\/blockquote><p><a href=\"\/wp-content\/uploads\/documents\/2017\/HUNGARY\/action_plan_-_industriall_world_conference_for_the_pulp_and_paper_industries_-_29-30_november_2017_en_final.pdf\" target=\"_blank\">V\u00e9ase aqu\u00ed el Plan de Acci\u00f3n<\/a>.<\/p><p>Al finalizar la conferencia, IndustriALL realiz\u00f3 una visita de solidaridad a la empresa qu\u00edmica, BorsodChem, una inversi\u00f3n china ubicada en el norte de Hungr\u00eda. IndustriALL se reuni\u00f3 con la administraci\u00f3n de la empresa y representantes sindicales para analizar las relaciones laborales en esa planta, donde trabajan unas 3.000 personas con una alta densidad de afiliaci\u00f3n sindical a la VDSz.<\/p>","protected":false},"featured_media":0,"template":"","issues":[399],"companies":[],"regions":[202,221],"sectors":[474],"article_tags":[],"class_list":["post-163287","article","type-article","status-publish","hentry","issues-union-building","regions-europe","regions-hungary","sectors-pulp-and-paper"],"acf":[],"yoast_head":"<!-- This site is optimized with the Yoast SEO Premium plugin v27.1 (Yoast SEO v27.1) - https:\/\/yoast.com\/product\/yoast-seo-premium-wordpress\/ -->\n<title>Sindicalistas unidos del sector de pulpa y papel celebran Conferencia en Budapest - industriall-union<\/title>\n<meta name=\"description\" content=\"Esta mencionada Conferencia fue realizada en la sede de la Federaci\u00f3n de Trabajadores de la Qu\u00edmica, Energ\u00eda y Generales (VDSz), los d\u00edas 29 y 30 de\" \/>\n<meta name=\"robots\" content=\"index, follow, max-snippet:-1, max-image-preview:large, max-video-preview:-1\" \/>\n<link rel=\"canonical\" href=\"https:\/\/admin.industriall-union.org\/es\/sindicalistas-unidos-del-sector-de-pulpa-y-papel-celebran-conferencia-en-budapest\/\" \/>\n<meta property=\"og:locale\" content=\"es_ES\" \/>\n<meta property=\"og:type\" content=\"article\" \/>\n<meta property=\"og:title\" content=\"Sindicalistas unidos del sector de pulpa y papel celebran Conferencia en Budapest\" \/>\n<meta property=\"og:description\" content=\"Esta mencionada Conferencia fue realizada en la sede de la Federaci\u00f3n de Trabajadores de la Qu\u00edmica, Energ\u00eda y Generales (VDSz), los d\u00edas 29 y 30 de\" \/>\n<meta property=\"og:url\" content=\"https:\/\/admin.industriall-union.org\/es\/sindicalistas-unidos-del-sector-de-pulpa-y-papel-celebran-conferencia-en-budapest\/\" \/>\n<meta property=\"og:site_name\" content=\"industriall-union\" \/>\n<meta property=\"article:modified_time\" content=\"2025-02-04T16:02:08+00:00\" \/>\n<meta name=\"twitter:card\" content=\"summary_large_image\" \/>\n<meta name=\"twitter:label1\" content=\"Est. reading time\" \/>\n\t<meta name=\"twitter:data1\" content=\"8 minutes\" \/>\n<script type=\"application\/ld+json\" class=\"yoast-schema-graph\">{\"@context\":\"https:\/\/schema.org\",\"@graph\":[{\"@type\":\"WebPage\",\"@id\":\"https:\/\/admin.industriall-union.org\/es\/sindicalistas-unidos-del-sector-de-pulpa-y-papel-celebran-conferencia-en-budapest\/\",\"url\":\"https:\/\/admin.industriall-union.org\/es\/sindicalistas-unidos-del-sector-de-pulpa-y-papel-celebran-conferencia-en-budapest\/\",\"name\":\"Sindicalistas unidos del sector de pulpa y papel celebran Conferencia en Budapest - industriall-union\",\"isPartOf\":{\"@id\":\"https:\/\/admin.industriall-union.org\/#website\"},\"datePublished\":\"2017-12-04T08:55:17+00:00\",\"dateModified\":\"2025-02-04T16:02:08+00:00\",\"description\":\"Esta mencionada Conferencia fue realizada en la sede de la Federaci\u00f3n de Trabajadores de la Qu\u00edmica, Energ\u00eda y Generales (VDSz), los d\u00edas 29 y 30 de\",\"breadcrumb\":{\"@id\":\"https:\/\/admin.industriall-union.org\/es\/sindicalistas-unidos-del-sector-de-pulpa-y-papel-celebran-conferencia-en-budapest\/#breadcrumb\"},\"inLanguage\":\"es-ES\",\"potentialAction\":[{\"@type\":\"ReadAction\",\"target\":[\"https:\/\/admin.industriall-union.org\/es\/sindicalistas-unidos-del-sector-de-pulpa-y-papel-celebran-conferencia-en-budapest\/\"]}]},{\"@type\":\"BreadcrumbList\",\"@id\":\"https:\/\/admin.industriall-union.org\/es\/sindicalistas-unidos-del-sector-de-pulpa-y-papel-celebran-conferencia-en-budapest\/#breadcrumb\",\"itemListElement\":[{\"@type\":\"ListItem\",\"position\":1,\"name\":\"Home\",\"item\":\"https:\/\/admin.industriall-union.org\/\"},{\"@type\":\"ListItem\",\"position\":2,\"name\":\"Articles\",\"item\":\"https:\/\/admin.industriall-union.org\/article\/\"},{\"@type\":\"ListItem\",\"position\":3,\"name\":\"Sindicalistas unidos del sector de pulpa y papel celebran Conferencia en Budapest\"}]},{\"@type\":\"WebSite\",\"@id\":\"https:\/\/admin.industriall-union.org\/#website\",\"url\":\"https:\/\/admin.industriall-union.org\/\",\"name\":\"industriall-union\",\"description\":\"\",\"potentialAction\":[{\"@type\":\"SearchAction\",\"target\":{\"@type\":\"EntryPoint\",\"urlTemplate\":\"https:\/\/admin.industriall-union.org\/?s={search_term_string}\"},\"query-input\":{\"@type\":\"PropertyValueSpecification\",\"valueRequired\":true,\"valueName\":\"search_term_string\"}}],\"inLanguage\":\"es-ES\"}]}<\/script>\n<!-- \/ Yoast SEO Premium plugin. -->","yoast_head_json":{"title":"Sindicalistas unidos del sector de pulpa y papel celebran Conferencia en Budapest - industriall-union","description":"Esta mencionada Conferencia fue realizada en la sede de la Federaci\u00f3n de Trabajadores de la Qu\u00edmica, Energ\u00eda y Generales (VDSz), los d\u00edas 29 y 30 de","robots":{"index":"index","follow":"follow","max-snippet":"max-snippet:-1","max-image-preview":"max-image-preview:large","max-video-preview":"max-video-preview:-1"},"canonical":"https:\/\/admin.industriall-union.org\/es\/sindicalistas-unidos-del-sector-de-pulpa-y-papel-celebran-conferencia-en-budapest\/","og_locale":"es_ES","og_type":"article","og_title":"Sindicalistas unidos del sector de pulpa y papel celebran Conferencia en Budapest","og_description":"Esta mencionada Conferencia fue realizada en la sede de la Federaci\u00f3n de Trabajadores de la Qu\u00edmica, Energ\u00eda y Generales (VDSz), los d\u00edas 29 y 30 de","og_url":"https:\/\/admin.industriall-union.org\/es\/sindicalistas-unidos-del-sector-de-pulpa-y-papel-celebran-conferencia-en-budapest\/","og_site_name":"industriall-union","article_modified_time":"2025-02-04T16:02:08+00:00","twitter_card":"summary_large_image","twitter_misc":{"Est. reading time":"8 minutes"},"schema":{"@context":"https:\/\/schema.org","@graph":[{"@type":"WebPage","@id":"https:\/\/admin.industriall-union.org\/es\/sindicalistas-unidos-del-sector-de-pulpa-y-papel-celebran-conferencia-en-budapest\/","url":"https:\/\/admin.industriall-union.org\/es\/sindicalistas-unidos-del-sector-de-pulpa-y-papel-celebran-conferencia-en-budapest\/","name":"Sindicalistas unidos del sector de pulpa y papel celebran Conferencia en Budapest - industriall-union","isPartOf":{"@id":"https:\/\/admin.industriall-union.org\/#website"},"datePublished":"2017-12-04T08:55:17+00:00","dateModified":"2025-02-04T16:02:08+00:00","description":"Esta mencionada Conferencia fue realizada en la sede de la Federaci\u00f3n de Trabajadores de la Qu\u00edmica, Energ\u00eda y Generales (VDSz), los d\u00edas 29 y 30 de","breadcrumb":{"@id":"https:\/\/admin.industriall-union.org\/es\/sindicalistas-unidos-del-sector-de-pulpa-y-papel-celebran-conferencia-en-budapest\/#breadcrumb"},"inLanguage":"es-ES","potentialAction":[{"@type":"ReadAction","target":["https:\/\/admin.industriall-union.org\/es\/sindicalistas-unidos-del-sector-de-pulpa-y-papel-celebran-conferencia-en-budapest\/"]}]},{"@type":"BreadcrumbList","@id":"https:\/\/admin.industriall-union.org\/es\/sindicalistas-unidos-del-sector-de-pulpa-y-papel-celebran-conferencia-en-budapest\/#breadcrumb","itemListElement":[{"@type":"ListItem","position":1,"name":"Home","item":"https:\/\/admin.industriall-union.org\/"},{"@type":"ListItem","position":2,"name":"Articles","item":"https:\/\/admin.industriall-union.org\/article\/"},{"@type":"ListItem","position":3,"name":"Sindicalistas unidos del sector de pulpa y papel celebran Conferencia en Budapest"}]},{"@type":"WebSite","@id":"https:\/\/admin.industriall-union.org\/#website","url":"https:\/\/admin.industriall-union.org\/","name":"industriall-union","description":"","potentialAction":[{"@type":"SearchAction","target":{"@type":"EntryPoint","urlTemplate":"https:\/\/admin.industriall-union.org\/?s={search_term_string}"},"query-input":{"@type":"PropertyValueSpecification","valueRequired":true,"valueName":"search_term_string"}}],"inLanguage":"es-ES"}]}},"_links":{"self":[{"href":"https:\/\/admin.industriall-union.org\/es\/wp-json\/wp\/v2\/article\/163287","targetHints":{"allow":["GET"]}}],"collection":[{"href":"https:\/\/admin.industriall-union.org\/es\/wp-json\/wp\/v2\/article"}],"about":[{"href":"https:\/\/admin.industriall-union.org\/es\/wp-json\/wp\/v2\/types\/article"}],"wp:attachment":[{"href":"https:\/\/admin.industriall-union.org\/es\/wp-json\/wp\/v2\/media?parent=163287"}],"wp:term":[{"taxonomy":"issues","embeddable":true,"href":"https:\/\/admin.industriall-union.org\/es\/wp-json\/wp\/v2\/issues?post=163287"},{"taxonomy":"companies","embeddable":true,"href":"https:\/\/admin.industriall-union.org\/es\/wp-json\/wp\/v2\/companies?post=163287"},{"taxonomy":"regions","embeddable":true,"href":"https:\/\/admin.industriall-union.org\/es\/wp-json\/wp\/v2\/regions?post=163287"},{"taxonomy":"sectors","embeddable":true,"href":"https:\/\/admin.industriall-union.org\/es\/wp-json\/wp\/v2\/sectors?post=163287"},{"taxonomy":"article_tags","embeddable":true,"href":"https:\/\/admin.industriall-union.org\/es\/wp-json\/wp\/v2\/article_tags?post=163287"}],"curies":[{"name":"wp","href":"https:\/\/api.w.org\/{rel}","templated":true}]}}