{"id":162899,"date":"2018-02-27T09:52:02","date_gmt":"2018-02-27T09:52:02","guid":{"rendered":"https:\/\/admin.industriall-union.org\/republica-democratica-del-congo-sindicato-defiende-a-mineros-artesanales-de-cobalto\/"},"modified":"2025-02-04T12:39:11","modified_gmt":"2025-02-04T12:39:11","slug":"republica-democratica-del-congo-sindicato-defiende-a-mineros-artesanales-de-cobalto","status":"publish","type":"article","link":"https:\/\/admin.industriall-union.org\/es\/republica-democratica-del-congo-sindicato-defiende-a-mineros-artesanales-de-cobalto\/","title":{"rendered":"Rep\u00fablica Democr\u00e1tica del Congo: Sindicato defiende a mineros artesanales de cobalto"},"content":{"rendered":"<p>TUMEC, organizaci\u00f3n afilada a IndustriALL Global Union en la RDC, informa que las comunidades locales fueron desalojadas a la fuerza de sus tierras, y reubicadas sin compensaci\u00f3n adecuada. Sus tierras fueron cercadas y los pobladores retornaron a trabajar como mineros artesanales y de peque\u00f1a escala en las minas que alguna vez fueron de su propiedad. Sus patios traseros se convirtieron en minas, ahora propiedad de las compa\u00f1\u00edas chinas CDM, MKM y Cicomin.<\/p><p>La comisi\u00f3n de IndustriALL visit\u00f3 la zona para investigar las condiciones en las cadenas de suministro del cobalto; esta investigaci\u00f3n tambi\u00e9n forma parte de la campa\u00f1a para que la enorme empresa de productos b\u00e1sicos Glencore respete los derechos humanos y laborales en Kolwezi.<\/p><p>Los mineros artesanales y de peque\u00f1a escala aportan significativamente a la producci\u00f3n de cobalto en la RDC. Esto se nota por la gran cantidad de dep\u00f3sitos de cobalto que se encuentran al borde del camino que va de Lubumbashi a Kolwezi. Los mineros artesanales y de peque\u00f1a escala est\u00e1n regulados por la Divisi\u00f3n de exploraci\u00f3n y miner\u00eda de peque\u00f1a escala del Ministerio de Minas.<\/p><p>TUMEC est\u00e1 trabajando con los mineros para mejorar su salud y seguridad, abordando las severas consecuencias de la miner\u00eda para el medio ambiente y las comunidades.<\/p><p>En una entrevista, un trabajador se\u00f1al\u00f3:<\/p><blockquote><p>&ldquo;Estamos lidiando con problemas de comercio justo, ya que algunos de los compradores de cobalto est\u00e1n incurriendo en pr\u00e1cticas comerciales desleales, comprando nuestro cobalto por un precio barato y minti\u00e9ndonos, diciendo que el grado es bajo cuando \u00e9ste no es el caso&rdquo;.<\/p><\/blockquote><p>Por su parte, Glen Mpufane, Director de Miner\u00eda de IndustriALL, afirm\u00f3:<\/p><blockquote><p>&ldquo;Apoyamos las iniciativas de nuestros afiliados que solidarizan con la comunidad y creen que las compa\u00f1\u00edas mineras deben cumplir con su responsabilidad social en las comunidades donde tienen operaciones.<\/p><p>&ldquo;Por lo tanto, deben mejorar la infraestructura en las comunidades mediante la construcci\u00f3n de carreteras, cl\u00ednicas y casas. En cambio, la miseria, la pobreza y las enfermedades son frecuentes en las comunidades adyacentes a las concesiones mineras&rdquo;.<\/p><\/blockquote><p>Un ejemplo de miner\u00eda responsable se puede encontrar en la empresa estatal G\u00e9camines, que ha invertido en educaci\u00f3n y salud. Sin embargo, G\u00e9camines ha reducido sus operaciones y ha cedido sus participaciones a compa\u00f1\u00edas privadas, incluida Glencore. La comisi\u00f3n investigadora hizo un recorrido por algunas partes de la infraestructura desarrollada por G\u00e9camines, que contrasta marcadamente con las operaciones chinas en Kasulu.<\/p>","protected":false},"featured_media":0,"template":"","issues":[],"companies":[60],"regions":[322,311],"sectors":[495,494],"article_tags":[],"class_list":["post-162899","article","type-article","status-publish","hentry","companies-glencore","regions-congo-drc","regions-sub-saharan-africa","sectors-mining","sectors-mining-and-dgojp"],"acf":[],"yoast_head":"<!-- This site is optimized with the Yoast SEO Premium plugin v27.1 (Yoast SEO v27.1) - https:\/\/yoast.com\/product\/yoast-seo-premium-wordpress\/ -->\n<title>Rep\u00fablica Democr\u00e1tica del Congo: Sindicato defiende a mineros artesanales de cobalto - industriall-union<\/title>\n<meta name=\"description\" content=\"TUMEC, organizaci\u00f3n afilada a IndustriALL Global Union en la RDC, informa que las comunidades locales fueron desalojadas a la fuerza de sus tierras, y\" \/>\n<meta name=\"robots\" content=\"index, follow, max-snippet:-1, max-image-preview:large, max-video-preview:-1\" \/>\n<link rel=\"canonical\" href=\"https:\/\/admin.industriall-union.org\/es\/republica-democratica-del-congo-sindicato-defiende-a-mineros-artesanales-de-cobalto\/\" \/>\n<meta property=\"og:locale\" content=\"es_ES\" \/>\n<meta property=\"og:type\" content=\"article\" \/>\n<meta property=\"og:title\" content=\"Rep\u00fablica Democr\u00e1tica del Congo: Sindicato defiende a mineros artesanales de cobalto\" \/>\n<meta property=\"og:description\" content=\"TUMEC, organizaci\u00f3n afilada a IndustriALL Global Union en la RDC, informa que las comunidades locales fueron desalojadas a la fuerza de sus tierras, y\" \/>\n<meta property=\"og:url\" content=\"https:\/\/admin.industriall-union.org\/es\/republica-democratica-del-congo-sindicato-defiende-a-mineros-artesanales-de-cobalto\/\" \/>\n<meta property=\"og:site_name\" content=\"industriall-union\" \/>\n<meta property=\"article:modified_time\" content=\"2025-02-04T12:39:11+00:00\" \/>\n<meta name=\"twitter:card\" content=\"summary_large_image\" \/>\n<meta name=\"twitter:label1\" content=\"Est. reading time\" \/>\n\t<meta name=\"twitter:data1\" content=\"2 minutes\" \/>\n<script type=\"application\/ld+json\" class=\"yoast-schema-graph\">{\"@context\":\"https:\/\/schema.org\",\"@graph\":[{\"@type\":\"WebPage\",\"@id\":\"https:\/\/admin.industriall-union.org\/es\/republica-democratica-del-congo-sindicato-defiende-a-mineros-artesanales-de-cobalto\/\",\"url\":\"https:\/\/admin.industriall-union.org\/es\/republica-democratica-del-congo-sindicato-defiende-a-mineros-artesanales-de-cobalto\/\",\"name\":\"Rep\u00fablica Democr\u00e1tica del Congo: Sindicato defiende a mineros artesanales de cobalto - industriall-union\",\"isPartOf\":{\"@id\":\"https:\/\/admin.industriall-union.org\/#website\"},\"datePublished\":\"2018-02-27T09:52:02+00:00\",\"dateModified\":\"2025-02-04T12:39:11+00:00\",\"description\":\"TUMEC, organizaci\u00f3n afilada a IndustriALL Global Union en la RDC, informa que las comunidades locales fueron desalojadas a la fuerza de sus tierras, y\",\"breadcrumb\":{\"@id\":\"https:\/\/admin.industriall-union.org\/es\/republica-democratica-del-congo-sindicato-defiende-a-mineros-artesanales-de-cobalto\/#breadcrumb\"},\"inLanguage\":\"es-ES\",\"potentialAction\":[{\"@type\":\"ReadAction\",\"target\":[\"https:\/\/admin.industriall-union.org\/es\/republica-democratica-del-congo-sindicato-defiende-a-mineros-artesanales-de-cobalto\/\"]}]},{\"@type\":\"BreadcrumbList\",\"@id\":\"https:\/\/admin.industriall-union.org\/es\/republica-democratica-del-congo-sindicato-defiende-a-mineros-artesanales-de-cobalto\/#breadcrumb\",\"itemListElement\":[{\"@type\":\"ListItem\",\"position\":1,\"name\":\"Home\",\"item\":\"https:\/\/admin.industriall-union.org\/\"},{\"@type\":\"ListItem\",\"position\":2,\"name\":\"Articles\",\"item\":\"https:\/\/admin.industriall-union.org\/article\/\"},{\"@type\":\"ListItem\",\"position\":3,\"name\":\"Rep\u00fablica Democr\u00e1tica del Congo: Sindicato defiende a mineros artesanales de cobalto\"}]},{\"@type\":\"WebSite\",\"@id\":\"https:\/\/admin.industriall-union.org\/#website\",\"url\":\"https:\/\/admin.industriall-union.org\/\",\"name\":\"industriall-union\",\"description\":\"\",\"potentialAction\":[{\"@type\":\"SearchAction\",\"target\":{\"@type\":\"EntryPoint\",\"urlTemplate\":\"https:\/\/admin.industriall-union.org\/?s={search_term_string}\"},\"query-input\":{\"@type\":\"PropertyValueSpecification\",\"valueRequired\":true,\"valueName\":\"search_term_string\"}}],\"inLanguage\":\"es-ES\"}]}<\/script>\n<!-- \/ Yoast SEO Premium plugin. -->","yoast_head_json":{"title":"Rep\u00fablica Democr\u00e1tica del Congo: Sindicato defiende a mineros artesanales de cobalto - industriall-union","description":"TUMEC, organizaci\u00f3n afilada a IndustriALL Global Union en la RDC, informa que las comunidades locales fueron desalojadas a la fuerza de sus tierras, y","robots":{"index":"index","follow":"follow","max-snippet":"max-snippet:-1","max-image-preview":"max-image-preview:large","max-video-preview":"max-video-preview:-1"},"canonical":"https:\/\/admin.industriall-union.org\/es\/republica-democratica-del-congo-sindicato-defiende-a-mineros-artesanales-de-cobalto\/","og_locale":"es_ES","og_type":"article","og_title":"Rep\u00fablica Democr\u00e1tica del Congo: Sindicato defiende a mineros artesanales de cobalto","og_description":"TUMEC, organizaci\u00f3n afilada a IndustriALL Global Union en la RDC, informa que las comunidades locales fueron desalojadas a la fuerza de sus tierras, y","og_url":"https:\/\/admin.industriall-union.org\/es\/republica-democratica-del-congo-sindicato-defiende-a-mineros-artesanales-de-cobalto\/","og_site_name":"industriall-union","article_modified_time":"2025-02-04T12:39:11+00:00","twitter_card":"summary_large_image","twitter_misc":{"Est. reading time":"2 minutes"},"schema":{"@context":"https:\/\/schema.org","@graph":[{"@type":"WebPage","@id":"https:\/\/admin.industriall-union.org\/es\/republica-democratica-del-congo-sindicato-defiende-a-mineros-artesanales-de-cobalto\/","url":"https:\/\/admin.industriall-union.org\/es\/republica-democratica-del-congo-sindicato-defiende-a-mineros-artesanales-de-cobalto\/","name":"Rep\u00fablica Democr\u00e1tica del Congo: Sindicato defiende a mineros artesanales de cobalto - industriall-union","isPartOf":{"@id":"https:\/\/admin.industriall-union.org\/#website"},"datePublished":"2018-02-27T09:52:02+00:00","dateModified":"2025-02-04T12:39:11+00:00","description":"TUMEC, organizaci\u00f3n afilada a IndustriALL Global Union en la RDC, informa que las comunidades locales fueron desalojadas a la fuerza de sus tierras, y","breadcrumb":{"@id":"https:\/\/admin.industriall-union.org\/es\/republica-democratica-del-congo-sindicato-defiende-a-mineros-artesanales-de-cobalto\/#breadcrumb"},"inLanguage":"es-ES","potentialAction":[{"@type":"ReadAction","target":["https:\/\/admin.industriall-union.org\/es\/republica-democratica-del-congo-sindicato-defiende-a-mineros-artesanales-de-cobalto\/"]}]},{"@type":"BreadcrumbList","@id":"https:\/\/admin.industriall-union.org\/es\/republica-democratica-del-congo-sindicato-defiende-a-mineros-artesanales-de-cobalto\/#breadcrumb","itemListElement":[{"@type":"ListItem","position":1,"name":"Home","item":"https:\/\/admin.industriall-union.org\/"},{"@type":"ListItem","position":2,"name":"Articles","item":"https:\/\/admin.industriall-union.org\/article\/"},{"@type":"ListItem","position":3,"name":"Rep\u00fablica Democr\u00e1tica del Congo: Sindicato defiende a mineros artesanales de cobalto"}]},{"@type":"WebSite","@id":"https:\/\/admin.industriall-union.org\/#website","url":"https:\/\/admin.industriall-union.org\/","name":"industriall-union","description":"","potentialAction":[{"@type":"SearchAction","target":{"@type":"EntryPoint","urlTemplate":"https:\/\/admin.industriall-union.org\/?s={search_term_string}"},"query-input":{"@type":"PropertyValueSpecification","valueRequired":true,"valueName":"search_term_string"}}],"inLanguage":"es-ES"}]}},"_links":{"self":[{"href":"https:\/\/admin.industriall-union.org\/es\/wp-json\/wp\/v2\/article\/162899","targetHints":{"allow":["GET"]}}],"collection":[{"href":"https:\/\/admin.industriall-union.org\/es\/wp-json\/wp\/v2\/article"}],"about":[{"href":"https:\/\/admin.industriall-union.org\/es\/wp-json\/wp\/v2\/types\/article"}],"wp:attachment":[{"href":"https:\/\/admin.industriall-union.org\/es\/wp-json\/wp\/v2\/media?parent=162899"}],"wp:term":[{"taxonomy":"issues","embeddable":true,"href":"https:\/\/admin.industriall-union.org\/es\/wp-json\/wp\/v2\/issues?post=162899"},{"taxonomy":"companies","embeddable":true,"href":"https:\/\/admin.industriall-union.org\/es\/wp-json\/wp\/v2\/companies?post=162899"},{"taxonomy":"regions","embeddable":true,"href":"https:\/\/admin.industriall-union.org\/es\/wp-json\/wp\/v2\/regions?post=162899"},{"taxonomy":"sectors","embeddable":true,"href":"https:\/\/admin.industriall-union.org\/es\/wp-json\/wp\/v2\/sectors?post=162899"},{"taxonomy":"article_tags","embeddable":true,"href":"https:\/\/admin.industriall-union.org\/es\/wp-json\/wp\/v2\/article_tags?post=162899"}],"curies":[{"name":"wp","href":"https:\/\/api.w.org\/{rel}","templated":true}]}}