{"id":162716,"date":"2018-04-04T13:50:48","date_gmt":"2018-04-04T13:50:48","guid":{"rendered":"https:\/\/admin.industriall-union.org\/mineros-ucranianos-atrapados-bajo-tierra-con-la-energia-cortada\/"},"modified":"2025-02-04T11:07:49","modified_gmt":"2025-02-04T11:07:49","slug":"mineros-ucranianos-atrapados-bajo-tierra-con-la-energia-cortada","status":"publish","type":"article","link":"https:\/\/admin.industriall-union.org\/es\/mineros-ucranianos-atrapados-bajo-tierra-con-la-energia-cortada\/","title":{"rendered":"Mineros ucranianos atrapados bajo tierra con la energ\u00eda cortada"},"content":{"rendered":"<p>La ventilaci\u00f3n y el bombeo de agua en la mina se garantizaron mediante el suministro de electricidad de emergencia. Finalmente, se recuper\u00f3 la electricidad durante 80 minutos, y los mineros pudieron volver a la superficie sanos y salvos.<\/p><p>Los d\u00edas 2 y 3 de abril tambi\u00e9n se cort\u00f3 la electricidad en 16 minas de carb\u00f3n, entre ellas las de Lisichanskuhillya, Selidovuhillya y Mirnograduhillya, comprometiendo las operaciones. El 11 de abril puede haber otros cortes de energ\u00eda.<\/p><p>Los afiliados a la IndustriALL Global Union en el pa\u00eds est\u00e1n pidiendo al Ministerio de Energ\u00eda y de la Industria del Carb\u00f3n de Ucrania, que es el responsable del suministro de electricidad, que aborde urgentemente los cortes de energ\u00eda deliberados.<\/p><p>Viktor Turmanov, presidente del Sindicato de Trabajadores de la Industria del Carb\u00f3n de Ucrania, dijo:<\/p><blockquote><p>&ldquo;En estos momentos, varias empresas no pagan la electricidad porque no disponen de fondos para hacerlo. Estamos en contra de la situaci\u00f3n en la mina Gorskaya. Creemos que el Ministerio deber\u00eda establecer un mecanismo que proteja a las empresas y a los mineros. Es indispensable hallar dinero para pagar la electricidad y evitar problemas.&rdquo;<\/p><\/blockquote><p>Mychailo Volynets, presidente del Sindicato Independiente de Mineros de Ucrania (NPGU), declar\u00f3:<\/p><blockquote><p>&ldquo;Las centrales t\u00e9rmicas tambi\u00e9n adeudan pagos a los mineros del carb\u00f3n. El ministro de Energ\u00eda y Carb\u00f3n de Ucrania, Igor Nasalik, es el responsable de las minas estatales y de las redes el\u00e9ctricas regionales. Por lo tanto, los cortes de energ\u00eda no se pueden realizar sin conocimiento del ministro. En realidad, esta situaci\u00f3n es un crimen: no se puede enviar a la gente a la mina y luego cortar el sistema de elevaci\u00f3n.&rdquo;<\/p><\/blockquote><p>Seg\u00fan el Sindicato de Trabajadores de la Miner\u00eda del Carb\u00f3n de Ucrania, la deuda total de las empresas estatales, incluyendo no s\u00f3lo las deudas de la electricidad sino tambi\u00e9n los sueldos y el seguro de enfermedad y las contribuciones a las pensiones, asciende a 24.000 millones UAH (915 millones $ EE.UU.). \u00danicamente se destinan fondos a la reconstrucci\u00f3n y&nbsp; modernizaci\u00f3n de las empresas para atender las necesidades actuales.<\/p><p>Tambi\u00e9n se cort\u00f3 el suministro de electricidad por las deudas en la mina Kurakhovskaya, de la empresa estatal Selidovuhillya, en diciembre de 2017. En el pozo hab\u00eda 220 mineros, que tuvieron que andar 4,5 kil\u00f3metros a lo largo del sector subterr\u00e1neo inclinado para llegar a la superficie.<\/p><p>Kemal Ozkan, secretario general adjunto de la IndustriALL, dijo:<\/p><blockquote><p>&ldquo;La IndustriALL Global Union insta a las autoridades ucranianas a que presten atenci\u00f3n a la cr\u00edtica situaci\u00f3n en la industria del carb\u00f3n y escuchen las recomendaciones de los sindicatos. Los mineros no deben estar expuestos a riesgos excesivos debido a las deudas de las empresas.&rdquo;<\/p><\/blockquote>","protected":false},"featured_media":0,"template":"","issues":[402],"companies":[],"regions":[252],"sectors":[495],"article_tags":[],"class_list":["post-162716","article","type-article","status-publish","hentry","issues-health-and-safety","regions-ukraine","sectors-mining"],"acf":[],"yoast_head":"<!-- This site is optimized with the Yoast SEO Premium plugin v27.1 (Yoast SEO v27.1) - https:\/\/yoast.com\/product\/yoast-seo-premium-wordpress\/ -->\n<title>Mineros ucranianos atrapados bajo tierra con la energ\u00eda cortada - industriall-union<\/title>\n<meta name=\"description\" content=\"La ventilaci\u00f3n y el bombeo de agua en la mina se garantizaron mediante el suministro de electricidad de emergencia. Finalmente, se recuper\u00f3 la\" \/>\n<meta name=\"robots\" content=\"index, follow, max-snippet:-1, max-image-preview:large, max-video-preview:-1\" \/>\n<link rel=\"canonical\" href=\"https:\/\/admin.industriall-union.org\/es\/mineros-ucranianos-atrapados-bajo-tierra-con-la-energia-cortada\/\" \/>\n<meta property=\"og:locale\" content=\"es_ES\" \/>\n<meta property=\"og:type\" content=\"article\" \/>\n<meta property=\"og:title\" content=\"Mineros ucranianos atrapados bajo tierra con la energ\u00eda cortada\" \/>\n<meta property=\"og:description\" content=\"La ventilaci\u00f3n y el bombeo de agua en la mina se garantizaron mediante el suministro de electricidad de emergencia. Finalmente, se recuper\u00f3 la\" \/>\n<meta property=\"og:url\" content=\"https:\/\/admin.industriall-union.org\/es\/mineros-ucranianos-atrapados-bajo-tierra-con-la-energia-cortada\/\" \/>\n<meta property=\"og:site_name\" content=\"industriall-union\" \/>\n<meta property=\"article:modified_time\" content=\"2025-02-04T11:07:49+00:00\" \/>\n<meta name=\"twitter:card\" content=\"summary_large_image\" \/>\n<meta name=\"twitter:label1\" content=\"Est. reading time\" \/>\n\t<meta name=\"twitter:data1\" content=\"2 minutes\" \/>\n<script type=\"application\/ld+json\" class=\"yoast-schema-graph\">{\"@context\":\"https:\/\/schema.org\",\"@graph\":[{\"@type\":\"WebPage\",\"@id\":\"https:\/\/admin.industriall-union.org\/es\/mineros-ucranianos-atrapados-bajo-tierra-con-la-energia-cortada\/\",\"url\":\"https:\/\/admin.industriall-union.org\/es\/mineros-ucranianos-atrapados-bajo-tierra-con-la-energia-cortada\/\",\"name\":\"Mineros ucranianos atrapados bajo tierra con la energ\u00eda cortada - industriall-union\",\"isPartOf\":{\"@id\":\"https:\/\/admin.industriall-union.org\/#website\"},\"datePublished\":\"2018-04-04T13:50:48+00:00\",\"dateModified\":\"2025-02-04T11:07:49+00:00\",\"description\":\"La ventilaci\u00f3n y el bombeo de agua en la mina se garantizaron mediante el suministro de electricidad de emergencia. Finalmente, se recuper\u00f3 la\",\"breadcrumb\":{\"@id\":\"https:\/\/admin.industriall-union.org\/es\/mineros-ucranianos-atrapados-bajo-tierra-con-la-energia-cortada\/#breadcrumb\"},\"inLanguage\":\"es-ES\",\"potentialAction\":[{\"@type\":\"ReadAction\",\"target\":[\"https:\/\/admin.industriall-union.org\/es\/mineros-ucranianos-atrapados-bajo-tierra-con-la-energia-cortada\/\"]}]},{\"@type\":\"BreadcrumbList\",\"@id\":\"https:\/\/admin.industriall-union.org\/es\/mineros-ucranianos-atrapados-bajo-tierra-con-la-energia-cortada\/#breadcrumb\",\"itemListElement\":[{\"@type\":\"ListItem\",\"position\":1,\"name\":\"Home\",\"item\":\"https:\/\/admin.industriall-union.org\/\"},{\"@type\":\"ListItem\",\"position\":2,\"name\":\"Articles\",\"item\":\"https:\/\/admin.industriall-union.org\/article\/\"},{\"@type\":\"ListItem\",\"position\":3,\"name\":\"Mineros ucranianos atrapados bajo tierra con la energ\u00eda cortada\"}]},{\"@type\":\"WebSite\",\"@id\":\"https:\/\/admin.industriall-union.org\/#website\",\"url\":\"https:\/\/admin.industriall-union.org\/\",\"name\":\"industriall-union\",\"description\":\"\",\"potentialAction\":[{\"@type\":\"SearchAction\",\"target\":{\"@type\":\"EntryPoint\",\"urlTemplate\":\"https:\/\/admin.industriall-union.org\/?s={search_term_string}\"},\"query-input\":{\"@type\":\"PropertyValueSpecification\",\"valueRequired\":true,\"valueName\":\"search_term_string\"}}],\"inLanguage\":\"es-ES\"}]}<\/script>\n<!-- \/ Yoast SEO Premium plugin. -->","yoast_head_json":{"title":"Mineros ucranianos atrapados bajo tierra con la energ\u00eda cortada - industriall-union","description":"La ventilaci\u00f3n y el bombeo de agua en la mina se garantizaron mediante el suministro de electricidad de emergencia. Finalmente, se recuper\u00f3 la","robots":{"index":"index","follow":"follow","max-snippet":"max-snippet:-1","max-image-preview":"max-image-preview:large","max-video-preview":"max-video-preview:-1"},"canonical":"https:\/\/admin.industriall-union.org\/es\/mineros-ucranianos-atrapados-bajo-tierra-con-la-energia-cortada\/","og_locale":"es_ES","og_type":"article","og_title":"Mineros ucranianos atrapados bajo tierra con la energ\u00eda cortada","og_description":"La ventilaci\u00f3n y el bombeo de agua en la mina se garantizaron mediante el suministro de electricidad de emergencia. Finalmente, se recuper\u00f3 la","og_url":"https:\/\/admin.industriall-union.org\/es\/mineros-ucranianos-atrapados-bajo-tierra-con-la-energia-cortada\/","og_site_name":"industriall-union","article_modified_time":"2025-02-04T11:07:49+00:00","twitter_card":"summary_large_image","twitter_misc":{"Est. reading time":"2 minutes"},"schema":{"@context":"https:\/\/schema.org","@graph":[{"@type":"WebPage","@id":"https:\/\/admin.industriall-union.org\/es\/mineros-ucranianos-atrapados-bajo-tierra-con-la-energia-cortada\/","url":"https:\/\/admin.industriall-union.org\/es\/mineros-ucranianos-atrapados-bajo-tierra-con-la-energia-cortada\/","name":"Mineros ucranianos atrapados bajo tierra con la energ\u00eda cortada - industriall-union","isPartOf":{"@id":"https:\/\/admin.industriall-union.org\/#website"},"datePublished":"2018-04-04T13:50:48+00:00","dateModified":"2025-02-04T11:07:49+00:00","description":"La ventilaci\u00f3n y el bombeo de agua en la mina se garantizaron mediante el suministro de electricidad de emergencia. Finalmente, se recuper\u00f3 la","breadcrumb":{"@id":"https:\/\/admin.industriall-union.org\/es\/mineros-ucranianos-atrapados-bajo-tierra-con-la-energia-cortada\/#breadcrumb"},"inLanguage":"es-ES","potentialAction":[{"@type":"ReadAction","target":["https:\/\/admin.industriall-union.org\/es\/mineros-ucranianos-atrapados-bajo-tierra-con-la-energia-cortada\/"]}]},{"@type":"BreadcrumbList","@id":"https:\/\/admin.industriall-union.org\/es\/mineros-ucranianos-atrapados-bajo-tierra-con-la-energia-cortada\/#breadcrumb","itemListElement":[{"@type":"ListItem","position":1,"name":"Home","item":"https:\/\/admin.industriall-union.org\/"},{"@type":"ListItem","position":2,"name":"Articles","item":"https:\/\/admin.industriall-union.org\/article\/"},{"@type":"ListItem","position":3,"name":"Mineros ucranianos atrapados bajo tierra con la energ\u00eda cortada"}]},{"@type":"WebSite","@id":"https:\/\/admin.industriall-union.org\/#website","url":"https:\/\/admin.industriall-union.org\/","name":"industriall-union","description":"","potentialAction":[{"@type":"SearchAction","target":{"@type":"EntryPoint","urlTemplate":"https:\/\/admin.industriall-union.org\/?s={search_term_string}"},"query-input":{"@type":"PropertyValueSpecification","valueRequired":true,"valueName":"search_term_string"}}],"inLanguage":"es-ES"}]}},"_links":{"self":[{"href":"https:\/\/admin.industriall-union.org\/es\/wp-json\/wp\/v2\/article\/162716","targetHints":{"allow":["GET"]}}],"collection":[{"href":"https:\/\/admin.industriall-union.org\/es\/wp-json\/wp\/v2\/article"}],"about":[{"href":"https:\/\/admin.industriall-union.org\/es\/wp-json\/wp\/v2\/types\/article"}],"wp:attachment":[{"href":"https:\/\/admin.industriall-union.org\/es\/wp-json\/wp\/v2\/media?parent=162716"}],"wp:term":[{"taxonomy":"issues","embeddable":true,"href":"https:\/\/admin.industriall-union.org\/es\/wp-json\/wp\/v2\/issues?post=162716"},{"taxonomy":"companies","embeddable":true,"href":"https:\/\/admin.industriall-union.org\/es\/wp-json\/wp\/v2\/companies?post=162716"},{"taxonomy":"regions","embeddable":true,"href":"https:\/\/admin.industriall-union.org\/es\/wp-json\/wp\/v2\/regions?post=162716"},{"taxonomy":"sectors","embeddable":true,"href":"https:\/\/admin.industriall-union.org\/es\/wp-json\/wp\/v2\/sectors?post=162716"},{"taxonomy":"article_tags","embeddable":true,"href":"https:\/\/admin.industriall-union.org\/es\/wp-json\/wp\/v2\/article_tags?post=162716"}],"curies":[{"name":"wp","href":"https:\/\/api.w.org\/{rel}","templated":true}]}}