{"id":162705,"date":"2018-04-05T11:36:53","date_gmt":"2018-04-05T11:36:53","guid":{"rendered":"https:\/\/admin.industriall-union.org\/horrorosa-muerte-de-11-mineros-en-pakistan\/"},"modified":"2025-02-04T11:01:23","modified_gmt":"2025-02-04T11:01:23","slug":"horrorosa-muerte-de-11-mineros-en-pakistan","status":"publish","type":"article","link":"https:\/\/admin.industriall-union.org\/es\/horrorosa-muerte-de-11-mineros-en-pakistan\/","title":{"rendered":"Horrorosa muerte de 11 mineros en Pakist\u00e1n"},"content":{"rendered":"<p>La mortal crisis de seguridad minera sigue cobrando la vida de los trabajadores en Pakist\u00e1n. En efecto, seg\u00fan se ha informado recientemente, seis trabajadores murieron la noche del 4 y 5 de abril, despu\u00e9s de un escape de gas originado en una explosi\u00f3n en una mina de carb\u00f3n en la zona Sorab de Kalat. Los seis trabajadores se\u00f1alados murieron por asfixia.<\/p><p>Citando al Inspector Jefe de minas del departamento de miner\u00eda del gobierno provincial de Balochist\u00e1n, un informe de prensa indic\u00f3 que las operaciones de esa mina eran ilegales, ya que no contaban con la debida licencia gubernamental.<\/p><p>Por otra parte, el 1<sup>o<\/sup> de abril, se produjo una explosi\u00f3n que hizo que se derrumbara el techo de una mina de Ali Mines en el distrito de Jhelum, dejando atrapados a seis trabajadores bajo los escombros. Seg\u00fan los informes de la Federaci\u00f3n de Sindicatos Unidos de Todo Pakist\u00e1n, organizaci\u00f3n afiliada a IndustriALL Global Union, dos trabajadores fueron rescatados, pero los otros cuatro perecieron en el incidente. Los trabajadores fallecidos fueron Rehmatullah, Sabir Rehman y dos hermanos, Naseebzada y Naseebullah, todos provenientes del distrito Shangla de Khyber Pakhtunkhwa.<\/p><p>La Federaci\u00f3n Central de Trabajadores Mineros de Pakist\u00e1n, organizaci\u00f3n afiliada a IndustriALL, inform\u00f3 que el 27 de marzo de 2018 se produjo un accidente en la mina de carb\u00f3n Sharigh, donde muri\u00f3 un minero, Faiz Ullah, en tanto otro trabajador, Ubaid Ullah, fue rescatado con lesiones graves.<\/p><p>Por su parte, Glen Mpufane, Director de Miner\u00eda de IndustriALL, afirm\u00f3:<\/p><blockquote><p>&ldquo;Estamos profundamente conmocionados y horrorizados por la apat\u00eda y negligencia en torno a la seguridad en el sector minero de Pakist\u00e1n. En un lapso de diez d\u00edas, las sucesivas muertes de 11 mineros demuestran que ni el gobierno ni los propietarios de las minas toman en serio la seguridad en este sector. Para que no vuelvan a ocurrir accidentes mortales, Pakist\u00e1n debe actuar r\u00e1pidamente para mejorar la seguridad en las minas, fortaleciendo los mecanismos de supervisi\u00f3n y castigando a los responsables de los accidentes. El gobierno tambi\u00e9n deber\u00eda trabajar junto con los representantes de los trabajadores para mejorar esta grave situaci\u00f3n&rdquo;.<\/p><\/blockquote><p>El 15 de marzo de 2018, IndustriALL y sus afiliados en Pakist\u00e1n lanzaron una campa\u00f1a para mejorar la salud y seguridad en las minas de Pakist\u00e1n, pidiendo al gobierno del pa\u00eds ratificar y aplicar de inmediato el Convenio 176 de la OIT sobre seguridad y salud en las minas.<\/p>","protected":false},"featured_media":0,"template":"","issues":[403,402],"companies":[],"regions":[155,182],"sectors":[494],"article_tags":[],"class_list":["post-162705","article","type-article","status-publish","hentry","issues-convention-176-mine-safety","issues-health-and-safety","regions-asia-pacific","regions-pakistan","sectors-mining-and-dgojp"],"acf":[],"yoast_head":"<!-- This site is optimized with the Yoast SEO Premium plugin v27.1 (Yoast SEO v27.1) - https:\/\/yoast.com\/product\/yoast-seo-premium-wordpress\/ -->\n<title>Horrorosa muerte de 11 mineros en Pakist\u00e1n - industriall-union<\/title>\n<meta name=\"description\" content=\"La mortal crisis de seguridad minera sigue cobrando la vida de los trabajadores en Pakist\u00e1n. En efecto, seg\u00fan se ha informado recientemente, seis\" \/>\n<meta name=\"robots\" content=\"index, follow, max-snippet:-1, max-image-preview:large, max-video-preview:-1\" \/>\n<link rel=\"canonical\" href=\"https:\/\/admin.industriall-union.org\/es\/horrorosa-muerte-de-11-mineros-en-pakistan\/\" \/>\n<meta property=\"og:locale\" content=\"es_ES\" \/>\n<meta property=\"og:type\" content=\"article\" \/>\n<meta property=\"og:title\" content=\"Horrorosa muerte de 11 mineros en Pakist\u00e1n\" \/>\n<meta property=\"og:description\" content=\"La mortal crisis de seguridad minera sigue cobrando la vida de los trabajadores en Pakist\u00e1n. En efecto, seg\u00fan se ha informado recientemente, seis\" \/>\n<meta property=\"og:url\" content=\"https:\/\/admin.industriall-union.org\/es\/horrorosa-muerte-de-11-mineros-en-pakistan\/\" \/>\n<meta property=\"og:site_name\" content=\"industriall-union\" \/>\n<meta property=\"article:modified_time\" content=\"2025-02-04T11:01:23+00:00\" \/>\n<meta name=\"twitter:card\" content=\"summary_large_image\" \/>\n<meta name=\"twitter:label1\" content=\"Est. reading time\" \/>\n\t<meta name=\"twitter:data1\" content=\"2 minutes\" \/>\n<script type=\"application\/ld+json\" class=\"yoast-schema-graph\">{\"@context\":\"https:\/\/schema.org\",\"@graph\":[{\"@type\":\"WebPage\",\"@id\":\"https:\/\/admin.industriall-union.org\/es\/horrorosa-muerte-de-11-mineros-en-pakistan\/\",\"url\":\"https:\/\/admin.industriall-union.org\/es\/horrorosa-muerte-de-11-mineros-en-pakistan\/\",\"name\":\"Horrorosa muerte de 11 mineros en Pakist\u00e1n - industriall-union\",\"isPartOf\":{\"@id\":\"https:\/\/admin.industriall-union.org\/#website\"},\"datePublished\":\"2018-04-05T11:36:53+00:00\",\"dateModified\":\"2025-02-04T11:01:23+00:00\",\"description\":\"La mortal crisis de seguridad minera sigue cobrando la vida de los trabajadores en Pakist\u00e1n. En efecto, seg\u00fan se ha informado recientemente, seis\",\"breadcrumb\":{\"@id\":\"https:\/\/admin.industriall-union.org\/es\/horrorosa-muerte-de-11-mineros-en-pakistan\/#breadcrumb\"},\"inLanguage\":\"es-ES\",\"potentialAction\":[{\"@type\":\"ReadAction\",\"target\":[\"https:\/\/admin.industriall-union.org\/es\/horrorosa-muerte-de-11-mineros-en-pakistan\/\"]}]},{\"@type\":\"BreadcrumbList\",\"@id\":\"https:\/\/admin.industriall-union.org\/es\/horrorosa-muerte-de-11-mineros-en-pakistan\/#breadcrumb\",\"itemListElement\":[{\"@type\":\"ListItem\",\"position\":1,\"name\":\"Home\",\"item\":\"https:\/\/admin.industriall-union.org\/\"},{\"@type\":\"ListItem\",\"position\":2,\"name\":\"Articles\",\"item\":\"https:\/\/admin.industriall-union.org\/article\/\"},{\"@type\":\"ListItem\",\"position\":3,\"name\":\"Horrorosa muerte de 11 mineros en Pakist\u00e1n\"}]},{\"@type\":\"WebSite\",\"@id\":\"https:\/\/admin.industriall-union.org\/#website\",\"url\":\"https:\/\/admin.industriall-union.org\/\",\"name\":\"industriall-union\",\"description\":\"\",\"potentialAction\":[{\"@type\":\"SearchAction\",\"target\":{\"@type\":\"EntryPoint\",\"urlTemplate\":\"https:\/\/admin.industriall-union.org\/?s={search_term_string}\"},\"query-input\":{\"@type\":\"PropertyValueSpecification\",\"valueRequired\":true,\"valueName\":\"search_term_string\"}}],\"inLanguage\":\"es-ES\"}]}<\/script>\n<!-- \/ Yoast SEO Premium plugin. -->","yoast_head_json":{"title":"Horrorosa muerte de 11 mineros en Pakist\u00e1n - industriall-union","description":"La mortal crisis de seguridad minera sigue cobrando la vida de los trabajadores en Pakist\u00e1n. En efecto, seg\u00fan se ha informado recientemente, seis","robots":{"index":"index","follow":"follow","max-snippet":"max-snippet:-1","max-image-preview":"max-image-preview:large","max-video-preview":"max-video-preview:-1"},"canonical":"https:\/\/admin.industriall-union.org\/es\/horrorosa-muerte-de-11-mineros-en-pakistan\/","og_locale":"es_ES","og_type":"article","og_title":"Horrorosa muerte de 11 mineros en Pakist\u00e1n","og_description":"La mortal crisis de seguridad minera sigue cobrando la vida de los trabajadores en Pakist\u00e1n. En efecto, seg\u00fan se ha informado recientemente, seis","og_url":"https:\/\/admin.industriall-union.org\/es\/horrorosa-muerte-de-11-mineros-en-pakistan\/","og_site_name":"industriall-union","article_modified_time":"2025-02-04T11:01:23+00:00","twitter_card":"summary_large_image","twitter_misc":{"Est. reading time":"2 minutes"},"schema":{"@context":"https:\/\/schema.org","@graph":[{"@type":"WebPage","@id":"https:\/\/admin.industriall-union.org\/es\/horrorosa-muerte-de-11-mineros-en-pakistan\/","url":"https:\/\/admin.industriall-union.org\/es\/horrorosa-muerte-de-11-mineros-en-pakistan\/","name":"Horrorosa muerte de 11 mineros en Pakist\u00e1n - industriall-union","isPartOf":{"@id":"https:\/\/admin.industriall-union.org\/#website"},"datePublished":"2018-04-05T11:36:53+00:00","dateModified":"2025-02-04T11:01:23+00:00","description":"La mortal crisis de seguridad minera sigue cobrando la vida de los trabajadores en Pakist\u00e1n. En efecto, seg\u00fan se ha informado recientemente, seis","breadcrumb":{"@id":"https:\/\/admin.industriall-union.org\/es\/horrorosa-muerte-de-11-mineros-en-pakistan\/#breadcrumb"},"inLanguage":"es-ES","potentialAction":[{"@type":"ReadAction","target":["https:\/\/admin.industriall-union.org\/es\/horrorosa-muerte-de-11-mineros-en-pakistan\/"]}]},{"@type":"BreadcrumbList","@id":"https:\/\/admin.industriall-union.org\/es\/horrorosa-muerte-de-11-mineros-en-pakistan\/#breadcrumb","itemListElement":[{"@type":"ListItem","position":1,"name":"Home","item":"https:\/\/admin.industriall-union.org\/"},{"@type":"ListItem","position":2,"name":"Articles","item":"https:\/\/admin.industriall-union.org\/article\/"},{"@type":"ListItem","position":3,"name":"Horrorosa muerte de 11 mineros en Pakist\u00e1n"}]},{"@type":"WebSite","@id":"https:\/\/admin.industriall-union.org\/#website","url":"https:\/\/admin.industriall-union.org\/","name":"industriall-union","description":"","potentialAction":[{"@type":"SearchAction","target":{"@type":"EntryPoint","urlTemplate":"https:\/\/admin.industriall-union.org\/?s={search_term_string}"},"query-input":{"@type":"PropertyValueSpecification","valueRequired":true,"valueName":"search_term_string"}}],"inLanguage":"es-ES"}]}},"_links":{"self":[{"href":"https:\/\/admin.industriall-union.org\/es\/wp-json\/wp\/v2\/article\/162705","targetHints":{"allow":["GET"]}}],"collection":[{"href":"https:\/\/admin.industriall-union.org\/es\/wp-json\/wp\/v2\/article"}],"about":[{"href":"https:\/\/admin.industriall-union.org\/es\/wp-json\/wp\/v2\/types\/article"}],"wp:attachment":[{"href":"https:\/\/admin.industriall-union.org\/es\/wp-json\/wp\/v2\/media?parent=162705"}],"wp:term":[{"taxonomy":"issues","embeddable":true,"href":"https:\/\/admin.industriall-union.org\/es\/wp-json\/wp\/v2\/issues?post=162705"},{"taxonomy":"companies","embeddable":true,"href":"https:\/\/admin.industriall-union.org\/es\/wp-json\/wp\/v2\/companies?post=162705"},{"taxonomy":"regions","embeddable":true,"href":"https:\/\/admin.industriall-union.org\/es\/wp-json\/wp\/v2\/regions?post=162705"},{"taxonomy":"sectors","embeddable":true,"href":"https:\/\/admin.industriall-union.org\/es\/wp-json\/wp\/v2\/sectors?post=162705"},{"taxonomy":"article_tags","embeddable":true,"href":"https:\/\/admin.industriall-union.org\/es\/wp-json\/wp\/v2\/article_tags?post=162705"}],"curies":[{"name":"wp","href":"https:\/\/api.w.org\/{rel}","templated":true}]}}