{"id":162660,"date":"2018-04-13T09:56:16","date_gmt":"2018-04-13T09:56:16","guid":{"rendered":"https:\/\/admin.industriall-union.org\/en-una-reunion-se-recomiendan-politicas-para-poner-fin-a-las-violaciones-de-los-derechos-de-las-trabajadoras-en-africa-subsahariana\/"},"modified":"2025-02-04T10:39:29","modified_gmt":"2025-02-04T10:39:29","slug":"en-una-reunion-se-recomiendan-politicas-para-poner-fin-a-las-violaciones-de-los-derechos-de-las-trabajadoras-en-africa-subsahariana","status":"publish","type":"article","link":"https:\/\/admin.industriall-union.org\/es\/en-una-reunion-se-recomiendan-politicas-para-poner-fin-a-las-violaciones-de-los-derechos-de-las-trabajadoras-en-africa-subsahariana\/","title":{"rendered":"En una reuni\u00f3n se recomiendan pol\u00edticas para poner fin a las violaciones de los derechos de las trabajadoras en \u00c1frica Subsahariana"},"content":{"rendered":"<p>La protecci\u00f3n de la maternidad es una de las cuestiones planteadas en la reuni\u00f3n del comit\u00e9 ejecutivo de mujeres de \u00c1frica Subsahariana celebrada en Dakar (Senegal) los d\u00edas 10 y 11 de abril, a la que asistieron delegados de Burkina Faso, Kenya, Ghana, Costa de Marfil, Mozambique, Namibia, Nigeria, Senegal, Sud\u00e1frica, Tanzania, Uganda, Zambia y Zimbabwe. La reuni\u00f3n inst\u00f3 a los sindicatos a adoptar pol\u00edticas para acabar con la discriminaci\u00f3n por g\u00e9nero y el acoso sexual en los lugares de trabajo.<\/p><p>Las campa\u00f1as sobre los derechos de las mujeres en el lugar de trabajo realizadas por los afiliados a la IndustriALL en la reuni\u00f3n se centraron en los abusos f\u00edsicos, emocionales y psicol\u00f3gicos, as\u00ed como en la discriminaci\u00f3n por g\u00e9nero y el acoso sexual. Tambi\u00e9n hubo campa\u00f1as en comunidades donde viven los trabajadores. Por ejemplo, en Senegal, la violencia basada en el g\u00e9nero incluye la violaci\u00f3n, los matrimonios forzados y la mutilaci\u00f3n genital femenina.<\/p><p>Beauty Zibula, presidenta regional del comit\u00e9 ejecutivo de mujeres de la IndustriALL, dice:<\/p><blockquote><p>Hay mujeres que mueren a causa de las heridas sufridas en la violencia basada en el g\u00e9nero. Para detener esto tenemos que utilizar las leyes nacionales y los convenios internacionales, a fin de proteger a las trabajadoras y a los miembros sindicales.<\/p><\/blockquote><p>La reuni\u00f3n alent\u00f3 a los sindicatos a desarrollar pol\u00edticas de g\u00e9nero que orienten sobre la manera de acabar con el acoso sexual y la violencia basada en el g\u00e9nero. Por ejemplo, afiliados de Ghana y Zimbabwe ya han elaborado pol\u00edticas de g\u00e9nero.<\/p><p>Adem\u00e1s, la reuni\u00f3n recomend\u00f3 que la IndustriALL apoye y elabore una pol\u00edtica de g\u00e9nero que puedan utilizar los afiliados y adaptarla a la situaci\u00f3n en sus pa\u00edses. Tambi\u00e9n se requiere una pol\u00edtica contra el acoso sexual.<\/p><p>La reuni\u00f3n tambi\u00e9n convino en la necesidad de la formaci\u00f3n y de incluir a m\u00e1s mujeres en la negociaci\u00f3n colectiva.<\/p><p>Zibula agrega:<\/p><blockquote><p>Los sindicatos deben dejar de excluir a las mujeres capacitadas de la negociaci\u00f3n colectiva. A menudo, esto da lugar a la firma de convenios colectivos en que se omiten necesidades espec\u00edficas de las trabajadoras.<\/p><\/blockquote><p>Paule-France Ndessomin, secretaria regional para \u00c1frica Subsahariana, dice:<\/p><blockquote><p>Nuestros afiliados en \u00c1frica Subsahariana tienen la responsabilidad esencial de trabajar por la eliminaci\u00f3n de la violencia contra las mujeres no s\u00f3lo institucionalmente, sino tambi\u00e9n mediante la educaci\u00f3n de sus miembros y la comunidad en el general, la promoci\u00f3n y la negociaci\u00f3n colectiva. Se debe elogiar a las mujeres por romper el silencio&nbsp; y ser m\u00e1s expl\u00edcitas en la forma en que se ven obligadas a tener relaciones sexuales con sus superiores.<\/p><\/blockquote><p>Funcionarios gubernamentales, incluidos los Ministerios de Comercio y Minas, y el Ministerio de Trabajo, y dirigentes sindicales, firmaron el compromiso de la IndustriALL sobre la violencia y el acoso a las mujeres.<\/p>","protected":false},"featured_media":0,"template":"","issues":[397],"companies":[],"regions":[311],"sectors":[],"article_tags":[],"class_list":["post-162660","article","type-article","status-publish","hentry","issues-women","regions-sub-saharan-africa"],"acf":[],"yoast_head":"<!-- This site is optimized with the Yoast SEO Premium plugin v27.1 (Yoast SEO v27.1) - https:\/\/yoast.com\/product\/yoast-seo-premium-wordpress\/ -->\n<title>En una reuni\u00f3n se recomiendan pol\u00edticas para poner fin a las violaciones de los derechos de las trabajadoras en \u00c1frica Subsahariana - industriall-union<\/title>\n<meta name=\"description\" content=\"La protecci\u00f3n de la maternidad es una de las cuestiones planteadas en la reuni\u00f3n del comit\u00e9 ejecutivo de mujeres de \u00c1frica Subsahariana celebrada en Dakar\" \/>\n<meta name=\"robots\" content=\"index, follow, max-snippet:-1, max-image-preview:large, max-video-preview:-1\" \/>\n<link rel=\"canonical\" href=\"https:\/\/admin.industriall-union.org\/es\/en-una-reunion-se-recomiendan-politicas-para-poner-fin-a-las-violaciones-de-los-derechos-de-las-trabajadoras-en-africa-subsahariana\/\" \/>\n<meta property=\"og:locale\" content=\"es_ES\" \/>\n<meta property=\"og:type\" content=\"article\" \/>\n<meta property=\"og:title\" content=\"En una reuni\u00f3n se recomiendan pol\u00edticas para poner fin a las violaciones de los derechos de las trabajadoras en \u00c1frica Subsahariana\" \/>\n<meta property=\"og:description\" content=\"La protecci\u00f3n de la maternidad es una de las cuestiones planteadas en la reuni\u00f3n del comit\u00e9 ejecutivo de mujeres de \u00c1frica Subsahariana celebrada en Dakar\" \/>\n<meta property=\"og:url\" content=\"https:\/\/admin.industriall-union.org\/es\/en-una-reunion-se-recomiendan-politicas-para-poner-fin-a-las-violaciones-de-los-derechos-de-las-trabajadoras-en-africa-subsahariana\/\" \/>\n<meta property=\"og:site_name\" content=\"industriall-union\" \/>\n<meta property=\"article:modified_time\" content=\"2025-02-04T10:39:29+00:00\" \/>\n<meta name=\"twitter:card\" content=\"summary_large_image\" \/>\n<meta name=\"twitter:label1\" content=\"Est. reading time\" \/>\n\t<meta name=\"twitter:data1\" content=\"3 minutes\" \/>\n<script type=\"application\/ld+json\" class=\"yoast-schema-graph\">{\"@context\":\"https:\/\/schema.org\",\"@graph\":[{\"@type\":\"WebPage\",\"@id\":\"https:\/\/admin.industriall-union.org\/es\/en-una-reunion-se-recomiendan-politicas-para-poner-fin-a-las-violaciones-de-los-derechos-de-las-trabajadoras-en-africa-subsahariana\/\",\"url\":\"https:\/\/admin.industriall-union.org\/es\/en-una-reunion-se-recomiendan-politicas-para-poner-fin-a-las-violaciones-de-los-derechos-de-las-trabajadoras-en-africa-subsahariana\/\",\"name\":\"En una reuni\u00f3n se recomiendan pol\u00edticas para poner fin a las violaciones de los derechos de las trabajadoras en \u00c1frica Subsahariana - industriall-union\",\"isPartOf\":{\"@id\":\"https:\/\/admin.industriall-union.org\/#website\"},\"datePublished\":\"2018-04-13T09:56:16+00:00\",\"dateModified\":\"2025-02-04T10:39:29+00:00\",\"description\":\"La protecci\u00f3n de la maternidad es una de las cuestiones planteadas en la reuni\u00f3n del comit\u00e9 ejecutivo de mujeres de \u00c1frica Subsahariana celebrada en Dakar\",\"breadcrumb\":{\"@id\":\"https:\/\/admin.industriall-union.org\/es\/en-una-reunion-se-recomiendan-politicas-para-poner-fin-a-las-violaciones-de-los-derechos-de-las-trabajadoras-en-africa-subsahariana\/#breadcrumb\"},\"inLanguage\":\"es-ES\",\"potentialAction\":[{\"@type\":\"ReadAction\",\"target\":[\"https:\/\/admin.industriall-union.org\/es\/en-una-reunion-se-recomiendan-politicas-para-poner-fin-a-las-violaciones-de-los-derechos-de-las-trabajadoras-en-africa-subsahariana\/\"]}]},{\"@type\":\"BreadcrumbList\",\"@id\":\"https:\/\/admin.industriall-union.org\/es\/en-una-reunion-se-recomiendan-politicas-para-poner-fin-a-las-violaciones-de-los-derechos-de-las-trabajadoras-en-africa-subsahariana\/#breadcrumb\",\"itemListElement\":[{\"@type\":\"ListItem\",\"position\":1,\"name\":\"Home\",\"item\":\"https:\/\/admin.industriall-union.org\/\"},{\"@type\":\"ListItem\",\"position\":2,\"name\":\"Articles\",\"item\":\"https:\/\/admin.industriall-union.org\/article\/\"},{\"@type\":\"ListItem\",\"position\":3,\"name\":\"En una reuni\u00f3n se recomiendan pol\u00edticas para poner fin a las violaciones de los derechos de las trabajadoras en \u00c1frica Subsahariana\"}]},{\"@type\":\"WebSite\",\"@id\":\"https:\/\/admin.industriall-union.org\/#website\",\"url\":\"https:\/\/admin.industriall-union.org\/\",\"name\":\"industriall-union\",\"description\":\"\",\"potentialAction\":[{\"@type\":\"SearchAction\",\"target\":{\"@type\":\"EntryPoint\",\"urlTemplate\":\"https:\/\/admin.industriall-union.org\/?s={search_term_string}\"},\"query-input\":{\"@type\":\"PropertyValueSpecification\",\"valueRequired\":true,\"valueName\":\"search_term_string\"}}],\"inLanguage\":\"es-ES\"}]}<\/script>\n<!-- \/ Yoast SEO Premium plugin. -->","yoast_head_json":{"title":"En una reuni\u00f3n se recomiendan pol\u00edticas para poner fin a las violaciones de los derechos de las trabajadoras en \u00c1frica Subsahariana - industriall-union","description":"La protecci\u00f3n de la maternidad es una de las cuestiones planteadas en la reuni\u00f3n del comit\u00e9 ejecutivo de mujeres de \u00c1frica Subsahariana celebrada en Dakar","robots":{"index":"index","follow":"follow","max-snippet":"max-snippet:-1","max-image-preview":"max-image-preview:large","max-video-preview":"max-video-preview:-1"},"canonical":"https:\/\/admin.industriall-union.org\/es\/en-una-reunion-se-recomiendan-politicas-para-poner-fin-a-las-violaciones-de-los-derechos-de-las-trabajadoras-en-africa-subsahariana\/","og_locale":"es_ES","og_type":"article","og_title":"En una reuni\u00f3n se recomiendan pol\u00edticas para poner fin a las violaciones de los derechos de las trabajadoras en \u00c1frica Subsahariana","og_description":"La protecci\u00f3n de la maternidad es una de las cuestiones planteadas en la reuni\u00f3n del comit\u00e9 ejecutivo de mujeres de \u00c1frica Subsahariana celebrada en Dakar","og_url":"https:\/\/admin.industriall-union.org\/es\/en-una-reunion-se-recomiendan-politicas-para-poner-fin-a-las-violaciones-de-los-derechos-de-las-trabajadoras-en-africa-subsahariana\/","og_site_name":"industriall-union","article_modified_time":"2025-02-04T10:39:29+00:00","twitter_card":"summary_large_image","twitter_misc":{"Est. reading time":"3 minutes"},"schema":{"@context":"https:\/\/schema.org","@graph":[{"@type":"WebPage","@id":"https:\/\/admin.industriall-union.org\/es\/en-una-reunion-se-recomiendan-politicas-para-poner-fin-a-las-violaciones-de-los-derechos-de-las-trabajadoras-en-africa-subsahariana\/","url":"https:\/\/admin.industriall-union.org\/es\/en-una-reunion-se-recomiendan-politicas-para-poner-fin-a-las-violaciones-de-los-derechos-de-las-trabajadoras-en-africa-subsahariana\/","name":"En una reuni\u00f3n se recomiendan pol\u00edticas para poner fin a las violaciones de los derechos de las trabajadoras en \u00c1frica Subsahariana - industriall-union","isPartOf":{"@id":"https:\/\/admin.industriall-union.org\/#website"},"datePublished":"2018-04-13T09:56:16+00:00","dateModified":"2025-02-04T10:39:29+00:00","description":"La protecci\u00f3n de la maternidad es una de las cuestiones planteadas en la reuni\u00f3n del comit\u00e9 ejecutivo de mujeres de \u00c1frica Subsahariana celebrada en Dakar","breadcrumb":{"@id":"https:\/\/admin.industriall-union.org\/es\/en-una-reunion-se-recomiendan-politicas-para-poner-fin-a-las-violaciones-de-los-derechos-de-las-trabajadoras-en-africa-subsahariana\/#breadcrumb"},"inLanguage":"es-ES","potentialAction":[{"@type":"ReadAction","target":["https:\/\/admin.industriall-union.org\/es\/en-una-reunion-se-recomiendan-politicas-para-poner-fin-a-las-violaciones-de-los-derechos-de-las-trabajadoras-en-africa-subsahariana\/"]}]},{"@type":"BreadcrumbList","@id":"https:\/\/admin.industriall-union.org\/es\/en-una-reunion-se-recomiendan-politicas-para-poner-fin-a-las-violaciones-de-los-derechos-de-las-trabajadoras-en-africa-subsahariana\/#breadcrumb","itemListElement":[{"@type":"ListItem","position":1,"name":"Home","item":"https:\/\/admin.industriall-union.org\/"},{"@type":"ListItem","position":2,"name":"Articles","item":"https:\/\/admin.industriall-union.org\/article\/"},{"@type":"ListItem","position":3,"name":"En una reuni\u00f3n se recomiendan pol\u00edticas para poner fin a las violaciones de los derechos de las trabajadoras en \u00c1frica Subsahariana"}]},{"@type":"WebSite","@id":"https:\/\/admin.industriall-union.org\/#website","url":"https:\/\/admin.industriall-union.org\/","name":"industriall-union","description":"","potentialAction":[{"@type":"SearchAction","target":{"@type":"EntryPoint","urlTemplate":"https:\/\/admin.industriall-union.org\/?s={search_term_string}"},"query-input":{"@type":"PropertyValueSpecification","valueRequired":true,"valueName":"search_term_string"}}],"inLanguage":"es-ES"}]}},"_links":{"self":[{"href":"https:\/\/admin.industriall-union.org\/es\/wp-json\/wp\/v2\/article\/162660","targetHints":{"allow":["GET"]}}],"collection":[{"href":"https:\/\/admin.industriall-union.org\/es\/wp-json\/wp\/v2\/article"}],"about":[{"href":"https:\/\/admin.industriall-union.org\/es\/wp-json\/wp\/v2\/types\/article"}],"wp:attachment":[{"href":"https:\/\/admin.industriall-union.org\/es\/wp-json\/wp\/v2\/media?parent=162660"}],"wp:term":[{"taxonomy":"issues","embeddable":true,"href":"https:\/\/admin.industriall-union.org\/es\/wp-json\/wp\/v2\/issues?post=162660"},{"taxonomy":"companies","embeddable":true,"href":"https:\/\/admin.industriall-union.org\/es\/wp-json\/wp\/v2\/companies?post=162660"},{"taxonomy":"regions","embeddable":true,"href":"https:\/\/admin.industriall-union.org\/es\/wp-json\/wp\/v2\/regions?post=162660"},{"taxonomy":"sectors","embeddable":true,"href":"https:\/\/admin.industriall-union.org\/es\/wp-json\/wp\/v2\/sectors?post=162660"},{"taxonomy":"article_tags","embeddable":true,"href":"https:\/\/admin.industriall-union.org\/es\/wp-json\/wp\/v2\/article_tags?post=162660"}],"curies":[{"name":"wp","href":"https:\/\/api.w.org\/{rel}","templated":true}]}}