{"id":162489,"date":"2018-05-02T15:50:26","date_gmt":"2018-05-02T15:50:26","guid":{"rendered":"https:\/\/admin.industriall-union.org\/el-comite-ejecutivo-pide-mas-solidaridad\/"},"modified":"2025-02-04T09:25:32","modified_gmt":"2025-02-04T09:25:32","slug":"el-comite-ejecutivo-pide-mas-solidaridad","status":"publish","type":"article","link":"https:\/\/admin.industriall-union.org\/es\/el-comite-ejecutivo-pide-mas-solidaridad\/","title":{"rendered":"El Comit\u00e9 Ejecutivo pide m\u00e1s solidaridad"},"content":{"rendered":"<p>En la reuni\u00f3n hablaron l\u00edderes sindicales afectados directamente por la opresi\u00f3n de los gobiernos en Belar\u00fas y Argelia. Tambi\u00e9n se requiri\u00f3 aplicar mejor los acuerdos marco globales (AMG) en las empresas que violan derechos fundamentales de los trabajadores.<\/p><p>&ldquo;Tenemos que utilizar los AMG para hacer frente a las empresas respecto a lo que dicen en p\u00fablico y c\u00f3mo funcionan. Sin embargo, no son una garant\u00eda; tenemos que mostrar solidaridad al mismo tiempo&rdquo;, dijo el presidente de la IndustriALL, J\u00f6rg Hofmann.<\/p><p>En vista de la reciente imposici\u00f3n por el presidente Trump de elevados aranceles para el acero y el aluminio, J\u00f6rg Hofmann abog\u00f3 por pol\u00edticas comerciales que beneficien a la mayor\u00eda y no a unos pocos.<\/p><p>&ldquo;El proteccionismo no es la soluci\u00f3n para proteger los empleos y los medios de vida&hellip;Deseamos el libre comercio, pero tambi\u00e9n debe ser comercio justo. Tenemos que definir el comercio justo, y tambi\u00e9n la forma de lograrlo.&rdquo;<\/p><p>Las bajas tasas de crecimiento, el aumento del trabajo precario y la digitalizaci\u00f3n siguen afectando a los sindicatos. Las discusiones sobre Industria 4.0 resaltaron la necesidad de estrategias nacionales y mundiales para preparar a los trabajadores actuales para los empleos de ma\u00f1ana.<\/p><p>&ldquo;Necesitamos una fuerte pol\u00edtica para la transici\u00f3n energ\u00e9tica y una Transici\u00f3n justa, especialmente en los sectores del petr\u00f3leo y el gas y la miner\u00eda de carb\u00f3n,&rdquo; dijo el secretario general de la IndustriALL, Valter Sanches.<\/p><p>Tambi\u00e9n insisti\u00f3 en la&nbsp; necesidad de que la IndustriALL adopte un enfoque intersectorial en su labor y se centre en las cadenas de suministro mundiales, donde los sectores se superponen cada vez m\u00e1s, en particular con Industria 4.0.<\/p><p>La reuni\u00f3n aprob\u00f3 dos resoluciones. La primera, en apoyo del&nbsp; ex presidente brasile\u00f1o Luiz In\u00e1cio Lula da Silva, seguida de una <a href=\"http:\/\/www.industriall-union.org\/es\/libertad-para-lula\">manifestaci\u00f3n del Comit\u00e9 Ejecutivo<\/a> en el exterior de las Naciones Unidas, solicitando su liberaci\u00f3n de la c\u00e1rcel. En la resoluci\u00f3n se rechaza su encarcelamiento, que persigue excluirle de competir para la presidencia.<\/p><p>Durante la semana del quinto aniversario del derrumbe del Rana Plaza en Bangladesh el 24 de abril de 2013 en el que murieron 1.134 trabajadores de la confecci\u00f3n, el Comit\u00e9 Ejecutivo aprob\u00f3 una segunda resoluci\u00f3n sobre la salud y la seguridad en el trabajo, con motivo del 28 de abril, D\u00eda Internacional de Conmemoraci\u00f3n de los Trabajadores Fallecidos y Lesionados.<\/p><p>En la resoluci\u00f3n se pide a la IndustriALL que renueve y prosiga sus campa\u00f1as por la salud y la seguridad en los lugares de trabajo de todos los obreros en todas las industrias, incluidas sus campa\u00f1as por la ratificaci\u00f3n del Convenio de la OIT sobre seguridad en las minas (C176), lugares de trabajo seguros en Bangladesh, y campa\u00f1as contra el asbesto, chorreado de arena y c\u00e1ncer profesional.<\/p><p>El Comit\u00e9 Ejecutivo aprob\u00f3 tambi\u00e9n una propuesta de los sindicatos sudafricanos para acoger el Congreso de la IndustriALL en 2020.<\/p><p>En la reuni\u00f3n del Comit\u00e9 Ejecutivo intervino Raouf Mellal, presidente del afiliado argelino de la energ\u00eda SNATEGS, quien habl\u00f3 de la <a href=\"http:\/\/www.industriall-union.org\/es\/la-industriall-y-otros-sindicatos-mundiales-protestan-contra-los-juicios-de-lideres-sindicales\">persecuci\u00f3n pol\u00edtica de sindicalistas en Argelia<\/a>. Mellal puede ser condenado a 17 meses de prisi\u00f3n por una serie de acusaciones falsas.<\/p><p>Gennady Fedynich, presidente de la Uni\u00f3n de Trabajadores de la Radio y la Industria Electr\u00f3nica de Belar\u00fas (REP), y miembro del Comit\u00e9 Ejecutivo de la IndustriALL, se uni\u00f3 a la reuni\u00f3n por videoconferencia, pues se le deneg\u00f3 el permiso para salir del pa\u00eds. Fedynich dijo que el Gobierno belaruso est\u00e1 tratando de disolver su sindicato, porque goza de gran respeto entre los trabajadores manuales.<\/p><p>La IndustriALL encabez\u00f3 recientemente una <a href=\"http:\/\/www.industriall-union.org\/es\/los-sindicatos-mundiales-exigen-el-fin-de-las-violaciones-de-los-derechos-de-los-trabajadores-en\">misi\u00f3n a Belar\u00fas<\/a> destinada a detener los procesos penales contra dirigentes de la REP y ofrecer solidaridad. &ldquo;S\u00f3lo mediante esfuerzos conjuntos lograremos proteger los derechos de nuestros miembros y de nuestras organizaciones&rdquo;, dijo Fedynich.&nbsp;<\/p><p>La pr\u00f3xima reuni\u00f3n del Comit\u00e9 Ejecutivo se celebrar\u00e1 en Ciudad de M\u00e9xico el 29 y el 30 de noviembre de 2018.<\/p>","protected":false},"featured_media":0,"template":"","issues":[393,403,407,402,422,391,409,413],"companies":[],"regions":[202,248],"sectors":[],"article_tags":[511],"class_list":["post-162489","article","type-article","status-publish","hentry","issues-climate-change-just-transition","issues-convention-176-mine-safety","issues-global-framework-agreements","issues-health-and-safety","issues-human-trade-union-rights","issues-industry-40","issues-multinational-companies-mncs","issues-trade","regions-europe","regions-switzerland","article_tags-industriall"],"acf":[],"yoast_head":"<!-- This site is optimized with the Yoast SEO Premium plugin v27.1 (Yoast SEO v27.1) - https:\/\/yoast.com\/product\/yoast-seo-premium-wordpress\/ -->\n<title>El Comit\u00e9 Ejecutivo pide m\u00e1s solidaridad - industriall-union<\/title>\n<meta name=\"description\" content=\"En la reuni\u00f3n hablaron l\u00edderes sindicales afectados directamente por la opresi\u00f3n de los gobiernos en Belar\u00fas y Argelia. Tambi\u00e9n se requiri\u00f3 aplicar mejor\" \/>\n<meta name=\"robots\" content=\"index, follow, max-snippet:-1, max-image-preview:large, max-video-preview:-1\" \/>\n<link rel=\"canonical\" href=\"https:\/\/admin.industriall-union.org\/es\/el-comite-ejecutivo-pide-mas-solidaridad\/\" \/>\n<meta property=\"og:locale\" content=\"es_ES\" \/>\n<meta property=\"og:type\" content=\"article\" \/>\n<meta property=\"og:title\" content=\"El Comit\u00e9 Ejecutivo pide m\u00e1s solidaridad\" \/>\n<meta property=\"og:description\" content=\"En la reuni\u00f3n hablaron l\u00edderes sindicales afectados directamente por la opresi\u00f3n de los gobiernos en Belar\u00fas y Argelia. Tambi\u00e9n se requiri\u00f3 aplicar mejor\" \/>\n<meta property=\"og:url\" content=\"https:\/\/admin.industriall-union.org\/es\/el-comite-ejecutivo-pide-mas-solidaridad\/\" \/>\n<meta property=\"og:site_name\" content=\"industriall-union\" \/>\n<meta property=\"article:modified_time\" content=\"2025-02-04T09:25:32+00:00\" \/>\n<meta name=\"twitter:card\" content=\"summary_large_image\" \/>\n<meta name=\"twitter:label1\" content=\"Est. reading time\" \/>\n\t<meta name=\"twitter:data1\" content=\"3 minutes\" \/>\n<script type=\"application\/ld+json\" class=\"yoast-schema-graph\">{\"@context\":\"https:\/\/schema.org\",\"@graph\":[{\"@type\":\"WebPage\",\"@id\":\"https:\/\/admin.industriall-union.org\/es\/el-comite-ejecutivo-pide-mas-solidaridad\/\",\"url\":\"https:\/\/admin.industriall-union.org\/es\/el-comite-ejecutivo-pide-mas-solidaridad\/\",\"name\":\"El Comit\u00e9 Ejecutivo pide m\u00e1s solidaridad - industriall-union\",\"isPartOf\":{\"@id\":\"https:\/\/admin.industriall-union.org\/#website\"},\"datePublished\":\"2018-05-02T15:50:26+00:00\",\"dateModified\":\"2025-02-04T09:25:32+00:00\",\"description\":\"En la reuni\u00f3n hablaron l\u00edderes sindicales afectados directamente por la opresi\u00f3n de los gobiernos en Belar\u00fas y Argelia. Tambi\u00e9n se requiri\u00f3 aplicar mejor\",\"breadcrumb\":{\"@id\":\"https:\/\/admin.industriall-union.org\/es\/el-comite-ejecutivo-pide-mas-solidaridad\/#breadcrumb\"},\"inLanguage\":\"es-ES\",\"potentialAction\":[{\"@type\":\"ReadAction\",\"target\":[\"https:\/\/admin.industriall-union.org\/es\/el-comite-ejecutivo-pide-mas-solidaridad\/\"]}]},{\"@type\":\"BreadcrumbList\",\"@id\":\"https:\/\/admin.industriall-union.org\/es\/el-comite-ejecutivo-pide-mas-solidaridad\/#breadcrumb\",\"itemListElement\":[{\"@type\":\"ListItem\",\"position\":1,\"name\":\"Home\",\"item\":\"https:\/\/admin.industriall-union.org\/\"},{\"@type\":\"ListItem\",\"position\":2,\"name\":\"Articles\",\"item\":\"https:\/\/admin.industriall-union.org\/article\/\"},{\"@type\":\"ListItem\",\"position\":3,\"name\":\"El Comit\u00e9 Ejecutivo pide m\u00e1s solidaridad\"}]},{\"@type\":\"WebSite\",\"@id\":\"https:\/\/admin.industriall-union.org\/#website\",\"url\":\"https:\/\/admin.industriall-union.org\/\",\"name\":\"industriall-union\",\"description\":\"\",\"potentialAction\":[{\"@type\":\"SearchAction\",\"target\":{\"@type\":\"EntryPoint\",\"urlTemplate\":\"https:\/\/admin.industriall-union.org\/?s={search_term_string}\"},\"query-input\":{\"@type\":\"PropertyValueSpecification\",\"valueRequired\":true,\"valueName\":\"search_term_string\"}}],\"inLanguage\":\"es-ES\"}]}<\/script>\n<!-- \/ Yoast SEO Premium plugin. -->","yoast_head_json":{"title":"El Comit\u00e9 Ejecutivo pide m\u00e1s solidaridad - industriall-union","description":"En la reuni\u00f3n hablaron l\u00edderes sindicales afectados directamente por la opresi\u00f3n de los gobiernos en Belar\u00fas y Argelia. Tambi\u00e9n se requiri\u00f3 aplicar mejor","robots":{"index":"index","follow":"follow","max-snippet":"max-snippet:-1","max-image-preview":"max-image-preview:large","max-video-preview":"max-video-preview:-1"},"canonical":"https:\/\/admin.industriall-union.org\/es\/el-comite-ejecutivo-pide-mas-solidaridad\/","og_locale":"es_ES","og_type":"article","og_title":"El Comit\u00e9 Ejecutivo pide m\u00e1s solidaridad","og_description":"En la reuni\u00f3n hablaron l\u00edderes sindicales afectados directamente por la opresi\u00f3n de los gobiernos en Belar\u00fas y Argelia. Tambi\u00e9n se requiri\u00f3 aplicar mejor","og_url":"https:\/\/admin.industriall-union.org\/es\/el-comite-ejecutivo-pide-mas-solidaridad\/","og_site_name":"industriall-union","article_modified_time":"2025-02-04T09:25:32+00:00","twitter_card":"summary_large_image","twitter_misc":{"Est. reading time":"3 minutes"},"schema":{"@context":"https:\/\/schema.org","@graph":[{"@type":"WebPage","@id":"https:\/\/admin.industriall-union.org\/es\/el-comite-ejecutivo-pide-mas-solidaridad\/","url":"https:\/\/admin.industriall-union.org\/es\/el-comite-ejecutivo-pide-mas-solidaridad\/","name":"El Comit\u00e9 Ejecutivo pide m\u00e1s solidaridad - industriall-union","isPartOf":{"@id":"https:\/\/admin.industriall-union.org\/#website"},"datePublished":"2018-05-02T15:50:26+00:00","dateModified":"2025-02-04T09:25:32+00:00","description":"En la reuni\u00f3n hablaron l\u00edderes sindicales afectados directamente por la opresi\u00f3n de los gobiernos en Belar\u00fas y Argelia. Tambi\u00e9n se requiri\u00f3 aplicar mejor","breadcrumb":{"@id":"https:\/\/admin.industriall-union.org\/es\/el-comite-ejecutivo-pide-mas-solidaridad\/#breadcrumb"},"inLanguage":"es-ES","potentialAction":[{"@type":"ReadAction","target":["https:\/\/admin.industriall-union.org\/es\/el-comite-ejecutivo-pide-mas-solidaridad\/"]}]},{"@type":"BreadcrumbList","@id":"https:\/\/admin.industriall-union.org\/es\/el-comite-ejecutivo-pide-mas-solidaridad\/#breadcrumb","itemListElement":[{"@type":"ListItem","position":1,"name":"Home","item":"https:\/\/admin.industriall-union.org\/"},{"@type":"ListItem","position":2,"name":"Articles","item":"https:\/\/admin.industriall-union.org\/article\/"},{"@type":"ListItem","position":3,"name":"El Comit\u00e9 Ejecutivo pide m\u00e1s solidaridad"}]},{"@type":"WebSite","@id":"https:\/\/admin.industriall-union.org\/#website","url":"https:\/\/admin.industriall-union.org\/","name":"industriall-union","description":"","potentialAction":[{"@type":"SearchAction","target":{"@type":"EntryPoint","urlTemplate":"https:\/\/admin.industriall-union.org\/?s={search_term_string}"},"query-input":{"@type":"PropertyValueSpecification","valueRequired":true,"valueName":"search_term_string"}}],"inLanguage":"es-ES"}]}},"_links":{"self":[{"href":"https:\/\/admin.industriall-union.org\/es\/wp-json\/wp\/v2\/article\/162489","targetHints":{"allow":["GET"]}}],"collection":[{"href":"https:\/\/admin.industriall-union.org\/es\/wp-json\/wp\/v2\/article"}],"about":[{"href":"https:\/\/admin.industriall-union.org\/es\/wp-json\/wp\/v2\/types\/article"}],"wp:attachment":[{"href":"https:\/\/admin.industriall-union.org\/es\/wp-json\/wp\/v2\/media?parent=162489"}],"wp:term":[{"taxonomy":"issues","embeddable":true,"href":"https:\/\/admin.industriall-union.org\/es\/wp-json\/wp\/v2\/issues?post=162489"},{"taxonomy":"companies","embeddable":true,"href":"https:\/\/admin.industriall-union.org\/es\/wp-json\/wp\/v2\/companies?post=162489"},{"taxonomy":"regions","embeddable":true,"href":"https:\/\/admin.industriall-union.org\/es\/wp-json\/wp\/v2\/regions?post=162489"},{"taxonomy":"sectors","embeddable":true,"href":"https:\/\/admin.industriall-union.org\/es\/wp-json\/wp\/v2\/sectors?post=162489"},{"taxonomy":"article_tags","embeddable":true,"href":"https:\/\/admin.industriall-union.org\/es\/wp-json\/wp\/v2\/article_tags?post=162489"}],"curies":[{"name":"wp","href":"https:\/\/api.w.org\/{rel}","templated":true}]}}