{"id":162410,"date":"2018-05-10T02:26:32","date_gmt":"2018-05-10T02:26:32","guid":{"rendered":"https:\/\/admin.industriall-union.org\/red-sindical-abre-las-puertas-en-deere\/"},"modified":"2025-02-04T09:02:25","modified_gmt":"2025-02-04T09:02:25","slug":"red-sindical-abre-las-puertas-en-deere","status":"publish","type":"article","link":"https:\/\/admin.industriall-union.org\/es\/red-sindical-abre-las-puertas-en-deere\/","title":{"rendered":"Red sindical abre las puertas en Deere"},"content":{"rendered":"<p>La red sindical mundial se fund\u00f3 en Suiza en 2012, y, por primera vez, esta red pudo tener un di\u00e1logo con la alta administraci\u00f3n de la empresa. Los afiliados de United Auto Workers (UAW), organizaci\u00f3n afiliada a IndustriALL Global Union, tuvieron que dedicar mucho trabajo e intercambio de opiniones para lograr la confianza de la administraci\u00f3n, y de este modo poder dar este importante paso adelante, en el que se demuestra el firme compromiso de la empresa de entablar un di\u00e1logo con sus empleados y sus sindicatos en todo el mundo.<\/p><p>La mencionada reuni\u00f3n, realizada en la sede de Deere &amp; Company en Moline, Illinois, EE. UU., comenz\u00f3 con una visita a una granja, donde los trabajadores\/as de Deere pudieron observar c\u00f3mo se usan sus productos en la pr\u00e1ctica y c\u00f3mo su trabajo facilita la labor de los clientes, los agricultores.<\/p><p>La compa\u00f1\u00eda ofreci\u00f3 una visita a sus instalaciones en Davenport, Iowa, donde se ensambla principalmente maquinaria de construcci\u00f3n y forestal. Despu\u00e9s del tur, se realiz\u00f3 una sesi\u00f3n conjunta con los altos directivos de la empresa y los sindicatos. Durante esta sesi\u00f3n, Max A. Guinn, presidente de construcci\u00f3n y silvicultura mundial de John Deere, ofreci\u00f3 una presentaci\u00f3n y respondi\u00f3 a preguntas de los sindicatos.<\/p><p>En una cena conjunta con la administraci\u00f3n, Samuel R. Allen, presidente y director general de la compa\u00f1\u00eda, se reuni\u00f3 con los delegados sindicales, refiri\u00e9ndose al duradero proceso de crear respeto mutuo y confianza entre la administraci\u00f3n de la empresa y los dirigentes sindicales. Mencion\u00f3 las buenas y duraderas relaciones de trabajo con Dennis Williams, presidente del UAW que pronto se jubila, que tambi\u00e9n asisti\u00f3 al evento.<\/p><p>Dennis Williams, se\u00f1al\u00f3:<\/p><blockquote><p>&ldquo;Me alegra much\u00edsimo ver hoy el \u00e9xito de esta red, cu\u00e1nto ha crecido. Todos est\u00e1n aqu\u00ed, mis colegas brasile\u00f1os y otros colegas de todo el mundo. John Deere es el anfitri\u00f3n de esta reuni\u00f3n y creo que ser\u00e1 un gran \u00e9xito&rdquo;.<\/p><\/blockquote><p>Por su parte, Matthias Hartwich, Director del sector de ingenier\u00eda mec\u00e1nica de IndustriALL, afirm\u00f3:<\/p><blockquote><p>&ldquo;Para algunas empresas, la explotaci\u00f3n de la mano de obra es la manera m\u00e1s f\u00e1cil de lograr ganancias. Esas empresas creen que los ingresos de los trabajadores y trabajadoras siempre son demasiado altos y que deben reducirse, por lo tanto, tratan de impedir que se metan los sindicatos. Este no es el caso en Deere.<\/p><p>&ldquo;Espero que podamos continuar con el proceso que se inici\u00f3 este a\u00f1o. Siempre es un largo viaje crear confianza entre los sindicatos y la administraci\u00f3n, pero creo que este a\u00f1o hemos dado un enorme paso adelante&rdquo;.<\/p><\/blockquote><p>Los participantes exigieron un\u00e1nimemente que la red continuara realizando reuniones anuales regulares y manifestaron el compromiso de sus sindicatos.<\/p><p>Deere and Company es una de las m\u00e1s importantes empresas multinacionales. Produce maquinaria agr\u00edcola, de construcci\u00f3n y forestal, con John Deere como marca principal.<\/p>","protected":false},"featured_media":0,"template":"","issues":[409],"companies":[81],"regions":[310],"sectors":[475],"article_tags":[],"class_list":["post-162410","article","type-article","status-publish","hentry","issues-multinational-companies-mncs","companies-john-deere","regions-usa","sectors-mechanical-engineering"],"acf":[],"yoast_head":"<!-- This site is optimized with the Yoast SEO Premium plugin v27.1 (Yoast SEO v27.1) - https:\/\/yoast.com\/product\/yoast-seo-premium-wordpress\/ -->\n<title>Red sindical abre las puertas en Deere - industriall-union<\/title>\n<meta name=\"description\" content=\"La red sindical mundial se fund\u00f3 en Suiza en 2012, y, por primera vez, esta red pudo tener un di\u00e1logo con la alta administraci\u00f3n de la empresa. Los\" \/>\n<meta name=\"robots\" content=\"index, follow, max-snippet:-1, max-image-preview:large, max-video-preview:-1\" \/>\n<link rel=\"canonical\" href=\"https:\/\/admin.industriall-union.org\/es\/red-sindical-abre-las-puertas-en-deere\/\" \/>\n<meta property=\"og:locale\" content=\"es_ES\" \/>\n<meta property=\"og:type\" content=\"article\" \/>\n<meta property=\"og:title\" content=\"Red sindical abre las puertas en Deere\" \/>\n<meta property=\"og:description\" content=\"La red sindical mundial se fund\u00f3 en Suiza en 2012, y, por primera vez, esta red pudo tener un di\u00e1logo con la alta administraci\u00f3n de la empresa. Los\" \/>\n<meta property=\"og:url\" content=\"https:\/\/admin.industriall-union.org\/es\/red-sindical-abre-las-puertas-en-deere\/\" \/>\n<meta property=\"og:site_name\" content=\"industriall-union\" \/>\n<meta property=\"article:modified_time\" content=\"2025-02-04T09:02:25+00:00\" \/>\n<meta name=\"twitter:card\" content=\"summary_large_image\" \/>\n<meta name=\"twitter:label1\" content=\"Est. reading time\" \/>\n\t<meta name=\"twitter:data1\" content=\"3 minutes\" \/>\n<script type=\"application\/ld+json\" class=\"yoast-schema-graph\">{\"@context\":\"https:\/\/schema.org\",\"@graph\":[{\"@type\":\"WebPage\",\"@id\":\"https:\/\/admin.industriall-union.org\/es\/red-sindical-abre-las-puertas-en-deere\/\",\"url\":\"https:\/\/admin.industriall-union.org\/es\/red-sindical-abre-las-puertas-en-deere\/\",\"name\":\"Red sindical abre las puertas en Deere - industriall-union\",\"isPartOf\":{\"@id\":\"https:\/\/admin.industriall-union.org\/#website\"},\"datePublished\":\"2018-05-10T02:26:32+00:00\",\"dateModified\":\"2025-02-04T09:02:25+00:00\",\"description\":\"La red sindical mundial se fund\u00f3 en Suiza en 2012, y, por primera vez, esta red pudo tener un di\u00e1logo con la alta administraci\u00f3n de la empresa. Los\",\"breadcrumb\":{\"@id\":\"https:\/\/admin.industriall-union.org\/es\/red-sindical-abre-las-puertas-en-deere\/#breadcrumb\"},\"inLanguage\":\"es-ES\",\"potentialAction\":[{\"@type\":\"ReadAction\",\"target\":[\"https:\/\/admin.industriall-union.org\/es\/red-sindical-abre-las-puertas-en-deere\/\"]}]},{\"@type\":\"BreadcrumbList\",\"@id\":\"https:\/\/admin.industriall-union.org\/es\/red-sindical-abre-las-puertas-en-deere\/#breadcrumb\",\"itemListElement\":[{\"@type\":\"ListItem\",\"position\":1,\"name\":\"Home\",\"item\":\"https:\/\/admin.industriall-union.org\/\"},{\"@type\":\"ListItem\",\"position\":2,\"name\":\"Articles\",\"item\":\"https:\/\/admin.industriall-union.org\/article\/\"},{\"@type\":\"ListItem\",\"position\":3,\"name\":\"Red sindical abre las puertas en Deere\"}]},{\"@type\":\"WebSite\",\"@id\":\"https:\/\/admin.industriall-union.org\/#website\",\"url\":\"https:\/\/admin.industriall-union.org\/\",\"name\":\"industriall-union\",\"description\":\"\",\"potentialAction\":[{\"@type\":\"SearchAction\",\"target\":{\"@type\":\"EntryPoint\",\"urlTemplate\":\"https:\/\/admin.industriall-union.org\/?s={search_term_string}\"},\"query-input\":{\"@type\":\"PropertyValueSpecification\",\"valueRequired\":true,\"valueName\":\"search_term_string\"}}],\"inLanguage\":\"es-ES\"}]}<\/script>\n<!-- \/ Yoast SEO Premium plugin. -->","yoast_head_json":{"title":"Red sindical abre las puertas en Deere - industriall-union","description":"La red sindical mundial se fund\u00f3 en Suiza en 2012, y, por primera vez, esta red pudo tener un di\u00e1logo con la alta administraci\u00f3n de la empresa. Los","robots":{"index":"index","follow":"follow","max-snippet":"max-snippet:-1","max-image-preview":"max-image-preview:large","max-video-preview":"max-video-preview:-1"},"canonical":"https:\/\/admin.industriall-union.org\/es\/red-sindical-abre-las-puertas-en-deere\/","og_locale":"es_ES","og_type":"article","og_title":"Red sindical abre las puertas en Deere","og_description":"La red sindical mundial se fund\u00f3 en Suiza en 2012, y, por primera vez, esta red pudo tener un di\u00e1logo con la alta administraci\u00f3n de la empresa. Los","og_url":"https:\/\/admin.industriall-union.org\/es\/red-sindical-abre-las-puertas-en-deere\/","og_site_name":"industriall-union","article_modified_time":"2025-02-04T09:02:25+00:00","twitter_card":"summary_large_image","twitter_misc":{"Est. reading time":"3 minutes"},"schema":{"@context":"https:\/\/schema.org","@graph":[{"@type":"WebPage","@id":"https:\/\/admin.industriall-union.org\/es\/red-sindical-abre-las-puertas-en-deere\/","url":"https:\/\/admin.industriall-union.org\/es\/red-sindical-abre-las-puertas-en-deere\/","name":"Red sindical abre las puertas en Deere - industriall-union","isPartOf":{"@id":"https:\/\/admin.industriall-union.org\/#website"},"datePublished":"2018-05-10T02:26:32+00:00","dateModified":"2025-02-04T09:02:25+00:00","description":"La red sindical mundial se fund\u00f3 en Suiza en 2012, y, por primera vez, esta red pudo tener un di\u00e1logo con la alta administraci\u00f3n de la empresa. Los","breadcrumb":{"@id":"https:\/\/admin.industriall-union.org\/es\/red-sindical-abre-las-puertas-en-deere\/#breadcrumb"},"inLanguage":"es-ES","potentialAction":[{"@type":"ReadAction","target":["https:\/\/admin.industriall-union.org\/es\/red-sindical-abre-las-puertas-en-deere\/"]}]},{"@type":"BreadcrumbList","@id":"https:\/\/admin.industriall-union.org\/es\/red-sindical-abre-las-puertas-en-deere\/#breadcrumb","itemListElement":[{"@type":"ListItem","position":1,"name":"Home","item":"https:\/\/admin.industriall-union.org\/"},{"@type":"ListItem","position":2,"name":"Articles","item":"https:\/\/admin.industriall-union.org\/article\/"},{"@type":"ListItem","position":3,"name":"Red sindical abre las puertas en Deere"}]},{"@type":"WebSite","@id":"https:\/\/admin.industriall-union.org\/#website","url":"https:\/\/admin.industriall-union.org\/","name":"industriall-union","description":"","potentialAction":[{"@type":"SearchAction","target":{"@type":"EntryPoint","urlTemplate":"https:\/\/admin.industriall-union.org\/?s={search_term_string}"},"query-input":{"@type":"PropertyValueSpecification","valueRequired":true,"valueName":"search_term_string"}}],"inLanguage":"es-ES"}]}},"_links":{"self":[{"href":"https:\/\/admin.industriall-union.org\/es\/wp-json\/wp\/v2\/article\/162410","targetHints":{"allow":["GET"]}}],"collection":[{"href":"https:\/\/admin.industriall-union.org\/es\/wp-json\/wp\/v2\/article"}],"about":[{"href":"https:\/\/admin.industriall-union.org\/es\/wp-json\/wp\/v2\/types\/article"}],"wp:attachment":[{"href":"https:\/\/admin.industriall-union.org\/es\/wp-json\/wp\/v2\/media?parent=162410"}],"wp:term":[{"taxonomy":"issues","embeddable":true,"href":"https:\/\/admin.industriall-union.org\/es\/wp-json\/wp\/v2\/issues?post=162410"},{"taxonomy":"companies","embeddable":true,"href":"https:\/\/admin.industriall-union.org\/es\/wp-json\/wp\/v2\/companies?post=162410"},{"taxonomy":"regions","embeddable":true,"href":"https:\/\/admin.industriall-union.org\/es\/wp-json\/wp\/v2\/regions?post=162410"},{"taxonomy":"sectors","embeddable":true,"href":"https:\/\/admin.industriall-union.org\/es\/wp-json\/wp\/v2\/sectors?post=162410"},{"taxonomy":"article_tags","embeddable":true,"href":"https:\/\/admin.industriall-union.org\/es\/wp-json\/wp\/v2\/article_tags?post=162410"}],"curies":[{"name":"wp","href":"https:\/\/api.w.org\/{rel}","templated":true}]}}