{"id":162219,"date":"2018-05-29T11:31:06","date_gmt":"2018-05-29T11:31:06","guid":{"rendered":"https:\/\/admin.industriall-union.org\/la-industriall-y-la-isp-firman-un-acuerdo-global-de-empleador-responsable-con-edf\/"},"modified":"2025-02-04T08:14:17","modified_gmt":"2025-02-04T08:14:17","slug":"la-industriall-y-la-isp-firman-un-acuerdo-global-de-empleador-responsable-con-edf","status":"publish","type":"article","link":"https:\/\/admin.industriall-union.org\/es\/la-industriall-y-la-isp-firman-un-acuerdo-global-de-empleador-responsable-con-edf\/","title":{"rendered":"La IndustriALL y la ISP firman un acuerdo global de empleador responsable con EDF"},"content":{"rendered":"<p>Jean-Bernard L\u00e9vy, director ejecutivo y presidente del Grupo EDF, y el secretario general de la IndustriALL, Valter Sanches, y Rosa Pavanelli, secretaria general de la Internacional de Servicios P\u00fablicos, han firmado hoy un <a href=\"http:\/\/www.industriall-union.org\/es\/edf\">nuevo acuerdo de responsabilidad global<\/a> que abarca los derechos humanos y laborales en la Organizaci\u00f3n Internacional del Trabajo, en Ginebra, en presencia &nbsp;Guy Ryder, director general de la OIT. Tambi\u00e9n han estado presentes los representantes de los afiliados franceses CFE-CGC y CFDT.<\/p><p>El acuerdo global existe gracias al compromiso de todas las partes en la negociaci\u00f3n. Es el resultado de un proceso de negociaci\u00f3n en colaboraci\u00f3n entre 11 federaciones sindicales nacionales para las empresas del Grupo EDF y las federaciones sindicales internacionales IndustriALL Global Union e ISP. Las 13 federaciones son signatarias del acuerdo, que comprende cierto n\u00famero de compromisos importantes e innovadores de la responsabilidad social.<\/p><p>Entre ellos:<\/p><ul><li>transparencia fiscal<\/li><li>protecci\u00f3n de los denunciantes<\/li><li>lucha contra la corrupci\u00f3n y el fraude<\/li><li>lucha contra la violencia y el acoso en el lugar de trabajo<\/li><li>deber de vigilancia en relaci\u00f3n con contratistas y proveedores<\/li><li>igualdad entre mujeres y hombres, y lucha contra la discriminaci\u00f3n relacionada con la orientaci\u00f3n sexual<\/li><\/ul><p>M\u00e1s generalmente, este acuerdo promueve los derechos humanos, la diversidad, la salud y la seguridad, el desarrollo de calificaciones y la protecci\u00f3n social de los empleados y subcontratistas de la empresa, dondequiera que se encuentre el Grupo, as\u00ed como el principio de una transici\u00f3n justa hacia una econom\u00eda ambientalmente sostenible para todos.<\/p><p>Este nuevo acuerdo del Grupo sustituye a un acuerdo anterior sobre responsabilidad social y ambiental firmado por EDF en 2005 y renovado en in 2009. Con este nuevo texto se trata de incorporar nuevos requisitos sociales para los empleados y apoyar el desarrollo internacional de EDF en consonancia con los valores de servicio p\u00fablico de la empresa. Viene a complementar los 6 objetivos de responsabilidad corporativa establecidos por EDF en favor de la transici\u00f3n energ\u00e9tica y la estrategia Cap 2030 del Grupo. La aplicaci\u00f3n del acuerdo ser\u00e1 verificada por un comit\u00e9 de supervisi\u00f3n internacional.<\/p><p>Tras la firma del acuerdo, Jean-Bernard Le\u0301vy anunci\u00f3:<\/p><blockquote><p>Estoy seguro de que nuestra estrategia de responsabilidad social corporativa es un factor clave&nbsp; en el rendimiento sostenible del Grupo EDF, como se demuestra con este acuerdo. El Grupo reitera su compromiso con el desarrollo equilibrado de sus actividades en el mundo entero. Los derechos humanos, la diversidad, la salud y la seguridad, el desarrollo de calificaciones y la protecci\u00f3n social de los empleados y subcontratistas de la empresa&nbsp; son los cimientos de este compromiso.<\/p><\/blockquote><p>Valter Sanches, secretario general de la IndustriALL Global Union, explic\u00f3:<\/p><blockquote><p>El proceso de negociaci\u00f3n del acuerdo marco global con EDF &nbsp;ha sido franco y transparente. El AMG es un logro en el que han intervenido todas las partes, resultando en un claro compromiso sobre la gesti\u00f3n de la cadena de suministro, as\u00ed como en la activa aplicaci\u00f3n y supervisi\u00f3n del acuerdo global. Ahora tenemos que ponerlo en pr\u00e1ctica y asegurarnos de que el AMG es beneficioso para todas las partes.<\/p><\/blockquote><p>Rosa Pavanelli, secretaria general de la Internacional de Servicios P\u00fablicos, declar\u00f3:<\/p><blockquote><p>Con este acuerdo renovado, el Grupo EDF se compromete a mantener un alto nivel de derechos humanos y laborales, dondequiera que opere. El pr\u00f3ximo paso es aplicar efectivamente esos compromisos en la planta de producci\u00f3n y asegurar la implicaci\u00f3n de la direcci\u00f3n local en el acuerdo, en cooperaci\u00f3n con los representantes sindicales. Este texto negociado marca tambi\u00e9n uno de los primeros compromisos de la empresa &nbsp;en cuanto a la informaci\u00f3n sobre impuestos pa\u00edses por pa\u00eds.<\/p><p>En el acuerdo tambi\u00e9n hay disposiciones sobre la participaci\u00f3n de los sindicatos en los programas de la empresa para garantizar la protecci\u00f3n de los denunciantes. Velaremos atentamente y sin descanso por la efectiva aplicaci\u00f3n y el seguimiento de todos los compromisos del acuerdo, trabajando con nuestros miembros y aliados mundiales.<\/p><\/blockquote>","protected":false},"featured_media":0,"template":"","issues":[407],"companies":[35],"regions":[217,248],"sectors":[483],"article_tags":[],"class_list":["post-162219","article","type-article","status-publish","hentry","issues-global-framework-agreements","companies-edf","regions-france","regions-switzerland","sectors-energy-oil-gas-electricity-and-nuclear"],"acf":[],"yoast_head":"<!-- This site is optimized with the Yoast SEO Premium plugin v27.1 (Yoast SEO v27.1) - https:\/\/yoast.com\/product\/yoast-seo-premium-wordpress\/ -->\n<title>La IndustriALL y la ISP firman un acuerdo global de empleador responsable con EDF - industriall-union<\/title>\n<meta name=\"description\" content=\"Jean-Bernard L\u00e9vy, director ejecutivo y presidente del Grupo EDF, y el secretario general de la IndustriALL, Valter Sanches, y Rosa Pavanelli, secretaria\" \/>\n<meta name=\"robots\" content=\"index, follow, max-snippet:-1, max-image-preview:large, max-video-preview:-1\" \/>\n<link rel=\"canonical\" href=\"https:\/\/admin.industriall-union.org\/es\/la-industriall-y-la-isp-firman-un-acuerdo-global-de-empleador-responsable-con-edf\/\" \/>\n<meta property=\"og:locale\" content=\"es_ES\" \/>\n<meta property=\"og:type\" content=\"article\" \/>\n<meta property=\"og:title\" content=\"La IndustriALL y la ISP firman un acuerdo global de empleador responsable con EDF\" \/>\n<meta property=\"og:description\" content=\"Jean-Bernard L\u00e9vy, director ejecutivo y presidente del Grupo EDF, y el secretario general de la IndustriALL, Valter Sanches, y Rosa Pavanelli, secretaria\" \/>\n<meta property=\"og:url\" content=\"https:\/\/admin.industriall-union.org\/es\/la-industriall-y-la-isp-firman-un-acuerdo-global-de-empleador-responsable-con-edf\/\" \/>\n<meta property=\"og:site_name\" content=\"industriall-union\" \/>\n<meta property=\"article:modified_time\" content=\"2025-02-04T08:14:17+00:00\" \/>\n<meta name=\"twitter:card\" content=\"summary_large_image\" \/>\n<meta name=\"twitter:label1\" content=\"Est. reading time\" \/>\n\t<meta name=\"twitter:data1\" content=\"3 minutes\" \/>\n<script type=\"application\/ld+json\" class=\"yoast-schema-graph\">{\"@context\":\"https:\/\/schema.org\",\"@graph\":[{\"@type\":\"WebPage\",\"@id\":\"https:\/\/admin.industriall-union.org\/es\/la-industriall-y-la-isp-firman-un-acuerdo-global-de-empleador-responsable-con-edf\/\",\"url\":\"https:\/\/admin.industriall-union.org\/es\/la-industriall-y-la-isp-firman-un-acuerdo-global-de-empleador-responsable-con-edf\/\",\"name\":\"La IndustriALL y la ISP firman un acuerdo global de empleador responsable con EDF - industriall-union\",\"isPartOf\":{\"@id\":\"https:\/\/admin.industriall-union.org\/#website\"},\"datePublished\":\"2018-05-29T11:31:06+00:00\",\"dateModified\":\"2025-02-04T08:14:17+00:00\",\"description\":\"Jean-Bernard L\u00e9vy, director ejecutivo y presidente del Grupo EDF, y el secretario general de la IndustriALL, Valter Sanches, y Rosa Pavanelli, secretaria\",\"breadcrumb\":{\"@id\":\"https:\/\/admin.industriall-union.org\/es\/la-industriall-y-la-isp-firman-un-acuerdo-global-de-empleador-responsable-con-edf\/#breadcrumb\"},\"inLanguage\":\"es-ES\",\"potentialAction\":[{\"@type\":\"ReadAction\",\"target\":[\"https:\/\/admin.industriall-union.org\/es\/la-industriall-y-la-isp-firman-un-acuerdo-global-de-empleador-responsable-con-edf\/\"]}]},{\"@type\":\"BreadcrumbList\",\"@id\":\"https:\/\/admin.industriall-union.org\/es\/la-industriall-y-la-isp-firman-un-acuerdo-global-de-empleador-responsable-con-edf\/#breadcrumb\",\"itemListElement\":[{\"@type\":\"ListItem\",\"position\":1,\"name\":\"Home\",\"item\":\"https:\/\/admin.industriall-union.org\/\"},{\"@type\":\"ListItem\",\"position\":2,\"name\":\"Articles\",\"item\":\"https:\/\/admin.industriall-union.org\/article\/\"},{\"@type\":\"ListItem\",\"position\":3,\"name\":\"La IndustriALL y la ISP firman un acuerdo global de empleador responsable con EDF\"}]},{\"@type\":\"WebSite\",\"@id\":\"https:\/\/admin.industriall-union.org\/#website\",\"url\":\"https:\/\/admin.industriall-union.org\/\",\"name\":\"industriall-union\",\"description\":\"\",\"potentialAction\":[{\"@type\":\"SearchAction\",\"target\":{\"@type\":\"EntryPoint\",\"urlTemplate\":\"https:\/\/admin.industriall-union.org\/?s={search_term_string}\"},\"query-input\":{\"@type\":\"PropertyValueSpecification\",\"valueRequired\":true,\"valueName\":\"search_term_string\"}}],\"inLanguage\":\"es-ES\"}]}<\/script>\n<!-- \/ Yoast SEO Premium plugin. -->","yoast_head_json":{"title":"La IndustriALL y la ISP firman un acuerdo global de empleador responsable con EDF - industriall-union","description":"Jean-Bernard L\u00e9vy, director ejecutivo y presidente del Grupo EDF, y el secretario general de la IndustriALL, Valter Sanches, y Rosa Pavanelli, secretaria","robots":{"index":"index","follow":"follow","max-snippet":"max-snippet:-1","max-image-preview":"max-image-preview:large","max-video-preview":"max-video-preview:-1"},"canonical":"https:\/\/admin.industriall-union.org\/es\/la-industriall-y-la-isp-firman-un-acuerdo-global-de-empleador-responsable-con-edf\/","og_locale":"es_ES","og_type":"article","og_title":"La IndustriALL y la ISP firman un acuerdo global de empleador responsable con EDF","og_description":"Jean-Bernard L\u00e9vy, director ejecutivo y presidente del Grupo EDF, y el secretario general de la IndustriALL, Valter Sanches, y Rosa Pavanelli, secretaria","og_url":"https:\/\/admin.industriall-union.org\/es\/la-industriall-y-la-isp-firman-un-acuerdo-global-de-empleador-responsable-con-edf\/","og_site_name":"industriall-union","article_modified_time":"2025-02-04T08:14:17+00:00","twitter_card":"summary_large_image","twitter_misc":{"Est. reading time":"3 minutes"},"schema":{"@context":"https:\/\/schema.org","@graph":[{"@type":"WebPage","@id":"https:\/\/admin.industriall-union.org\/es\/la-industriall-y-la-isp-firman-un-acuerdo-global-de-empleador-responsable-con-edf\/","url":"https:\/\/admin.industriall-union.org\/es\/la-industriall-y-la-isp-firman-un-acuerdo-global-de-empleador-responsable-con-edf\/","name":"La IndustriALL y la ISP firman un acuerdo global de empleador responsable con EDF - industriall-union","isPartOf":{"@id":"https:\/\/admin.industriall-union.org\/#website"},"datePublished":"2018-05-29T11:31:06+00:00","dateModified":"2025-02-04T08:14:17+00:00","description":"Jean-Bernard L\u00e9vy, director ejecutivo y presidente del Grupo EDF, y el secretario general de la IndustriALL, Valter Sanches, y Rosa Pavanelli, secretaria","breadcrumb":{"@id":"https:\/\/admin.industriall-union.org\/es\/la-industriall-y-la-isp-firman-un-acuerdo-global-de-empleador-responsable-con-edf\/#breadcrumb"},"inLanguage":"es-ES","potentialAction":[{"@type":"ReadAction","target":["https:\/\/admin.industriall-union.org\/es\/la-industriall-y-la-isp-firman-un-acuerdo-global-de-empleador-responsable-con-edf\/"]}]},{"@type":"BreadcrumbList","@id":"https:\/\/admin.industriall-union.org\/es\/la-industriall-y-la-isp-firman-un-acuerdo-global-de-empleador-responsable-con-edf\/#breadcrumb","itemListElement":[{"@type":"ListItem","position":1,"name":"Home","item":"https:\/\/admin.industriall-union.org\/"},{"@type":"ListItem","position":2,"name":"Articles","item":"https:\/\/admin.industriall-union.org\/article\/"},{"@type":"ListItem","position":3,"name":"La IndustriALL y la ISP firman un acuerdo global de empleador responsable con EDF"}]},{"@type":"WebSite","@id":"https:\/\/admin.industriall-union.org\/#website","url":"https:\/\/admin.industriall-union.org\/","name":"industriall-union","description":"","potentialAction":[{"@type":"SearchAction","target":{"@type":"EntryPoint","urlTemplate":"https:\/\/admin.industriall-union.org\/?s={search_term_string}"},"query-input":{"@type":"PropertyValueSpecification","valueRequired":true,"valueName":"search_term_string"}}],"inLanguage":"es-ES"}]}},"_links":{"self":[{"href":"https:\/\/admin.industriall-union.org\/es\/wp-json\/wp\/v2\/article\/162219","targetHints":{"allow":["GET"]}}],"collection":[{"href":"https:\/\/admin.industriall-union.org\/es\/wp-json\/wp\/v2\/article"}],"about":[{"href":"https:\/\/admin.industriall-union.org\/es\/wp-json\/wp\/v2\/types\/article"}],"wp:attachment":[{"href":"https:\/\/admin.industriall-union.org\/es\/wp-json\/wp\/v2\/media?parent=162219"}],"wp:term":[{"taxonomy":"issues","embeddable":true,"href":"https:\/\/admin.industriall-union.org\/es\/wp-json\/wp\/v2\/issues?post=162219"},{"taxonomy":"companies","embeddable":true,"href":"https:\/\/admin.industriall-union.org\/es\/wp-json\/wp\/v2\/companies?post=162219"},{"taxonomy":"regions","embeddable":true,"href":"https:\/\/admin.industriall-union.org\/es\/wp-json\/wp\/v2\/regions?post=162219"},{"taxonomy":"sectors","embeddable":true,"href":"https:\/\/admin.industriall-union.org\/es\/wp-json\/wp\/v2\/sectors?post=162219"},{"taxonomy":"article_tags","embeddable":true,"href":"https:\/\/admin.industriall-union.org\/es\/wp-json\/wp\/v2\/article_tags?post=162219"}],"curies":[{"name":"wp","href":"https:\/\/api.w.org\/{rel}","templated":true}]}}