{"id":161695,"date":"2018-09-13T12:06:45","date_gmt":"2018-09-13T12:06:45","guid":{"rendered":"https:\/\/admin.industriall-union.org\/aunque-arcelormittal-ofrece-un-dialogo-positivo-con-los-mineros-continuan-los-problemas-en-la-cei\/"},"modified":"2025-02-04T03:53:53","modified_gmt":"2025-02-04T03:53:53","slug":"aunque-arcelormittal-ofrece-un-dialogo-positivo-con-los-mineros-continuan-los-problemas-en-la-cei","status":"publish","type":"article","link":"https:\/\/admin.industriall-union.org\/es\/aunque-arcelormittal-ofrece-un-dialogo-positivo-con-los-mineros-continuan-los-problemas-en-la-cei\/","title":{"rendered":"Aunque ArcelorMittal ofrece un di\u00e1logo positivo con los mineros, contin\u00faan los problemas en la CEI"},"content":{"rendered":"<p>En una <a href=\"http:\/\/www.industriall-union.org\/es\/los-sindicatos-forman-una-red-mundial-y-tratan-de-ampliar-la-asociacion-con-arcelormittal\">reuni\u00f3n mundial de sindicatos de ArcelorMittal realizada en Luxemburgo en julio<\/a>, se acord\u00f3 llevar a cabo esta mencionada asamblea regional en Kiev, del 4 al 5 de septiembre; esta reuni\u00f3n regional se origin\u00f3 despu\u00e9s de que PMGU y KVPU, sindicatos de Ucrania afiliados a IndustriALL Global Union, y Kazprofmet, afiliado de Kazajst\u00e1n, informaran sobre las pr\u00e1cticas antisindicales de la empresa. En los \u00faltimos 12 meses, se han registrado huelgas en las operaciones de ArcelorMittal en Ucrania y Kazajst\u00e1n.<\/p><p>ArcelorMittal tiene 37.800 empleados y trabajadores\/as subcontratados en Kazajst\u00e1n y 29.100 empleados y subcontratados en Ucrania. En Kazajst\u00e1n, cuenta con una planta sider\u00fargica en Temirtau, junto con minas de mineral de hierro y carb\u00f3n en la regi\u00f3n circundante. En Ucrania, tiene una planta sider\u00fargica y minas de mineral de hierro en Kryviy Rih.<\/p><p>Desde 2017, los sindicatos PMGU y KVPU vienen realizando una <a href=\"http:\/\/www.industriall-union.org\/es\/ucrania-los-trabajadores-de-arcelormittal-luchan-por-sus-derechos\">campa\u00f1a para obtener un nuevo convenio colectivo<\/a>, pero el Director de Recursos Humanos de ArcelorMittal Ucrania intervino con el fin de socavar la lucha de los trabajadores\/as.<\/p><p>Natalia Marinyuk, Presidenta del comit\u00e9 sindical del PMGU en ArcelorMittal Kryvyi Rih Ucrania, se\u00f1al\u00f3 al respecto:<\/p><blockquote><p>&ldquo;Despu\u00e9s de nuestra reuni\u00f3n sindical mundial en Luxemburgo y el di\u00e1logo con la administraci\u00f3n global de ArcelorMittal, hemos tenido un di\u00e1logo positivo con la compa\u00f1\u00eda. El Director de Recursos Humanos de Ucrania ya no participa en nuestras negociaciones y la compa\u00f1\u00eda ha respondido a nuestras solicitudes de informaci\u00f3n. La compa\u00f1\u00eda suspendi\u00f3 la campa\u00f1a de difusi\u00f3n de informaci\u00f3n falsa sobre el sindicato&rdquo;.<\/p><\/blockquote><p>Sin embargo, los dirigentes de Kazprofmet dijeron que todav\u00eda no se nota este cambio positivo en ArcelorMittal en Kazajst\u00e1n. Informaron que ArcelorMittal no ha implementado en su totalidad el aumento salarial del 30% que hab\u00eda acordado otorgar a los mineros que trabajan bajo tierra con el fin de resolver <a href=\"http:\/\/www.industriall-union.org\/es\/los-mineros-del-carbon-de-arcelormittal-temirtau-suben-a-la-superficie\">una huelga que se hab\u00eda declarado el a\u00f1o pasado<\/a>.<\/p><p>El Director General de ArcelorMittal para la CEI, Paramjit Kahlon, por solicitud de IndustriALL, hizo uso de la palabra en la reuni\u00f3n, despu\u00e9s de lo cual los sindicalistas presentes tuvieron la oportunidad de plantear sus preocupaciones.<\/p><p>Kahlon se refiri\u00f3 a los problemas que las operaciones enfrentan en esa regi\u00f3n. Tambi\u00e9n manifest\u00f3 el compromiso de ArcelorMittal de cumplir con elevadas normas de salud y seguridad, y de avanzar colaborando con los sindicatos, adem\u00e1s de su disposici\u00f3n personal de trabajar con los sindicatos en la regi\u00f3n.<\/p><p>Los delegados sindicales de Ucrania informaron que la administraci\u00f3n de ArcelorMittal atiende sus preocupaciones por cuestiones de salud y seguridad y ofrece comit\u00e9s conjuntos de salud y seguridad que funcionan bien. Por el contrario, Kazprofmet dijo que en las minas de ArcelorMittal en Kazajst\u00e1n no hay comit\u00e9s conjuntos de salud y seguridad.<\/p><p>Los sindicatos se comprometieron un\u00e1nimemente a continuar trabajando en forma conjunta como red regional dentro de la red sindical mundial de ArcelorMittal. Marinyuk aprovechar\u00e1 su esca\u00f1o en el comit\u00e9 mundial conjunto de salud y seguridad de ArcelorMittal para plantear las cuestiones de preocupaci\u00f3n de la regi\u00f3n.<\/p><p>Por su parte, Kemal \u00d6zkan, Secretario General Adjunto de IndustriALL, afirm\u00f3:<\/p><blockquote><p>&ldquo;IndustriALL felicita al PMGU, KVPU y Kazprofmet por haber creado una red sindical regional en ArcelorMittal. IndustriALL se compromete a apoyar esta red. Tambi\u00e9n aplaudimos a ArcelorMittal por su asociaci\u00f3n con IndustriALL en esta reuni\u00f3n y por comenzar a trabajar para resolver algunos de la gran cantidad de problemas de las relaciones industriales en la regi\u00f3n. Esperamos hacer cada vez m\u00e1s fuerte esta asociaci\u00f3n&rdquo;.<\/p><\/blockquote>","protected":false},"featured_media":0,"template":"","issues":[],"companies":[12],"regions":[225,252],"sectors":[481],"article_tags":[],"class_list":["post-161695","article","type-article","status-publish","hentry","companies-arcelormittal","regions-kazakhstan","regions-ukraine","sectors-base-metals"],"acf":[],"yoast_head":"<!-- This site is optimized with the Yoast SEO Premium plugin v27.1 (Yoast SEO v27.1) - https:\/\/yoast.com\/product\/yoast-seo-premium-wordpress\/ -->\n<title>Aunque ArcelorMittal ofrece un di\u00e1logo positivo con los mineros, contin\u00faan los problemas en la CEI - industriall-union<\/title>\n<meta name=\"description\" content=\"En una reuni\u00f3n mundial de sindicatos de ArcelorMittal realizada en Luxemburgo en julio, se acord\u00f3 llevar a cabo esta mencionada asamblea regional en Kiev,\" \/>\n<meta name=\"robots\" content=\"index, follow, max-snippet:-1, max-image-preview:large, max-video-preview:-1\" \/>\n<link rel=\"canonical\" href=\"https:\/\/admin.industriall-union.org\/es\/aunque-arcelormittal-ofrece-un-dialogo-positivo-con-los-mineros-continuan-los-problemas-en-la-cei\/\" \/>\n<meta property=\"og:locale\" content=\"es_ES\" \/>\n<meta property=\"og:type\" content=\"article\" \/>\n<meta property=\"og:title\" content=\"Aunque ArcelorMittal ofrece un di\u00e1logo positivo con los mineros, contin\u00faan los problemas en la CEI\" \/>\n<meta property=\"og:description\" content=\"En una reuni\u00f3n mundial de sindicatos de ArcelorMittal realizada en Luxemburgo en julio, se acord\u00f3 llevar a cabo esta mencionada asamblea regional en Kiev,\" \/>\n<meta property=\"og:url\" content=\"https:\/\/admin.industriall-union.org\/es\/aunque-arcelormittal-ofrece-un-dialogo-positivo-con-los-mineros-continuan-los-problemas-en-la-cei\/\" \/>\n<meta property=\"og:site_name\" content=\"industriall-union\" \/>\n<meta property=\"article:modified_time\" content=\"2025-02-04T03:53:53+00:00\" \/>\n<meta name=\"twitter:card\" content=\"summary_large_image\" \/>\n<meta name=\"twitter:label1\" content=\"Est. reading time\" \/>\n\t<meta name=\"twitter:data1\" content=\"3 minutes\" \/>\n<script type=\"application\/ld+json\" class=\"yoast-schema-graph\">{\"@context\":\"https:\/\/schema.org\",\"@graph\":[{\"@type\":\"WebPage\",\"@id\":\"https:\/\/admin.industriall-union.org\/es\/aunque-arcelormittal-ofrece-un-dialogo-positivo-con-los-mineros-continuan-los-problemas-en-la-cei\/\",\"url\":\"https:\/\/admin.industriall-union.org\/es\/aunque-arcelormittal-ofrece-un-dialogo-positivo-con-los-mineros-continuan-los-problemas-en-la-cei\/\",\"name\":\"Aunque ArcelorMittal ofrece un di\u00e1logo positivo con los mineros, contin\u00faan los problemas en la CEI - industriall-union\",\"isPartOf\":{\"@id\":\"https:\/\/admin.industriall-union.org\/#website\"},\"datePublished\":\"2018-09-13T12:06:45+00:00\",\"dateModified\":\"2025-02-04T03:53:53+00:00\",\"description\":\"En una reuni\u00f3n mundial de sindicatos de ArcelorMittal realizada en Luxemburgo en julio, se acord\u00f3 llevar a cabo esta mencionada asamblea regional en Kiev,\",\"breadcrumb\":{\"@id\":\"https:\/\/admin.industriall-union.org\/es\/aunque-arcelormittal-ofrece-un-dialogo-positivo-con-los-mineros-continuan-los-problemas-en-la-cei\/#breadcrumb\"},\"inLanguage\":\"es-ES\",\"potentialAction\":[{\"@type\":\"ReadAction\",\"target\":[\"https:\/\/admin.industriall-union.org\/es\/aunque-arcelormittal-ofrece-un-dialogo-positivo-con-los-mineros-continuan-los-problemas-en-la-cei\/\"]}]},{\"@type\":\"BreadcrumbList\",\"@id\":\"https:\/\/admin.industriall-union.org\/es\/aunque-arcelormittal-ofrece-un-dialogo-positivo-con-los-mineros-continuan-los-problemas-en-la-cei\/#breadcrumb\",\"itemListElement\":[{\"@type\":\"ListItem\",\"position\":1,\"name\":\"Home\",\"item\":\"https:\/\/admin.industriall-union.org\/\"},{\"@type\":\"ListItem\",\"position\":2,\"name\":\"Articles\",\"item\":\"https:\/\/admin.industriall-union.org\/article\/\"},{\"@type\":\"ListItem\",\"position\":3,\"name\":\"Aunque ArcelorMittal ofrece un di\u00e1logo positivo con los mineros, contin\u00faan los problemas en la CEI\"}]},{\"@type\":\"WebSite\",\"@id\":\"https:\/\/admin.industriall-union.org\/#website\",\"url\":\"https:\/\/admin.industriall-union.org\/\",\"name\":\"industriall-union\",\"description\":\"\",\"potentialAction\":[{\"@type\":\"SearchAction\",\"target\":{\"@type\":\"EntryPoint\",\"urlTemplate\":\"https:\/\/admin.industriall-union.org\/?s={search_term_string}\"},\"query-input\":{\"@type\":\"PropertyValueSpecification\",\"valueRequired\":true,\"valueName\":\"search_term_string\"}}],\"inLanguage\":\"es-ES\"}]}<\/script>\n<!-- \/ Yoast SEO Premium plugin. -->","yoast_head_json":{"title":"Aunque ArcelorMittal ofrece un di\u00e1logo positivo con los mineros, contin\u00faan los problemas en la CEI - industriall-union","description":"En una reuni\u00f3n mundial de sindicatos de ArcelorMittal realizada en Luxemburgo en julio, se acord\u00f3 llevar a cabo esta mencionada asamblea regional en Kiev,","robots":{"index":"index","follow":"follow","max-snippet":"max-snippet:-1","max-image-preview":"max-image-preview:large","max-video-preview":"max-video-preview:-1"},"canonical":"https:\/\/admin.industriall-union.org\/es\/aunque-arcelormittal-ofrece-un-dialogo-positivo-con-los-mineros-continuan-los-problemas-en-la-cei\/","og_locale":"es_ES","og_type":"article","og_title":"Aunque ArcelorMittal ofrece un di\u00e1logo positivo con los mineros, contin\u00faan los problemas en la CEI","og_description":"En una reuni\u00f3n mundial de sindicatos de ArcelorMittal realizada en Luxemburgo en julio, se acord\u00f3 llevar a cabo esta mencionada asamblea regional en Kiev,","og_url":"https:\/\/admin.industriall-union.org\/es\/aunque-arcelormittal-ofrece-un-dialogo-positivo-con-los-mineros-continuan-los-problemas-en-la-cei\/","og_site_name":"industriall-union","article_modified_time":"2025-02-04T03:53:53+00:00","twitter_card":"summary_large_image","twitter_misc":{"Est. reading time":"3 minutes"},"schema":{"@context":"https:\/\/schema.org","@graph":[{"@type":"WebPage","@id":"https:\/\/admin.industriall-union.org\/es\/aunque-arcelormittal-ofrece-un-dialogo-positivo-con-los-mineros-continuan-los-problemas-en-la-cei\/","url":"https:\/\/admin.industriall-union.org\/es\/aunque-arcelormittal-ofrece-un-dialogo-positivo-con-los-mineros-continuan-los-problemas-en-la-cei\/","name":"Aunque ArcelorMittal ofrece un di\u00e1logo positivo con los mineros, contin\u00faan los problemas en la CEI - industriall-union","isPartOf":{"@id":"https:\/\/admin.industriall-union.org\/#website"},"datePublished":"2018-09-13T12:06:45+00:00","dateModified":"2025-02-04T03:53:53+00:00","description":"En una reuni\u00f3n mundial de sindicatos de ArcelorMittal realizada en Luxemburgo en julio, se acord\u00f3 llevar a cabo esta mencionada asamblea regional en Kiev,","breadcrumb":{"@id":"https:\/\/admin.industriall-union.org\/es\/aunque-arcelormittal-ofrece-un-dialogo-positivo-con-los-mineros-continuan-los-problemas-en-la-cei\/#breadcrumb"},"inLanguage":"es-ES","potentialAction":[{"@type":"ReadAction","target":["https:\/\/admin.industriall-union.org\/es\/aunque-arcelormittal-ofrece-un-dialogo-positivo-con-los-mineros-continuan-los-problemas-en-la-cei\/"]}]},{"@type":"BreadcrumbList","@id":"https:\/\/admin.industriall-union.org\/es\/aunque-arcelormittal-ofrece-un-dialogo-positivo-con-los-mineros-continuan-los-problemas-en-la-cei\/#breadcrumb","itemListElement":[{"@type":"ListItem","position":1,"name":"Home","item":"https:\/\/admin.industriall-union.org\/"},{"@type":"ListItem","position":2,"name":"Articles","item":"https:\/\/admin.industriall-union.org\/article\/"},{"@type":"ListItem","position":3,"name":"Aunque ArcelorMittal ofrece un di\u00e1logo positivo con los mineros, contin\u00faan los problemas en la CEI"}]},{"@type":"WebSite","@id":"https:\/\/admin.industriall-union.org\/#website","url":"https:\/\/admin.industriall-union.org\/","name":"industriall-union","description":"","potentialAction":[{"@type":"SearchAction","target":{"@type":"EntryPoint","urlTemplate":"https:\/\/admin.industriall-union.org\/?s={search_term_string}"},"query-input":{"@type":"PropertyValueSpecification","valueRequired":true,"valueName":"search_term_string"}}],"inLanguage":"es-ES"}]}},"_links":{"self":[{"href":"https:\/\/admin.industriall-union.org\/es\/wp-json\/wp\/v2\/article\/161695","targetHints":{"allow":["GET"]}}],"collection":[{"href":"https:\/\/admin.industriall-union.org\/es\/wp-json\/wp\/v2\/article"}],"about":[{"href":"https:\/\/admin.industriall-union.org\/es\/wp-json\/wp\/v2\/types\/article"}],"wp:attachment":[{"href":"https:\/\/admin.industriall-union.org\/es\/wp-json\/wp\/v2\/media?parent=161695"}],"wp:term":[{"taxonomy":"issues","embeddable":true,"href":"https:\/\/admin.industriall-union.org\/es\/wp-json\/wp\/v2\/issues?post=161695"},{"taxonomy":"companies","embeddable":true,"href":"https:\/\/admin.industriall-union.org\/es\/wp-json\/wp\/v2\/companies?post=161695"},{"taxonomy":"regions","embeddable":true,"href":"https:\/\/admin.industriall-union.org\/es\/wp-json\/wp\/v2\/regions?post=161695"},{"taxonomy":"sectors","embeddable":true,"href":"https:\/\/admin.industriall-union.org\/es\/wp-json\/wp\/v2\/sectors?post=161695"},{"taxonomy":"article_tags","embeddable":true,"href":"https:\/\/admin.industriall-union.org\/es\/wp-json\/wp\/v2\/article_tags?post=161695"}],"curies":[{"name":"wp","href":"https:\/\/api.w.org\/{rel}","templated":true}]}}