{"id":161669,"date":"2018-09-19T15:02:57","date_gmt":"2018-09-19T15:02:57","guid":{"rendered":"https:\/\/admin.industriall-union.org\/los-trabajadores-siderurgicos-italianos-validan-el-acuerdo-con-arcelormittal\/"},"modified":"2025-02-04T03:40:53","modified_gmt":"2025-02-04T03:40:53","slug":"los-trabajadores-siderurgicos-italianos-validan-el-acuerdo-con-arcelormittal","status":"publish","type":"article","link":"https:\/\/admin.industriall-union.org\/es\/los-trabajadores-siderurgicos-italianos-validan-el-acuerdo-con-arcelormittal\/","title":{"rendered":"Los trabajadores sider\u00fargicos italianos validan el acuerdo con ArcelorMittal"},"content":{"rendered":"<p>En la \u00faltima semana hubo asambleas en las que participaron todos los trabajadores del grupo. En ellas, los trabajadores fueron informados del contenido del acuerdo y votaron a favor de su ratificaci\u00f3n. En gran medida, los trabajadores votaron la concertaci\u00f3n de un acuerdo con la empresa, que si se aceptara podr\u00eda permitir la adquisici\u00f3n y el inmediato funcionamiento de la planta.<\/p><p>En total, Fim-Cisl, Fiom-Cgil y Uilm-Uil, que representan a unos 14.000 trabajadores del Grupo Ilva en Italia, organiz\u00f3 44 asambleas en todos los lugares, respectivamente: 32 en Taranto, 3 en G\u00e9nova, 4 en Novi Ligure, y uno en cada uno de los establecimientos de Marghera, Salerno, Padua, Milan y Racconigi.<\/p><p>En su declaraci\u00f3n conjunta, los sindicatos dijeron:<\/p><blockquote><p>&ldquo;Expresamos gran satisfacci\u00f3n por el resultado obtenido, y los trabajadores aprobaron el acuerdo. Seis a\u00f1os despu\u00e9s de la toma de la zona caliente, 12 decretos para salvar Ilva y docenas de huelgas, con la aprobaci\u00f3n del acuerdo por los trabajadores queda resuelto uno de los conflictos m\u00e1s complejos de nuestro pa\u00eds.&quot;<\/p><\/blockquote><p>En el acuerdo se prev\u00e9n inversiones por valor de 4.200 millones de euros para reactivar la industria sider\u00fargica: 1.250 millones de euros con fines industriales, l,150 millones de euros en el medio ambiente, y 1.800 millones de euros como parte de la adquisici\u00f3n. Adem\u00e1s, el Gobierno utilizar\u00e1 1.200 millones de euros <u><a href=\"http:\/\/www.gruppoilva.com\/en\/press-release\/2016-12-02\/agreement-defined-riva-family-membersc\">incautados al propietario anterior, Grupo Riva<\/a><\/u><u>,<\/u> en un programa de descontaminaci\u00f3n y mejora del medio ambiente en la planta de Taranto. Debido a problemas ambientales y tras la anunciada incautaci\u00f3n de los recursos, el Grupo Ilva, y en particular la planta de Taranto, estaban en peligro desde julio de 2012.<\/p><p>Los sindicatos prometieron &quot;seguir de cerca los progresos de la labor ambiental y la seguridad de las plantas, comenzando por la de Taranto, y ver el momento adecuado de ejecutar el plan para lograr el pleno empleo lo antes posible&quot;.<\/p><p>La empresa sider\u00fargica se ha comprometido a emplear inicialmente a 10.700 trabajadores.&nbsp; Los sindicatos explicaron que, aseg\u00fan los t\u00e9rminos del acuerdo, no se prev\u00e9n recortes de empleos. A los trabajadores que no sean ocupados inmediatamente, o que se acojan a los programas de cese voluntario o de redistribuci\u00f3n, se les ofrecer\u00e1&nbsp; empleo antes de 2023, cuando termine el programa de descontaminaci\u00f3n. Los pocos miles de trabajadores excedentes ser\u00e1n empleados mediante el programa de descontaminaci\u00f3n.<\/p><p>Sin embargo, este acuerdo no resolver\u00e1 todos los problemas. Sobre la base de la legislaci\u00f3n antimonopolio europea, ArcelorMittal se desprender\u00e1 de varias de sus plantas m\u00e1s peque\u00f1as en Europa, situadas en Galati (Ruman\u00eda), Ostrava (Rep\u00fablica Checa), Skopje (Macedonia), Piombino (Italia), Dudelange (Luxemburgo) y Lieja (B\u00e9lgica).<\/p><p>Valter Sanches, secretario general de la IndustriALL, dice:<\/p><blockquote><p>Felicitamos a nuestros compa\u00f1eros y compa\u00f1eras italianos por la favorable soluci\u00f3n de este largo conflicto. Es una victoria para todos nosotros. Tambi\u00e9n nos complace dar la bienvenida a los trabajadores sider\u00fargicos de Ilva que se unen a la red sindical mundial de ArcelorMittal, lo que les permite disponer de m\u00e1s consultor\u00eda, informaci\u00f3n y posibilidades de influir en la pol\u00edtica de su empresa. Por otra parte, instamos a ArcelorMittal y a la Comisi\u00f3n Europea a concertarse con los sindicatos respectivos, para proteger plenamente los derechos y los intereses de los trabajadores de las instalaciones cedidas.&quot;<\/p><\/blockquote>","protected":false},"featured_media":0,"template":"","issues":[398],"companies":[12],"regions":[224],"sectors":[481],"article_tags":[],"class_list":["post-161669","article","type-article","status-publish","hentry","issues-union-win","companies-arcelormittal","regions-italy","sectors-base-metals"],"acf":[],"yoast_head":"<!-- This site is optimized with the Yoast SEO Premium plugin v27.1 (Yoast SEO v27.1) - https:\/\/yoast.com\/product\/yoast-seo-premium-wordpress\/ -->\n<title>Los trabajadores sider\u00fargicos italianos validan el acuerdo con ArcelorMittal - industriall-union<\/title>\n<meta name=\"description\" content=\"En la \u00faltima semana hubo asambleas en las que participaron todos los trabajadores del grupo. En ellas, los trabajadores fueron informados del contenido\" \/>\n<meta name=\"robots\" content=\"index, follow, max-snippet:-1, max-image-preview:large, max-video-preview:-1\" \/>\n<link rel=\"canonical\" href=\"https:\/\/admin.industriall-union.org\/es\/los-trabajadores-siderurgicos-italianos-validan-el-acuerdo-con-arcelormittal\/\" \/>\n<meta property=\"og:locale\" content=\"es_ES\" \/>\n<meta property=\"og:type\" content=\"article\" \/>\n<meta property=\"og:title\" content=\"Los trabajadores sider\u00fargicos italianos validan el acuerdo con ArcelorMittal\" \/>\n<meta property=\"og:description\" content=\"En la \u00faltima semana hubo asambleas en las que participaron todos los trabajadores del grupo. En ellas, los trabajadores fueron informados del contenido\" \/>\n<meta property=\"og:url\" content=\"https:\/\/admin.industriall-union.org\/es\/los-trabajadores-siderurgicos-italianos-validan-el-acuerdo-con-arcelormittal\/\" \/>\n<meta property=\"og:site_name\" content=\"industriall-union\" \/>\n<meta property=\"article:modified_time\" content=\"2025-02-04T03:40:53+00:00\" \/>\n<meta name=\"twitter:card\" content=\"summary_large_image\" \/>\n<meta name=\"twitter:label1\" content=\"Est. reading time\" \/>\n\t<meta name=\"twitter:data1\" content=\"3 minutes\" \/>\n<script type=\"application\/ld+json\" class=\"yoast-schema-graph\">{\"@context\":\"https:\/\/schema.org\",\"@graph\":[{\"@type\":\"WebPage\",\"@id\":\"https:\/\/admin.industriall-union.org\/es\/los-trabajadores-siderurgicos-italianos-validan-el-acuerdo-con-arcelormittal\/\",\"url\":\"https:\/\/admin.industriall-union.org\/es\/los-trabajadores-siderurgicos-italianos-validan-el-acuerdo-con-arcelormittal\/\",\"name\":\"Los trabajadores sider\u00fargicos italianos validan el acuerdo con ArcelorMittal - industriall-union\",\"isPartOf\":{\"@id\":\"https:\/\/admin.industriall-union.org\/#website\"},\"datePublished\":\"2018-09-19T15:02:57+00:00\",\"dateModified\":\"2025-02-04T03:40:53+00:00\",\"description\":\"En la \u00faltima semana hubo asambleas en las que participaron todos los trabajadores del grupo. En ellas, los trabajadores fueron informados del contenido\",\"breadcrumb\":{\"@id\":\"https:\/\/admin.industriall-union.org\/es\/los-trabajadores-siderurgicos-italianos-validan-el-acuerdo-con-arcelormittal\/#breadcrumb\"},\"inLanguage\":\"es-ES\",\"potentialAction\":[{\"@type\":\"ReadAction\",\"target\":[\"https:\/\/admin.industriall-union.org\/es\/los-trabajadores-siderurgicos-italianos-validan-el-acuerdo-con-arcelormittal\/\"]}]},{\"@type\":\"BreadcrumbList\",\"@id\":\"https:\/\/admin.industriall-union.org\/es\/los-trabajadores-siderurgicos-italianos-validan-el-acuerdo-con-arcelormittal\/#breadcrumb\",\"itemListElement\":[{\"@type\":\"ListItem\",\"position\":1,\"name\":\"Home\",\"item\":\"https:\/\/admin.industriall-union.org\/\"},{\"@type\":\"ListItem\",\"position\":2,\"name\":\"Articles\",\"item\":\"https:\/\/admin.industriall-union.org\/article\/\"},{\"@type\":\"ListItem\",\"position\":3,\"name\":\"Los trabajadores sider\u00fargicos italianos validan el acuerdo con ArcelorMittal\"}]},{\"@type\":\"WebSite\",\"@id\":\"https:\/\/admin.industriall-union.org\/#website\",\"url\":\"https:\/\/admin.industriall-union.org\/\",\"name\":\"industriall-union\",\"description\":\"\",\"potentialAction\":[{\"@type\":\"SearchAction\",\"target\":{\"@type\":\"EntryPoint\",\"urlTemplate\":\"https:\/\/admin.industriall-union.org\/?s={search_term_string}\"},\"query-input\":{\"@type\":\"PropertyValueSpecification\",\"valueRequired\":true,\"valueName\":\"search_term_string\"}}],\"inLanguage\":\"es-ES\"}]}<\/script>\n<!-- \/ Yoast SEO Premium plugin. -->","yoast_head_json":{"title":"Los trabajadores sider\u00fargicos italianos validan el acuerdo con ArcelorMittal - industriall-union","description":"En la \u00faltima semana hubo asambleas en las que participaron todos los trabajadores del grupo. En ellas, los trabajadores fueron informados del contenido","robots":{"index":"index","follow":"follow","max-snippet":"max-snippet:-1","max-image-preview":"max-image-preview:large","max-video-preview":"max-video-preview:-1"},"canonical":"https:\/\/admin.industriall-union.org\/es\/los-trabajadores-siderurgicos-italianos-validan-el-acuerdo-con-arcelormittal\/","og_locale":"es_ES","og_type":"article","og_title":"Los trabajadores sider\u00fargicos italianos validan el acuerdo con ArcelorMittal","og_description":"En la \u00faltima semana hubo asambleas en las que participaron todos los trabajadores del grupo. En ellas, los trabajadores fueron informados del contenido","og_url":"https:\/\/admin.industriall-union.org\/es\/los-trabajadores-siderurgicos-italianos-validan-el-acuerdo-con-arcelormittal\/","og_site_name":"industriall-union","article_modified_time":"2025-02-04T03:40:53+00:00","twitter_card":"summary_large_image","twitter_misc":{"Est. reading time":"3 minutes"},"schema":{"@context":"https:\/\/schema.org","@graph":[{"@type":"WebPage","@id":"https:\/\/admin.industriall-union.org\/es\/los-trabajadores-siderurgicos-italianos-validan-el-acuerdo-con-arcelormittal\/","url":"https:\/\/admin.industriall-union.org\/es\/los-trabajadores-siderurgicos-italianos-validan-el-acuerdo-con-arcelormittal\/","name":"Los trabajadores sider\u00fargicos italianos validan el acuerdo con ArcelorMittal - industriall-union","isPartOf":{"@id":"https:\/\/admin.industriall-union.org\/#website"},"datePublished":"2018-09-19T15:02:57+00:00","dateModified":"2025-02-04T03:40:53+00:00","description":"En la \u00faltima semana hubo asambleas en las que participaron todos los trabajadores del grupo. En ellas, los trabajadores fueron informados del contenido","breadcrumb":{"@id":"https:\/\/admin.industriall-union.org\/es\/los-trabajadores-siderurgicos-italianos-validan-el-acuerdo-con-arcelormittal\/#breadcrumb"},"inLanguage":"es-ES","potentialAction":[{"@type":"ReadAction","target":["https:\/\/admin.industriall-union.org\/es\/los-trabajadores-siderurgicos-italianos-validan-el-acuerdo-con-arcelormittal\/"]}]},{"@type":"BreadcrumbList","@id":"https:\/\/admin.industriall-union.org\/es\/los-trabajadores-siderurgicos-italianos-validan-el-acuerdo-con-arcelormittal\/#breadcrumb","itemListElement":[{"@type":"ListItem","position":1,"name":"Home","item":"https:\/\/admin.industriall-union.org\/"},{"@type":"ListItem","position":2,"name":"Articles","item":"https:\/\/admin.industriall-union.org\/article\/"},{"@type":"ListItem","position":3,"name":"Los trabajadores sider\u00fargicos italianos validan el acuerdo con ArcelorMittal"}]},{"@type":"WebSite","@id":"https:\/\/admin.industriall-union.org\/#website","url":"https:\/\/admin.industriall-union.org\/","name":"industriall-union","description":"","potentialAction":[{"@type":"SearchAction","target":{"@type":"EntryPoint","urlTemplate":"https:\/\/admin.industriall-union.org\/?s={search_term_string}"},"query-input":{"@type":"PropertyValueSpecification","valueRequired":true,"valueName":"search_term_string"}}],"inLanguage":"es-ES"}]}},"_links":{"self":[{"href":"https:\/\/admin.industriall-union.org\/es\/wp-json\/wp\/v2\/article\/161669","targetHints":{"allow":["GET"]}}],"collection":[{"href":"https:\/\/admin.industriall-union.org\/es\/wp-json\/wp\/v2\/article"}],"about":[{"href":"https:\/\/admin.industriall-union.org\/es\/wp-json\/wp\/v2\/types\/article"}],"wp:attachment":[{"href":"https:\/\/admin.industriall-union.org\/es\/wp-json\/wp\/v2\/media?parent=161669"}],"wp:term":[{"taxonomy":"issues","embeddable":true,"href":"https:\/\/admin.industriall-union.org\/es\/wp-json\/wp\/v2\/issues?post=161669"},{"taxonomy":"companies","embeddable":true,"href":"https:\/\/admin.industriall-union.org\/es\/wp-json\/wp\/v2\/companies?post=161669"},{"taxonomy":"regions","embeddable":true,"href":"https:\/\/admin.industriall-union.org\/es\/wp-json\/wp\/v2\/regions?post=161669"},{"taxonomy":"sectors","embeddable":true,"href":"https:\/\/admin.industriall-union.org\/es\/wp-json\/wp\/v2\/sectors?post=161669"},{"taxonomy":"article_tags","embeddable":true,"href":"https:\/\/admin.industriall-union.org\/es\/wp-json\/wp\/v2\/article_tags?post=161669"}],"curies":[{"name":"wp","href":"https:\/\/api.w.org\/{rel}","templated":true}]}}