{"id":161502,"date":"2018-10-04T11:49:59","date_gmt":"2018-10-04T11:49:59","guid":{"rendered":"https:\/\/admin.industriall-union.org\/los-sindicatos-se-unen-para-defender-los-derechos-de-los-trabajadores\/"},"modified":"2025-02-04T02:45:01","modified_gmt":"2025-02-04T02:45:01","slug":"los-sindicatos-se-unen-para-defender-los-derechos-de-los-trabajadores","status":"publish","type":"article","link":"https:\/\/admin.industriall-union.org\/es\/los-sindicatos-se-unen-para-defender-los-derechos-de-los-trabajadores\/","title":{"rendered":"Los sindicatos se unen para defender los derechos de los trabajadores"},"content":{"rendered":"<p>La reuni\u00f3n fue una importante plataforma para intercambiar informaci\u00f3n y experiencias, con los participantes unidos en la defensa y la promoci\u00f3n de los derechos de los trabajadores. Se dedic\u00f3 un d\u00eda completo a debatir cuestiones de g\u00e9nero y la manera en que los sindicatos pueden trabajar juntos para mejorar los derechos y la participaci\u00f3n de las mujeres.<\/p><p>Al tratar de los acontecimientos desde la <a href=\"http:\/\/www.industriall-union.org\/es\/reunion-regional-de-sindicatos-en-armenia\">\u00faltima reuni\u00f3n en Yerevan (Armenia) en 2017<\/a>, muchos delegados hablaron de las dificultades que afrontan, como la disminuci\u00f3n de los niveles de vida, los bajos salarios y el ataque a los derechos sindicales.<\/p><ul><li>Hubo informes alarmantes sobre la degradaci\u00f3n de los derechos sindicales en Kazajst\u00e1n y Belar\u00fas.<\/li><li>Se inform\u00f3 de sucesos preocupantes en Kazajst\u00e1n sobre la libertad sindical y la intervenci\u00f3n directa del gobierno en los asuntos internos de los sindicatos.<\/li><li>En un intento de criminalizar la labor sindical, Gennady Fedynich e Ihar Komlik, dirigentes del afiliado a la IndustriALL Global Union el Sindicato de trabajadores de la industria radioel\u00e9ctrica y electr\u00f3nica de Belar\u00fas (REP) fueron&nbsp; <a href=\"http:\/\/www.industriall-union.org\/es\/belarus-dos-lideres-de-un-sindicato-independiente-condenados-a-pesar-de-la-falta-de-pruebas\">condenados por presunta evasi\u00f3n fiscal<\/a> en agosto. Fedynich pudo asistir a parte de la reuni\u00f3n por tel\u00e9fono, porque no puede salir del pa\u00eds.<\/li><li>Los sindicatos en Rusia est\u00e1n luchando desde el verano contra la anunciada subida de la edad de jubilaci\u00f3n. Rusia es el \u00faltimo pa\u00eds en el que las mujeres pueden jubilarse a los 55 a\u00f1os, y los hombres a los 60. La nueva edad de jubilaci\u00f3n se fija en 60 a\u00f1os para las mujeres y en 65 para los hombres.<\/li><li>En Georgia, los sindicatos&nbsp; utilizan mediadores como nueva forma de resolver los conflictos laborales.<\/li><li>La IndustriALL sigue apoyando campa\u00f1as de sindicaci\u00f3n en la regi\u00f3n, incluidos los esfuerzos de organizaci\u00f3n de los trabajadores en Kirguist\u00e1n, que tienen gran \u00e9xito.<\/li><\/ul><p>Kemal \u00d6zkan, secretario general adjunto de la IndustriALL, dijo:<\/p><p>&ldquo;Creo que han sido tres d\u00edas de trabajo muy provechosos y productivos. Al igual que en muchos otros pa\u00edses, los desaf\u00edos de nuestros afiliados son grandes, pero confiamos en poder hacerles frente.<\/p><p>Las alarmantes violaciones de los derechos de los sindicatos en Kazajst\u00e1n y Belar\u00fas son perturbadores, pero con el apoyo de nuestros afiliados mantenemos la solidaridad con nuestros compa\u00f1eros y compa\u00f1eras en esos pa\u00edses.&quot;<\/p><p>En el marco de una relaci\u00f3n m\u00e1s intensa entre los pa\u00edses de la regi\u00f3n y la Uni\u00f3n Europea (UE), el secretario general de la IndustriAll Europe, Luc Triangle, inform\u00f3 sobre la UE, sus instituciones y sus pol\u00edticas sociales.<\/p><p>Industria 4.0 tendr\u00e1 pronto un impacto en la regi\u00f3n, y los sindicatos se est\u00e1n preparando para los retos que afectar\u00e1n a la producci\u00f3n y al trabajo en las industrias que dominan las econom\u00edas en la regi\u00f3n.<\/p><p>El tercer d\u00eda de la reuni\u00f3n se dedic\u00f3 a la pol\u00edtica de g\u00e9nero y a las futuras acciones en la regi\u00f3n para aplicar las decisiones adoptadas en el Congreso de la IndustriALL en R\u00edo en 2016, de conformidad con lo cual &quot;todos los afiliados deben tratar de lograr una representaci\u00f3n m\u00ednima del 40 por ciento de mujeres en sus delegaciones&quot;. Los sindicatos aprovecharon la ocasi\u00f3n de que los hombres y mujeres se re\u00fanan para comprender mejor las dificultades que afrontan las mujeres en los sindicatos y en los lugares de trabajo. Los afiliados convinieron en que la mejor manera de conseguir mejoras es abordar los problemas a nivel de la direcci\u00f3n con la participaci\u00f3n de mujeres y hombres.<\/p><p>Jenny Holdcroft, secretaria general adjunta de la IndustriALL, dijo:<\/p><p>&ldquo;Ha sido un gran placer participar en un estimulante debate que ha puesto de relieve las diferentes perspectivas de los hombres y las mujeres sobre la situaci\u00f3n de las trabajadoras. Mediante debates como estos es como podremos llegar a una mejor comprensi\u00f3n com\u00fan para impulsar el cambio en nuestros sindicatos.&quot;<\/p>","protected":false},"featured_media":0,"template":"","issues":[396,391],"companies":[],"regions":[204,206,207,218,225,227,234,242,252],"sectors":[],"article_tags":[],"class_list":["post-161502","article","type-article","status-publish","hentry","issues-building-strong-unions","issues-industry-40","regions-armenia","regions-azerbaijan","regions-belarus","regions-georgia","regions-kazakhstan","regions-kyrgyzstan","regions-moldova","regions-russia","regions-ukraine"],"acf":[],"yoast_head":"<!-- This site is optimized with the Yoast SEO Premium plugin v27.1 (Yoast SEO v27.1) - https:\/\/yoast.com\/product\/yoast-seo-premium-wordpress\/ -->\n<title>Los sindicatos se unen para defender los derechos de los trabajadores - industriall-union<\/title>\n<meta name=\"description\" content=\"La reuni\u00f3n fue una importante plataforma para intercambiar informaci\u00f3n y experiencias, con los participantes unidos en la defensa y la promoci\u00f3n de los\" \/>\n<meta name=\"robots\" content=\"index, follow, max-snippet:-1, max-image-preview:large, max-video-preview:-1\" \/>\n<link rel=\"canonical\" href=\"https:\/\/admin.industriall-union.org\/es\/los-sindicatos-se-unen-para-defender-los-derechos-de-los-trabajadores\/\" \/>\n<meta property=\"og:locale\" content=\"es_ES\" \/>\n<meta property=\"og:type\" content=\"article\" \/>\n<meta property=\"og:title\" content=\"Los sindicatos se unen para defender los derechos de los trabajadores\" \/>\n<meta property=\"og:description\" content=\"La reuni\u00f3n fue una importante plataforma para intercambiar informaci\u00f3n y experiencias, con los participantes unidos en la defensa y la promoci\u00f3n de los\" \/>\n<meta property=\"og:url\" content=\"https:\/\/admin.industriall-union.org\/es\/los-sindicatos-se-unen-para-defender-los-derechos-de-los-trabajadores\/\" \/>\n<meta property=\"og:site_name\" content=\"industriall-union\" \/>\n<meta property=\"article:modified_time\" content=\"2025-02-04T02:45:01+00:00\" \/>\n<meta name=\"twitter:card\" content=\"summary_large_image\" \/>\n<meta name=\"twitter:label1\" content=\"Est. reading time\" \/>\n\t<meta name=\"twitter:data1\" content=\"3 minutes\" \/>\n<script type=\"application\/ld+json\" class=\"yoast-schema-graph\">{\"@context\":\"https:\/\/schema.org\",\"@graph\":[{\"@type\":\"WebPage\",\"@id\":\"https:\/\/admin.industriall-union.org\/es\/los-sindicatos-se-unen-para-defender-los-derechos-de-los-trabajadores\/\",\"url\":\"https:\/\/admin.industriall-union.org\/es\/los-sindicatos-se-unen-para-defender-los-derechos-de-los-trabajadores\/\",\"name\":\"Los sindicatos se unen para defender los derechos de los trabajadores - industriall-union\",\"isPartOf\":{\"@id\":\"https:\/\/admin.industriall-union.org\/#website\"},\"datePublished\":\"2018-10-04T11:49:59+00:00\",\"dateModified\":\"2025-02-04T02:45:01+00:00\",\"description\":\"La reuni\u00f3n fue una importante plataforma para intercambiar informaci\u00f3n y experiencias, con los participantes unidos en la defensa y la promoci\u00f3n de los\",\"breadcrumb\":{\"@id\":\"https:\/\/admin.industriall-union.org\/es\/los-sindicatos-se-unen-para-defender-los-derechos-de-los-trabajadores\/#breadcrumb\"},\"inLanguage\":\"es-ES\",\"potentialAction\":[{\"@type\":\"ReadAction\",\"target\":[\"https:\/\/admin.industriall-union.org\/es\/los-sindicatos-se-unen-para-defender-los-derechos-de-los-trabajadores\/\"]}]},{\"@type\":\"BreadcrumbList\",\"@id\":\"https:\/\/admin.industriall-union.org\/es\/los-sindicatos-se-unen-para-defender-los-derechos-de-los-trabajadores\/#breadcrumb\",\"itemListElement\":[{\"@type\":\"ListItem\",\"position\":1,\"name\":\"Home\",\"item\":\"https:\/\/admin.industriall-union.org\/\"},{\"@type\":\"ListItem\",\"position\":2,\"name\":\"Articles\",\"item\":\"https:\/\/admin.industriall-union.org\/article\/\"},{\"@type\":\"ListItem\",\"position\":3,\"name\":\"Los sindicatos se unen para defender los derechos de los trabajadores\"}]},{\"@type\":\"WebSite\",\"@id\":\"https:\/\/admin.industriall-union.org\/#website\",\"url\":\"https:\/\/admin.industriall-union.org\/\",\"name\":\"industriall-union\",\"description\":\"\",\"potentialAction\":[{\"@type\":\"SearchAction\",\"target\":{\"@type\":\"EntryPoint\",\"urlTemplate\":\"https:\/\/admin.industriall-union.org\/?s={search_term_string}\"},\"query-input\":{\"@type\":\"PropertyValueSpecification\",\"valueRequired\":true,\"valueName\":\"search_term_string\"}}],\"inLanguage\":\"es-ES\"}]}<\/script>\n<!-- \/ Yoast SEO Premium plugin. -->","yoast_head_json":{"title":"Los sindicatos se unen para defender los derechos de los trabajadores - industriall-union","description":"La reuni\u00f3n fue una importante plataforma para intercambiar informaci\u00f3n y experiencias, con los participantes unidos en la defensa y la promoci\u00f3n de los","robots":{"index":"index","follow":"follow","max-snippet":"max-snippet:-1","max-image-preview":"max-image-preview:large","max-video-preview":"max-video-preview:-1"},"canonical":"https:\/\/admin.industriall-union.org\/es\/los-sindicatos-se-unen-para-defender-los-derechos-de-los-trabajadores\/","og_locale":"es_ES","og_type":"article","og_title":"Los sindicatos se unen para defender los derechos de los trabajadores","og_description":"La reuni\u00f3n fue una importante plataforma para intercambiar informaci\u00f3n y experiencias, con los participantes unidos en la defensa y la promoci\u00f3n de los","og_url":"https:\/\/admin.industriall-union.org\/es\/los-sindicatos-se-unen-para-defender-los-derechos-de-los-trabajadores\/","og_site_name":"industriall-union","article_modified_time":"2025-02-04T02:45:01+00:00","twitter_card":"summary_large_image","twitter_misc":{"Est. reading time":"3 minutes"},"schema":{"@context":"https:\/\/schema.org","@graph":[{"@type":"WebPage","@id":"https:\/\/admin.industriall-union.org\/es\/los-sindicatos-se-unen-para-defender-los-derechos-de-los-trabajadores\/","url":"https:\/\/admin.industriall-union.org\/es\/los-sindicatos-se-unen-para-defender-los-derechos-de-los-trabajadores\/","name":"Los sindicatos se unen para defender los derechos de los trabajadores - industriall-union","isPartOf":{"@id":"https:\/\/admin.industriall-union.org\/#website"},"datePublished":"2018-10-04T11:49:59+00:00","dateModified":"2025-02-04T02:45:01+00:00","description":"La reuni\u00f3n fue una importante plataforma para intercambiar informaci\u00f3n y experiencias, con los participantes unidos en la defensa y la promoci\u00f3n de los","breadcrumb":{"@id":"https:\/\/admin.industriall-union.org\/es\/los-sindicatos-se-unen-para-defender-los-derechos-de-los-trabajadores\/#breadcrumb"},"inLanguage":"es-ES","potentialAction":[{"@type":"ReadAction","target":["https:\/\/admin.industriall-union.org\/es\/los-sindicatos-se-unen-para-defender-los-derechos-de-los-trabajadores\/"]}]},{"@type":"BreadcrumbList","@id":"https:\/\/admin.industriall-union.org\/es\/los-sindicatos-se-unen-para-defender-los-derechos-de-los-trabajadores\/#breadcrumb","itemListElement":[{"@type":"ListItem","position":1,"name":"Home","item":"https:\/\/admin.industriall-union.org\/"},{"@type":"ListItem","position":2,"name":"Articles","item":"https:\/\/admin.industriall-union.org\/article\/"},{"@type":"ListItem","position":3,"name":"Los sindicatos se unen para defender los derechos de los trabajadores"}]},{"@type":"WebSite","@id":"https:\/\/admin.industriall-union.org\/#website","url":"https:\/\/admin.industriall-union.org\/","name":"industriall-union","description":"","potentialAction":[{"@type":"SearchAction","target":{"@type":"EntryPoint","urlTemplate":"https:\/\/admin.industriall-union.org\/?s={search_term_string}"},"query-input":{"@type":"PropertyValueSpecification","valueRequired":true,"valueName":"search_term_string"}}],"inLanguage":"es-ES"}]}},"_links":{"self":[{"href":"https:\/\/admin.industriall-union.org\/es\/wp-json\/wp\/v2\/article\/161502","targetHints":{"allow":["GET"]}}],"collection":[{"href":"https:\/\/admin.industriall-union.org\/es\/wp-json\/wp\/v2\/article"}],"about":[{"href":"https:\/\/admin.industriall-union.org\/es\/wp-json\/wp\/v2\/types\/article"}],"wp:attachment":[{"href":"https:\/\/admin.industriall-union.org\/es\/wp-json\/wp\/v2\/media?parent=161502"}],"wp:term":[{"taxonomy":"issues","embeddable":true,"href":"https:\/\/admin.industriall-union.org\/es\/wp-json\/wp\/v2\/issues?post=161502"},{"taxonomy":"companies","embeddable":true,"href":"https:\/\/admin.industriall-union.org\/es\/wp-json\/wp\/v2\/companies?post=161502"},{"taxonomy":"regions","embeddable":true,"href":"https:\/\/admin.industriall-union.org\/es\/wp-json\/wp\/v2\/regions?post=161502"},{"taxonomy":"sectors","embeddable":true,"href":"https:\/\/admin.industriall-union.org\/es\/wp-json\/wp\/v2\/sectors?post=161502"},{"taxonomy":"article_tags","embeddable":true,"href":"https:\/\/admin.industriall-union.org\/es\/wp-json\/wp\/v2\/article_tags?post=161502"}],"curies":[{"name":"wp","href":"https:\/\/api.w.org\/{rel}","templated":true}]}}