{"id":161449,"date":"2018-10-17T08:30:17","date_gmt":"2018-10-17T08:30:17","guid":{"rendered":"https:\/\/admin.industriall-union.org\/pakistan-siete-trabajadores-heridos-en-un-incendio-en-un-astillero-de-desguace-de-buques\/"},"modified":"2025-02-04T02:19:54","modified_gmt":"2025-02-04T02:19:54","slug":"pakistan-siete-trabajadores-heridos-en-un-incendio-en-un-astillero-de-desguace-de-buques","status":"publish","type":"article","link":"https:\/\/admin.industriall-union.org\/es\/pakistan-siete-trabajadores-heridos-en-un-incendio-en-un-astillero-de-desguace-de-buques\/","title":{"rendered":"Pakist\u00e1n: Siete trabajadores heridos en un incendio en un astillero de desguace de buques"},"content":{"rendered":"<p>Los bomberos tuvieron dificultades para llegar al lugar y extinguir el incendio. Voluntarios de la Fundaci\u00f3n Edhi y algunos trabajadores del sindicato ayudaron a rescatar a las v\u00edctimas, que fueron trasladas posteriormente a un hospital civil de Karachi.<\/p><p>Todas las v\u00edctimas, Abdul Qayoom, Khaliq, Muhammad Din, Muhammad Azam, Muhammad Akram, Muhammad Jabbar y Ehsan Ullah, eran trabajadores precarios.<\/p><p>Ir\u00f3nicamente, la tragedia sucedi\u00f3 un d\u00eda despu\u00e9s de que el ministro de Trabajo de Baluchist\u00e1n visitara el astillero y se percatara de las condiciones de vida y de trabajo de los obreros de desguace de buques de Gadani. Los incendios no son excepcionales en los astilleros de desguace; la semana pasada hubo accidentes con incendios en los astilleros 6 y 7, pero, afortunadamente, sin heridos. A ra\u00edz del accidente, el Gobierno de Baluchist\u00e1n prohibi\u00f3 todas las actividades de desguace y las reuniones de trabajadores en la zona.<\/p><p>Atle H\u00f8ie, secretario general adjunto de la IndustriALL Global Union, dijo:<\/p><blockquote><p>&ldquo;Es inaceptable que en los astilleros de desguace de buques de Gadani siga habiendo negligencia respecto a la seguridad y que se produzcan todav\u00eda desastres de incendios. Incluso despu\u00e9s de la <a href=\"http:\/\/www.industriall-union.org\/es\/pakistan-urge-compensacion-equitativa-para-las-victimas-del-incendio-de-gadani\">tragedia masiva de noviembre de 2016<\/a>, en la que murieron 26 trabajadores y muchos m\u00e1s resultaron heridos, parece que el Gobierno y los empleadores no han aprendido las lecciones. Junto a los afiliados a la IndustriALL en Pakist\u00e1n, reiteramos nuestra demanda al Gobierno de Baluchist\u00e1n de que aplique el c\u00f3digo de desguace de buques, y al Gobierno de Pakist\u00e1n de que ratifique y aplique inmediatamente el Convenio internacional de Hong Kong para el reciclaje seguro y ambientalmente racional de los buques.&quot;<\/p><\/blockquote><p>Kan Matsuzaki, director de TIC, electricidad y electr\u00f3nica, construcci\u00f3n naval y desguace de buques en la IndustriALL, dijo:<\/p><blockquote><p>&ldquo;Todas las v\u00edctimas de la cat\u00e1strofe deben recibir asistencia m\u00e9dica y una indemnizaci\u00f3n apropiada. Nos solidarizamos con las v\u00edctimas y esperamos que se recuperen r\u00e1pidamente. Para mejorar las normas de seguridad en los astilleros, el Gobierno y los empleadores tienen que poner fin al trabajo precario, reconocer los derechos de los trabajadores a la libertad de asociaci\u00f3n y la negociaci\u00f3n colectiva, y aplicar leyes laborales y el c\u00f3digo de desguace de buques de conformidad con el Convenio de Hong Kong.&rdquo;<\/p><\/blockquote>","protected":false},"featured_media":0,"template":"","issues":[415,425],"companies":[],"regions":[182],"sectors":[471],"article_tags":[],"class_list":["post-161449","article","type-article","status-publish","hentry","issues-stop-precarious-work","issues-workers-rights","regions-pakistan","sectors-shipbreaking"],"acf":[],"yoast_head":"<!-- This site is optimized with the Yoast SEO Premium plugin v27.1 (Yoast SEO v27.1) - https:\/\/yoast.com\/product\/yoast-seo-premium-wordpress\/ -->\n<title>Pakist\u00e1n: Siete trabajadores heridos en un incendio en un astillero de desguace de buques - industriall-union<\/title>\n<meta name=\"description\" content=\"Los bomberos tuvieron dificultades para llegar al lugar y extinguir el incendio. Voluntarios de la Fundaci\u00f3n Edhi y algunos trabajadores del sindicato\" \/>\n<meta name=\"robots\" content=\"index, follow, max-snippet:-1, max-image-preview:large, max-video-preview:-1\" \/>\n<link rel=\"canonical\" href=\"https:\/\/admin.industriall-union.org\/es\/pakistan-siete-trabajadores-heridos-en-un-incendio-en-un-astillero-de-desguace-de-buques\/\" \/>\n<meta property=\"og:locale\" content=\"es_ES\" \/>\n<meta property=\"og:type\" content=\"article\" \/>\n<meta property=\"og:title\" content=\"Pakist\u00e1n: Siete trabajadores heridos en un incendio en un astillero de desguace de buques\" \/>\n<meta property=\"og:description\" content=\"Los bomberos tuvieron dificultades para llegar al lugar y extinguir el incendio. Voluntarios de la Fundaci\u00f3n Edhi y algunos trabajadores del sindicato\" \/>\n<meta property=\"og:url\" content=\"https:\/\/admin.industriall-union.org\/es\/pakistan-siete-trabajadores-heridos-en-un-incendio-en-un-astillero-de-desguace-de-buques\/\" \/>\n<meta property=\"og:site_name\" content=\"industriall-union\" \/>\n<meta property=\"article:modified_time\" content=\"2025-02-04T02:19:54+00:00\" \/>\n<meta name=\"twitter:card\" content=\"summary_large_image\" \/>\n<meta name=\"twitter:label1\" content=\"Est. reading time\" \/>\n\t<meta name=\"twitter:data1\" content=\"2 minutes\" \/>\n<script type=\"application\/ld+json\" class=\"yoast-schema-graph\">{\"@context\":\"https:\/\/schema.org\",\"@graph\":[{\"@type\":\"WebPage\",\"@id\":\"https:\/\/admin.industriall-union.org\/es\/pakistan-siete-trabajadores-heridos-en-un-incendio-en-un-astillero-de-desguace-de-buques\/\",\"url\":\"https:\/\/admin.industriall-union.org\/es\/pakistan-siete-trabajadores-heridos-en-un-incendio-en-un-astillero-de-desguace-de-buques\/\",\"name\":\"Pakist\u00e1n: Siete trabajadores heridos en un incendio en un astillero de desguace de buques - industriall-union\",\"isPartOf\":{\"@id\":\"https:\/\/admin.industriall-union.org\/#website\"},\"datePublished\":\"2018-10-17T08:30:17+00:00\",\"dateModified\":\"2025-02-04T02:19:54+00:00\",\"description\":\"Los bomberos tuvieron dificultades para llegar al lugar y extinguir el incendio. Voluntarios de la Fundaci\u00f3n Edhi y algunos trabajadores del sindicato\",\"breadcrumb\":{\"@id\":\"https:\/\/admin.industriall-union.org\/es\/pakistan-siete-trabajadores-heridos-en-un-incendio-en-un-astillero-de-desguace-de-buques\/#breadcrumb\"},\"inLanguage\":\"es-ES\",\"potentialAction\":[{\"@type\":\"ReadAction\",\"target\":[\"https:\/\/admin.industriall-union.org\/es\/pakistan-siete-trabajadores-heridos-en-un-incendio-en-un-astillero-de-desguace-de-buques\/\"]}]},{\"@type\":\"BreadcrumbList\",\"@id\":\"https:\/\/admin.industriall-union.org\/es\/pakistan-siete-trabajadores-heridos-en-un-incendio-en-un-astillero-de-desguace-de-buques\/#breadcrumb\",\"itemListElement\":[{\"@type\":\"ListItem\",\"position\":1,\"name\":\"Home\",\"item\":\"https:\/\/admin.industriall-union.org\/\"},{\"@type\":\"ListItem\",\"position\":2,\"name\":\"Articles\",\"item\":\"https:\/\/admin.industriall-union.org\/article\/\"},{\"@type\":\"ListItem\",\"position\":3,\"name\":\"Pakist\u00e1n: Siete trabajadores heridos en un incendio en un astillero de desguace de buques\"}]},{\"@type\":\"WebSite\",\"@id\":\"https:\/\/admin.industriall-union.org\/#website\",\"url\":\"https:\/\/admin.industriall-union.org\/\",\"name\":\"industriall-union\",\"description\":\"\",\"potentialAction\":[{\"@type\":\"SearchAction\",\"target\":{\"@type\":\"EntryPoint\",\"urlTemplate\":\"https:\/\/admin.industriall-union.org\/?s={search_term_string}\"},\"query-input\":{\"@type\":\"PropertyValueSpecification\",\"valueRequired\":true,\"valueName\":\"search_term_string\"}}],\"inLanguage\":\"es-ES\"}]}<\/script>\n<!-- \/ Yoast SEO Premium plugin. -->","yoast_head_json":{"title":"Pakist\u00e1n: Siete trabajadores heridos en un incendio en un astillero de desguace de buques - industriall-union","description":"Los bomberos tuvieron dificultades para llegar al lugar y extinguir el incendio. Voluntarios de la Fundaci\u00f3n Edhi y algunos trabajadores del sindicato","robots":{"index":"index","follow":"follow","max-snippet":"max-snippet:-1","max-image-preview":"max-image-preview:large","max-video-preview":"max-video-preview:-1"},"canonical":"https:\/\/admin.industriall-union.org\/es\/pakistan-siete-trabajadores-heridos-en-un-incendio-en-un-astillero-de-desguace-de-buques\/","og_locale":"es_ES","og_type":"article","og_title":"Pakist\u00e1n: Siete trabajadores heridos en un incendio en un astillero de desguace de buques","og_description":"Los bomberos tuvieron dificultades para llegar al lugar y extinguir el incendio. Voluntarios de la Fundaci\u00f3n Edhi y algunos trabajadores del sindicato","og_url":"https:\/\/admin.industriall-union.org\/es\/pakistan-siete-trabajadores-heridos-en-un-incendio-en-un-astillero-de-desguace-de-buques\/","og_site_name":"industriall-union","article_modified_time":"2025-02-04T02:19:54+00:00","twitter_card":"summary_large_image","twitter_misc":{"Est. reading time":"2 minutes"},"schema":{"@context":"https:\/\/schema.org","@graph":[{"@type":"WebPage","@id":"https:\/\/admin.industriall-union.org\/es\/pakistan-siete-trabajadores-heridos-en-un-incendio-en-un-astillero-de-desguace-de-buques\/","url":"https:\/\/admin.industriall-union.org\/es\/pakistan-siete-trabajadores-heridos-en-un-incendio-en-un-astillero-de-desguace-de-buques\/","name":"Pakist\u00e1n: Siete trabajadores heridos en un incendio en un astillero de desguace de buques - industriall-union","isPartOf":{"@id":"https:\/\/admin.industriall-union.org\/#website"},"datePublished":"2018-10-17T08:30:17+00:00","dateModified":"2025-02-04T02:19:54+00:00","description":"Los bomberos tuvieron dificultades para llegar al lugar y extinguir el incendio. Voluntarios de la Fundaci\u00f3n Edhi y algunos trabajadores del sindicato","breadcrumb":{"@id":"https:\/\/admin.industriall-union.org\/es\/pakistan-siete-trabajadores-heridos-en-un-incendio-en-un-astillero-de-desguace-de-buques\/#breadcrumb"},"inLanguage":"es-ES","potentialAction":[{"@type":"ReadAction","target":["https:\/\/admin.industriall-union.org\/es\/pakistan-siete-trabajadores-heridos-en-un-incendio-en-un-astillero-de-desguace-de-buques\/"]}]},{"@type":"BreadcrumbList","@id":"https:\/\/admin.industriall-union.org\/es\/pakistan-siete-trabajadores-heridos-en-un-incendio-en-un-astillero-de-desguace-de-buques\/#breadcrumb","itemListElement":[{"@type":"ListItem","position":1,"name":"Home","item":"https:\/\/admin.industriall-union.org\/"},{"@type":"ListItem","position":2,"name":"Articles","item":"https:\/\/admin.industriall-union.org\/article\/"},{"@type":"ListItem","position":3,"name":"Pakist\u00e1n: Siete trabajadores heridos en un incendio en un astillero de desguace de buques"}]},{"@type":"WebSite","@id":"https:\/\/admin.industriall-union.org\/#website","url":"https:\/\/admin.industriall-union.org\/","name":"industriall-union","description":"","potentialAction":[{"@type":"SearchAction","target":{"@type":"EntryPoint","urlTemplate":"https:\/\/admin.industriall-union.org\/?s={search_term_string}"},"query-input":{"@type":"PropertyValueSpecification","valueRequired":true,"valueName":"search_term_string"}}],"inLanguage":"es-ES"}]}},"_links":{"self":[{"href":"https:\/\/admin.industriall-union.org\/es\/wp-json\/wp\/v2\/article\/161449","targetHints":{"allow":["GET"]}}],"collection":[{"href":"https:\/\/admin.industriall-union.org\/es\/wp-json\/wp\/v2\/article"}],"about":[{"href":"https:\/\/admin.industriall-union.org\/es\/wp-json\/wp\/v2\/types\/article"}],"wp:attachment":[{"href":"https:\/\/admin.industriall-union.org\/es\/wp-json\/wp\/v2\/media?parent=161449"}],"wp:term":[{"taxonomy":"issues","embeddable":true,"href":"https:\/\/admin.industriall-union.org\/es\/wp-json\/wp\/v2\/issues?post=161449"},{"taxonomy":"companies","embeddable":true,"href":"https:\/\/admin.industriall-union.org\/es\/wp-json\/wp\/v2\/companies?post=161449"},{"taxonomy":"regions","embeddable":true,"href":"https:\/\/admin.industriall-union.org\/es\/wp-json\/wp\/v2\/regions?post=161449"},{"taxonomy":"sectors","embeddable":true,"href":"https:\/\/admin.industriall-union.org\/es\/wp-json\/wp\/v2\/sectors?post=161449"},{"taxonomy":"article_tags","embeddable":true,"href":"https:\/\/admin.industriall-union.org\/es\/wp-json\/wp\/v2\/article_tags?post=161449"}],"curies":[{"name":"wp","href":"https:\/\/api.w.org\/{rel}","templated":true}]}}