{"id":161296,"date":"2018-11-15T09:16:42","date_gmt":"2018-11-15T09:16:42","guid":{"rendered":"https:\/\/admin.industriall-union.org\/los-sindicatos-mineros-del-congo-se-unen-para-hacer-frente-a-glencore\/"},"modified":"2025-02-04T00:57:33","modified_gmt":"2025-02-04T00:57:33","slug":"los-sindicatos-mineros-del-congo-se-unen-para-hacer-frente-a-glencore","status":"publish","type":"article","link":"https:\/\/admin.industriall-union.org\/es\/los-sindicatos-mineros-del-congo-se-unen-para-hacer-frente-a-glencore\/","title":{"rendered":"Los sindicatos mineros del Congo se unen para hacer frente a Glencore"},"content":{"rendered":"<p>Esta es la resoluci\u00f3n de una reuni\u00f3n celebrada los d\u00edas 13 y 14 de noviembre en Kolwezi, provincia de Lualaba. La resoluci\u00f3n obliga a los sindicatos a un objetivo de organizaci\u00f3n que deben alcanzar antes de la pr\u00f3xima reuni\u00f3n de la red mundial de Glencore en 2019.<\/p><p>Dieciocho representantes, entre ellos secretarios generales, de cuatro afiliados a la IndustriALL Global Union &#8211; CSC, OTUC, TUMEC y UNTC &#8211; que organizan a los trabajadores en el sector minero, constituyeron la red nacional de Glencore de la IndustriALL que incluir\u00e1 a los sindicatos del sector petrolero. Ya existe una red provincial. La reuni\u00f3n coincidi\u00f3 en que los sindicatos afrontar\u00edan mejor a la multinacional minera global como fuerza unificada y a trav\u00e9s de las redes.<\/p><p>La reuni\u00f3n forma parte de una serie de intervenciones de la IndustriALL en la RDC, en el marco de una campa\u00f1a mundial para mejorar las condiciones de trabajo de los mineros en las operaciones de Glencore en el mundo entero. A comienzos de 2019 habr\u00e1 una misi\u00f3n conjunta de Glencore y la IndustriALL a la RDC, sancionada por el director ejecutivo de Glencore, Ivan Glasenberg, dentro de una serie de intervenciones para determinar el curso de las relaciones laborales en la RDC en la forma correcta.<\/p><p>Los sindicatos convinieron en la democratizaci\u00f3n merced al control de los trabajadores y en promover la responsabilidad de la direcci\u00f3n sindical respecto a sus miembros. Se destac\u00f3 que los sindicatos deben ser activos a nivel provincial y local para tener la seguridad de se priorizan los problemas en el lugar de trabajo. Adem\u00e1s, los sindicatos se comprometieron a dotar a los dirigentes y a los miembros de capacidad mediante la educaci\u00f3n y la formaci\u00f3n de los trabajadores, utilizando la negociaci\u00f3n colectiva como instrumento para mejorar el bienestar de los trabajadores, y desarrollar mejores sistemas financieros para que los sindicatos sean sostenibles.<\/p><p>Los sindicatos acordaron fortalecer y coordinar sus actividades, incluido el intercambio de informaci\u00f3n. La investigaci\u00f3n se realizar\u00e1 sobre la manera en que puede utilizarse el sistema jur\u00eddico para mejorar las relaciones laborales y sobre la forma de actuar con arreglo al nuevo c\u00f3digo de miner\u00eda adoptado por el Gobierno de la RDC, a pesar de las protestas de la industria minera. Tambi\u00e9n se har\u00e1n visitas de intercambio con otros afiliados mineros en la regi\u00f3n del \u00c1frica Subsahariana.<\/p><p>Glen Mpufane, director en la IndustriALL de la miner\u00eda, dice:<\/p><blockquote><p>&ldquo;Los sindicatos deben trabajar arduamente para para crear fuerza sindical en la RDC. Mediante esa fuerza, que se deriva de m\u00e1s miembros en un sindicato, es c\u00f3mo pueden afrontar a las empresas multinacionales. Siendo fuertes, los sindicatos pueden cumplir los sue\u00f1os de los trabajadores, y disponer de potencial para transformar la sociedad.&quot;<\/p><\/blockquote>","protected":false},"featured_media":0,"template":"","issues":[],"companies":[60],"regions":[322,311],"sectors":[495,494],"article_tags":[],"class_list":["post-161296","article","type-article","status-publish","hentry","companies-glencore","regions-congo-drc","regions-sub-saharan-africa","sectors-mining","sectors-mining-and-dgojp"],"acf":[],"yoast_head":"<!-- This site is optimized with the Yoast SEO Premium plugin v27.1 (Yoast SEO v27.1) - https:\/\/yoast.com\/product\/yoast-seo-premium-wordpress\/ -->\n<title>Los sindicatos mineros del Congo se unen para hacer frente a Glencore - industriall-union<\/title>\n<meta name=\"description\" content=\"Esta es la resoluci\u00f3n de una reuni\u00f3n celebrada los d\u00edas 13 y 14 de noviembre en Kolwezi, provincia de Lualaba. La resoluci\u00f3n obliga a los sindicatos a un\" \/>\n<meta name=\"robots\" content=\"index, follow, max-snippet:-1, max-image-preview:large, max-video-preview:-1\" \/>\n<link rel=\"canonical\" href=\"https:\/\/admin.industriall-union.org\/es\/los-sindicatos-mineros-del-congo-se-unen-para-hacer-frente-a-glencore\/\" \/>\n<meta property=\"og:locale\" content=\"es_ES\" \/>\n<meta property=\"og:type\" content=\"article\" \/>\n<meta property=\"og:title\" content=\"Los sindicatos mineros del Congo se unen para hacer frente a Glencore\" \/>\n<meta property=\"og:description\" content=\"Esta es la resoluci\u00f3n de una reuni\u00f3n celebrada los d\u00edas 13 y 14 de noviembre en Kolwezi, provincia de Lualaba. La resoluci\u00f3n obliga a los sindicatos a un\" \/>\n<meta property=\"og:url\" content=\"https:\/\/admin.industriall-union.org\/es\/los-sindicatos-mineros-del-congo-se-unen-para-hacer-frente-a-glencore\/\" \/>\n<meta property=\"og:site_name\" content=\"industriall-union\" \/>\n<meta property=\"article:modified_time\" content=\"2025-02-04T00:57:33+00:00\" \/>\n<meta name=\"twitter:card\" content=\"summary_large_image\" \/>\n<meta name=\"twitter:label1\" content=\"Est. reading time\" \/>\n\t<meta name=\"twitter:data1\" content=\"2 minutes\" \/>\n<script type=\"application\/ld+json\" class=\"yoast-schema-graph\">{\"@context\":\"https:\/\/schema.org\",\"@graph\":[{\"@type\":\"WebPage\",\"@id\":\"https:\/\/admin.industriall-union.org\/es\/los-sindicatos-mineros-del-congo-se-unen-para-hacer-frente-a-glencore\/\",\"url\":\"https:\/\/admin.industriall-union.org\/es\/los-sindicatos-mineros-del-congo-se-unen-para-hacer-frente-a-glencore\/\",\"name\":\"Los sindicatos mineros del Congo se unen para hacer frente a Glencore - industriall-union\",\"isPartOf\":{\"@id\":\"https:\/\/admin.industriall-union.org\/#website\"},\"datePublished\":\"2018-11-15T09:16:42+00:00\",\"dateModified\":\"2025-02-04T00:57:33+00:00\",\"description\":\"Esta es la resoluci\u00f3n de una reuni\u00f3n celebrada los d\u00edas 13 y 14 de noviembre en Kolwezi, provincia de Lualaba. La resoluci\u00f3n obliga a los sindicatos a un\",\"breadcrumb\":{\"@id\":\"https:\/\/admin.industriall-union.org\/es\/los-sindicatos-mineros-del-congo-se-unen-para-hacer-frente-a-glencore\/#breadcrumb\"},\"inLanguage\":\"es-ES\",\"potentialAction\":[{\"@type\":\"ReadAction\",\"target\":[\"https:\/\/admin.industriall-union.org\/es\/los-sindicatos-mineros-del-congo-se-unen-para-hacer-frente-a-glencore\/\"]}]},{\"@type\":\"BreadcrumbList\",\"@id\":\"https:\/\/admin.industriall-union.org\/es\/los-sindicatos-mineros-del-congo-se-unen-para-hacer-frente-a-glencore\/#breadcrumb\",\"itemListElement\":[{\"@type\":\"ListItem\",\"position\":1,\"name\":\"Home\",\"item\":\"https:\/\/admin.industriall-union.org\/\"},{\"@type\":\"ListItem\",\"position\":2,\"name\":\"Articles\",\"item\":\"https:\/\/admin.industriall-union.org\/article\/\"},{\"@type\":\"ListItem\",\"position\":3,\"name\":\"Los sindicatos mineros del Congo se unen para hacer frente a Glencore\"}]},{\"@type\":\"WebSite\",\"@id\":\"https:\/\/admin.industriall-union.org\/#website\",\"url\":\"https:\/\/admin.industriall-union.org\/\",\"name\":\"industriall-union\",\"description\":\"\",\"potentialAction\":[{\"@type\":\"SearchAction\",\"target\":{\"@type\":\"EntryPoint\",\"urlTemplate\":\"https:\/\/admin.industriall-union.org\/?s={search_term_string}\"},\"query-input\":{\"@type\":\"PropertyValueSpecification\",\"valueRequired\":true,\"valueName\":\"search_term_string\"}}],\"inLanguage\":\"es-ES\"}]}<\/script>\n<!-- \/ Yoast SEO Premium plugin. -->","yoast_head_json":{"title":"Los sindicatos mineros del Congo se unen para hacer frente a Glencore - industriall-union","description":"Esta es la resoluci\u00f3n de una reuni\u00f3n celebrada los d\u00edas 13 y 14 de noviembre en Kolwezi, provincia de Lualaba. La resoluci\u00f3n obliga a los sindicatos a un","robots":{"index":"index","follow":"follow","max-snippet":"max-snippet:-1","max-image-preview":"max-image-preview:large","max-video-preview":"max-video-preview:-1"},"canonical":"https:\/\/admin.industriall-union.org\/es\/los-sindicatos-mineros-del-congo-se-unen-para-hacer-frente-a-glencore\/","og_locale":"es_ES","og_type":"article","og_title":"Los sindicatos mineros del Congo se unen para hacer frente a Glencore","og_description":"Esta es la resoluci\u00f3n de una reuni\u00f3n celebrada los d\u00edas 13 y 14 de noviembre en Kolwezi, provincia de Lualaba. La resoluci\u00f3n obliga a los sindicatos a un","og_url":"https:\/\/admin.industriall-union.org\/es\/los-sindicatos-mineros-del-congo-se-unen-para-hacer-frente-a-glencore\/","og_site_name":"industriall-union","article_modified_time":"2025-02-04T00:57:33+00:00","twitter_card":"summary_large_image","twitter_misc":{"Est. reading time":"2 minutes"},"schema":{"@context":"https:\/\/schema.org","@graph":[{"@type":"WebPage","@id":"https:\/\/admin.industriall-union.org\/es\/los-sindicatos-mineros-del-congo-se-unen-para-hacer-frente-a-glencore\/","url":"https:\/\/admin.industriall-union.org\/es\/los-sindicatos-mineros-del-congo-se-unen-para-hacer-frente-a-glencore\/","name":"Los sindicatos mineros del Congo se unen para hacer frente a Glencore - industriall-union","isPartOf":{"@id":"https:\/\/admin.industriall-union.org\/#website"},"datePublished":"2018-11-15T09:16:42+00:00","dateModified":"2025-02-04T00:57:33+00:00","description":"Esta es la resoluci\u00f3n de una reuni\u00f3n celebrada los d\u00edas 13 y 14 de noviembre en Kolwezi, provincia de Lualaba. La resoluci\u00f3n obliga a los sindicatos a un","breadcrumb":{"@id":"https:\/\/admin.industriall-union.org\/es\/los-sindicatos-mineros-del-congo-se-unen-para-hacer-frente-a-glencore\/#breadcrumb"},"inLanguage":"es-ES","potentialAction":[{"@type":"ReadAction","target":["https:\/\/admin.industriall-union.org\/es\/los-sindicatos-mineros-del-congo-se-unen-para-hacer-frente-a-glencore\/"]}]},{"@type":"BreadcrumbList","@id":"https:\/\/admin.industriall-union.org\/es\/los-sindicatos-mineros-del-congo-se-unen-para-hacer-frente-a-glencore\/#breadcrumb","itemListElement":[{"@type":"ListItem","position":1,"name":"Home","item":"https:\/\/admin.industriall-union.org\/"},{"@type":"ListItem","position":2,"name":"Articles","item":"https:\/\/admin.industriall-union.org\/article\/"},{"@type":"ListItem","position":3,"name":"Los sindicatos mineros del Congo se unen para hacer frente a Glencore"}]},{"@type":"WebSite","@id":"https:\/\/admin.industriall-union.org\/#website","url":"https:\/\/admin.industriall-union.org\/","name":"industriall-union","description":"","potentialAction":[{"@type":"SearchAction","target":{"@type":"EntryPoint","urlTemplate":"https:\/\/admin.industriall-union.org\/?s={search_term_string}"},"query-input":{"@type":"PropertyValueSpecification","valueRequired":true,"valueName":"search_term_string"}}],"inLanguage":"es-ES"}]}},"_links":{"self":[{"href":"https:\/\/admin.industriall-union.org\/es\/wp-json\/wp\/v2\/article\/161296","targetHints":{"allow":["GET"]}}],"collection":[{"href":"https:\/\/admin.industriall-union.org\/es\/wp-json\/wp\/v2\/article"}],"about":[{"href":"https:\/\/admin.industriall-union.org\/es\/wp-json\/wp\/v2\/types\/article"}],"wp:attachment":[{"href":"https:\/\/admin.industriall-union.org\/es\/wp-json\/wp\/v2\/media?parent=161296"}],"wp:term":[{"taxonomy":"issues","embeddable":true,"href":"https:\/\/admin.industriall-union.org\/es\/wp-json\/wp\/v2\/issues?post=161296"},{"taxonomy":"companies","embeddable":true,"href":"https:\/\/admin.industriall-union.org\/es\/wp-json\/wp\/v2\/companies?post=161296"},{"taxonomy":"regions","embeddable":true,"href":"https:\/\/admin.industriall-union.org\/es\/wp-json\/wp\/v2\/regions?post=161296"},{"taxonomy":"sectors","embeddable":true,"href":"https:\/\/admin.industriall-union.org\/es\/wp-json\/wp\/v2\/sectors?post=161296"},{"taxonomy":"article_tags","embeddable":true,"href":"https:\/\/admin.industriall-union.org\/es\/wp-json\/wp\/v2\/article_tags?post=161296"}],"curies":[{"name":"wp","href":"https:\/\/api.w.org\/{rel}","templated":true}]}}