{"id":161204,"date":"2018-11-23T14:04:49","date_gmt":"2018-11-23T14:04:49","guid":{"rendered":"https:\/\/admin.industriall-union.org\/huelga-general-en-tunez-por-los-recortes-del-gobierno\/"},"modified":"2025-02-03T23:59:08","modified_gmt":"2025-02-03T23:59:08","slug":"huelga-general-en-tunez-por-los-recortes-del-gobierno","status":"publish","type":"article","link":"https:\/\/admin.industriall-union.org\/es\/huelga-general-en-tunez-por-los-recortes-del-gobierno\/","title":{"rendered":"Huelga general en T\u00fanez por los recortes del gobierno"},"content":{"rendered":"<p>Se cree que aproximadamente un 6% de la poblaci\u00f3n de T\u00fanez particip\u00f3 en la huelga, la mayor que se ha registrado en el pa\u00eds desde 2013. En el sector p\u00fablico de T\u00fanez laboran trabajadores\/as miembros de sindicatos de la UGTT, organizaci\u00f3n afiliada a IndustriALL Global Union.<\/p><p>Organizaciones internacionales de cr\u00e9dito, incluyendo el Fondo Monetario Internacional, han presionado al gobierno de T\u00fanez, exigi\u00e9ndole reformas del sector p\u00fablico para que reduzca el d\u00e9ficit presupuestario. Esas reformas incluyen congelaci\u00f3n salarial y el propuesto plan de privatizaci\u00f3n de recursos de propiedad p\u00fablica.<\/p><p>La UGTT no acepta los planes del gobierno, diciendo que con estos planes se corre el riesgo de debilitar la calidad de los servicios p\u00fablicos. Debido al aumento de la inflaci\u00f3n y una ca\u00edda del valor de la moneda, los trabajadores\/as han perdido poder adquisitivo, por lo cual reclaman el aumento salarial que merecen.<\/p><p>La UGTT originalmente convoc\u00f3 una huelga para el 24 de octubre adem\u00e1s del 22 de noviembre. La huelga de octubre se suspendi\u00f3 despu\u00e9s de varios meses de negociaci\u00f3n, cuando el gobierno acord\u00f3 aumentar los salarios de 150,000 trabajadores\/as. Sin embargo, el gobierno no cumpli\u00f3 con su compromiso.<\/p><p>La huelga de ayer es una reacci\u00f3n ante el hecho de que el gobierno no haya respetado tres acuerdos anteriores.<\/p><p>Valter Sanches, Secretario General de IndustriALL, envi\u00f3 <a href=\"\/wp-content\/uploads\/documents\/2018\/TUNISIA\/industriall_global_union_solidaire_avec_les_travailleurs_du_secteur_public_en_tunisie_21-11-2018.docx.pdf\">una carta de solidaridad <\/a>a la UGTT, en la que se\u00f1al\u00f3 lo siguiente:<\/p><blockquote><p>&ldquo;La huelga demuestra el compromiso de la UGTT de defender los derechos de los empleados del sector p\u00fablico, que merecen un aumento salarial, dado el aumento de la inflaci\u00f3n, la ca\u00edda del valor del dinar tunecino y el aumento de los impuestos.<\/p><p>&ldquo;Estamos conscientes de que esta huelga se ha originado por haber llegado al agotamiento&nbsp; de las posibilidades de di\u00e1logo, y porque la negociaci\u00f3n no ha podido lograr un acuerdo sobre la necesidad de aumentar los salarios en el sector p\u00fablico&rdquo;.<\/p><\/blockquote>","protected":false},"featured_media":0,"template":"","issues":[],"companies":[],"regions":[288,305],"sectors":[],"article_tags":[],"class_list":["post-161204","article","type-article","status-publish","hentry","regions-middle-east-and-north-africa","regions-tunisia"],"acf":[],"yoast_head":"<!-- This site is optimized with the Yoast SEO Premium plugin v27.1 (Yoast SEO v27.1) - https:\/\/yoast.com\/product\/yoast-seo-premium-wordpress\/ -->\n<title>Huelga general en T\u00fanez por los recortes del gobierno - industriall-union<\/title>\n<meta name=\"description\" content=\"Se cree que aproximadamente un 6% de la poblaci\u00f3n de T\u00fanez particip\u00f3 en la huelga, la mayor que se ha registrado en el pa\u00eds desde 2013. En el sector\" \/>\n<meta name=\"robots\" content=\"index, follow, max-snippet:-1, max-image-preview:large, max-video-preview:-1\" \/>\n<link rel=\"canonical\" href=\"https:\/\/admin.industriall-union.org\/es\/huelga-general-en-tunez-por-los-recortes-del-gobierno\/\" \/>\n<meta property=\"og:locale\" content=\"es_ES\" \/>\n<meta property=\"og:type\" content=\"article\" \/>\n<meta property=\"og:title\" content=\"Huelga general en T\u00fanez por los recortes del gobierno\" \/>\n<meta property=\"og:description\" content=\"Se cree que aproximadamente un 6% de la poblaci\u00f3n de T\u00fanez particip\u00f3 en la huelga, la mayor que se ha registrado en el pa\u00eds desde 2013. En el sector\" \/>\n<meta property=\"og:url\" content=\"https:\/\/admin.industriall-union.org\/es\/huelga-general-en-tunez-por-los-recortes-del-gobierno\/\" \/>\n<meta property=\"og:site_name\" content=\"industriall-union\" \/>\n<meta property=\"article:modified_time\" content=\"2025-02-03T23:59:08+00:00\" \/>\n<meta name=\"twitter:card\" content=\"summary_large_image\" \/>\n<meta name=\"twitter:label1\" content=\"Est. reading time\" \/>\n\t<meta name=\"twitter:data1\" content=\"2 minutes\" \/>\n<script type=\"application\/ld+json\" class=\"yoast-schema-graph\">{\"@context\":\"https:\/\/schema.org\",\"@graph\":[{\"@type\":\"WebPage\",\"@id\":\"https:\/\/admin.industriall-union.org\/es\/huelga-general-en-tunez-por-los-recortes-del-gobierno\/\",\"url\":\"https:\/\/admin.industriall-union.org\/es\/huelga-general-en-tunez-por-los-recortes-del-gobierno\/\",\"name\":\"Huelga general en T\u00fanez por los recortes del gobierno - industriall-union\",\"isPartOf\":{\"@id\":\"https:\/\/admin.industriall-union.org\/#website\"},\"datePublished\":\"2018-11-23T14:04:49+00:00\",\"dateModified\":\"2025-02-03T23:59:08+00:00\",\"description\":\"Se cree que aproximadamente un 6% de la poblaci\u00f3n de T\u00fanez particip\u00f3 en la huelga, la mayor que se ha registrado en el pa\u00eds desde 2013. En el sector\",\"breadcrumb\":{\"@id\":\"https:\/\/admin.industriall-union.org\/es\/huelga-general-en-tunez-por-los-recortes-del-gobierno\/#breadcrumb\"},\"inLanguage\":\"es-ES\",\"potentialAction\":[{\"@type\":\"ReadAction\",\"target\":[\"https:\/\/admin.industriall-union.org\/es\/huelga-general-en-tunez-por-los-recortes-del-gobierno\/\"]}]},{\"@type\":\"BreadcrumbList\",\"@id\":\"https:\/\/admin.industriall-union.org\/es\/huelga-general-en-tunez-por-los-recortes-del-gobierno\/#breadcrumb\",\"itemListElement\":[{\"@type\":\"ListItem\",\"position\":1,\"name\":\"Home\",\"item\":\"https:\/\/admin.industriall-union.org\/\"},{\"@type\":\"ListItem\",\"position\":2,\"name\":\"Articles\",\"item\":\"https:\/\/admin.industriall-union.org\/article\/\"},{\"@type\":\"ListItem\",\"position\":3,\"name\":\"Huelga general en T\u00fanez por los recortes del gobierno\"}]},{\"@type\":\"WebSite\",\"@id\":\"https:\/\/admin.industriall-union.org\/#website\",\"url\":\"https:\/\/admin.industriall-union.org\/\",\"name\":\"industriall-union\",\"description\":\"\",\"potentialAction\":[{\"@type\":\"SearchAction\",\"target\":{\"@type\":\"EntryPoint\",\"urlTemplate\":\"https:\/\/admin.industriall-union.org\/?s={search_term_string}\"},\"query-input\":{\"@type\":\"PropertyValueSpecification\",\"valueRequired\":true,\"valueName\":\"search_term_string\"}}],\"inLanguage\":\"es-ES\"}]}<\/script>\n<!-- \/ Yoast SEO Premium plugin. -->","yoast_head_json":{"title":"Huelga general en T\u00fanez por los recortes del gobierno - industriall-union","description":"Se cree que aproximadamente un 6% de la poblaci\u00f3n de T\u00fanez particip\u00f3 en la huelga, la mayor que se ha registrado en el pa\u00eds desde 2013. En el sector","robots":{"index":"index","follow":"follow","max-snippet":"max-snippet:-1","max-image-preview":"max-image-preview:large","max-video-preview":"max-video-preview:-1"},"canonical":"https:\/\/admin.industriall-union.org\/es\/huelga-general-en-tunez-por-los-recortes-del-gobierno\/","og_locale":"es_ES","og_type":"article","og_title":"Huelga general en T\u00fanez por los recortes del gobierno","og_description":"Se cree que aproximadamente un 6% de la poblaci\u00f3n de T\u00fanez particip\u00f3 en la huelga, la mayor que se ha registrado en el pa\u00eds desde 2013. En el sector","og_url":"https:\/\/admin.industriall-union.org\/es\/huelga-general-en-tunez-por-los-recortes-del-gobierno\/","og_site_name":"industriall-union","article_modified_time":"2025-02-03T23:59:08+00:00","twitter_card":"summary_large_image","twitter_misc":{"Est. reading time":"2 minutes"},"schema":{"@context":"https:\/\/schema.org","@graph":[{"@type":"WebPage","@id":"https:\/\/admin.industriall-union.org\/es\/huelga-general-en-tunez-por-los-recortes-del-gobierno\/","url":"https:\/\/admin.industriall-union.org\/es\/huelga-general-en-tunez-por-los-recortes-del-gobierno\/","name":"Huelga general en T\u00fanez por los recortes del gobierno - industriall-union","isPartOf":{"@id":"https:\/\/admin.industriall-union.org\/#website"},"datePublished":"2018-11-23T14:04:49+00:00","dateModified":"2025-02-03T23:59:08+00:00","description":"Se cree que aproximadamente un 6% de la poblaci\u00f3n de T\u00fanez particip\u00f3 en la huelga, la mayor que se ha registrado en el pa\u00eds desde 2013. En el sector","breadcrumb":{"@id":"https:\/\/admin.industriall-union.org\/es\/huelga-general-en-tunez-por-los-recortes-del-gobierno\/#breadcrumb"},"inLanguage":"es-ES","potentialAction":[{"@type":"ReadAction","target":["https:\/\/admin.industriall-union.org\/es\/huelga-general-en-tunez-por-los-recortes-del-gobierno\/"]}]},{"@type":"BreadcrumbList","@id":"https:\/\/admin.industriall-union.org\/es\/huelga-general-en-tunez-por-los-recortes-del-gobierno\/#breadcrumb","itemListElement":[{"@type":"ListItem","position":1,"name":"Home","item":"https:\/\/admin.industriall-union.org\/"},{"@type":"ListItem","position":2,"name":"Articles","item":"https:\/\/admin.industriall-union.org\/article\/"},{"@type":"ListItem","position":3,"name":"Huelga general en T\u00fanez por los recortes del gobierno"}]},{"@type":"WebSite","@id":"https:\/\/admin.industriall-union.org\/#website","url":"https:\/\/admin.industriall-union.org\/","name":"industriall-union","description":"","potentialAction":[{"@type":"SearchAction","target":{"@type":"EntryPoint","urlTemplate":"https:\/\/admin.industriall-union.org\/?s={search_term_string}"},"query-input":{"@type":"PropertyValueSpecification","valueRequired":true,"valueName":"search_term_string"}}],"inLanguage":"es-ES"}]}},"_links":{"self":[{"href":"https:\/\/admin.industriall-union.org\/es\/wp-json\/wp\/v2\/article\/161204","targetHints":{"allow":["GET"]}}],"collection":[{"href":"https:\/\/admin.industriall-union.org\/es\/wp-json\/wp\/v2\/article"}],"about":[{"href":"https:\/\/admin.industriall-union.org\/es\/wp-json\/wp\/v2\/types\/article"}],"wp:attachment":[{"href":"https:\/\/admin.industriall-union.org\/es\/wp-json\/wp\/v2\/media?parent=161204"}],"wp:term":[{"taxonomy":"issues","embeddable":true,"href":"https:\/\/admin.industriall-union.org\/es\/wp-json\/wp\/v2\/issues?post=161204"},{"taxonomy":"companies","embeddable":true,"href":"https:\/\/admin.industriall-union.org\/es\/wp-json\/wp\/v2\/companies?post=161204"},{"taxonomy":"regions","embeddable":true,"href":"https:\/\/admin.industriall-union.org\/es\/wp-json\/wp\/v2\/regions?post=161204"},{"taxonomy":"sectors","embeddable":true,"href":"https:\/\/admin.industriall-union.org\/es\/wp-json\/wp\/v2\/sectors?post=161204"},{"taxonomy":"article_tags","embeddable":true,"href":"https:\/\/admin.industriall-union.org\/es\/wp-json\/wp\/v2\/article_tags?post=161204"}],"curies":[{"name":"wp","href":"https:\/\/api.w.org\/{rel}","templated":true}]}}