{"id":161073,"date":"2018-12-11T14:07:04","date_gmt":"2018-12-11T14:07:04","guid":{"rendered":"https:\/\/admin.industriall-union.org\/la-industriall-intensifica-la-presion-sobre-volkswagen-para-que-negocie-con-el-sindicato-de-estados-unidos\/"},"modified":"2025-02-03T23:08:16","modified_gmt":"2025-02-03T23:08:16","slug":"la-industriall-intensifica-la-presion-sobre-volkswagen-para-que-negocie-con-el-sindicato-de-estados-unidos","status":"publish","type":"article","link":"https:\/\/admin.industriall-union.org\/es\/la-industriall-intensifica-la-presion-sobre-volkswagen-para-que-negocie-con-el-sindicato-de-estados-unidos\/","title":{"rendered":"La IndustriALL intensifica la presi\u00f3n sobre Volkswagen para que negocie con el sindicato de Estados Unidos"},"content":{"rendered":"<p>Hace tres a\u00f1os, el 4 de diciembre de 2015, el 70 por ciento de los trabajadores cualificados de la planta de Volkswagen en Chattanooga (Estados Unidos), votaron que les representara el UAW.<\/p><p>Pero, en lugar de negociar con el sindicato, Volkswagen ha procedido reiteradamente a acciones legales contra la votaci\u00f3n, incluida una apelaci\u00f3n contra la decisi\u00f3n de la Junta Nacional de Relaciones Laborales de agosto de 2016, que fall\u00f3 a favor del UAW.<\/p><p>El secretario general de la IndustriALL, Valter Sanches, dice que ese comportamiento es contrario a las buenas pr\u00e1cticas de Volkswagen en otras partes del mundo respecto a los derechos de los trabajadores y el di\u00e1logo social.<\/p><p>&ldquo;Esto no es s\u00f3lo una violaci\u00f3n de las leyes estadounidenses, sino que tambi\u00e9n infringe la &#039;Declaraci\u00f3n sobre Derechos Sociales y Relaciones de Trabajo en Volkswagen&rsquo;, firmada en junio de 2002.&rdquo;<\/p><p>El 30 de noviembre de 2018, el Comit\u00e9 Ejecutivo de la IndustriALL aprob\u00f3 por unanimidad una resoluci\u00f3n en la que se ped\u00eda a Volkswagen que retirara urgentemente la litigaci\u00f3n contra los sindicatos. De no hacerlo, la IndustriALL Global Union no ve m\u00e1s opci\u00f3n que suspender el Acuerdo Marco Global (AMG) con Volkswagen (&ldquo;Declaraci\u00f3n sobre derechos Sociales y Relaciones de Trabajo en Volkswagen&rdquo;), como la se\u00f1al m\u00e1s fuerte de desacuerdo disponible.<\/p><p>Las relaciones de trabajo con Volkswagen son valiosas y han demostrado su eficacia y beneficio para millones de personas que trabajan directa o indirectamente para Volkswagen en todo el mundo.<\/p><p>En una resoluci\u00f3n aprobada por el Comit\u00e9 de Empresa del Grupo Mundial de Volkswagen la semana pasada, el 6 de diciembre, los sindicalistas&nbsp; elegidos en Volkswagen en el mundo entero apoyaron la demanda del inmediato reconocimiento de los trabajadores cualificados en Chattanooga.<\/p><p>&ldquo;Protestamos contra el hecho de que Volkwagen todav\u00eda no haya aceptado la elecci\u00f3n de los trabajadores de mantenimiento ni haya respetado los derechos de negociaci\u00f3n correspondientes y, por lo tanto, trate de utilizar el entorno legal antisindical en Estados Unidos para evitar la negociaci\u00f3n colectiva.&rdquo;<\/p><p>Junto a los otros casos de derechos de los trabajadores y de los sindicatos en juego en otras plantas de fabricaci\u00f3n en el sur de Estados Unidos, la IndustriALL seguir\u00e1 vigilando a otras multinacionales presentes en la regi\u00f3n y coordinando la acci\u00f3n apropiada para garantizar el respeto de los derechos de los trabajadores.<\/p>","protected":false},"featured_media":0,"template":"","issues":[],"companies":[],"regions":[],"sectors":[],"article_tags":[],"class_list":["post-161073","article","type-article","status-publish","hentry"],"acf":[],"yoast_head":"<!-- This site is optimized with the Yoast SEO Premium plugin v27.1 (Yoast SEO v27.1) - https:\/\/yoast.com\/product\/yoast-seo-premium-wordpress\/ -->\n<title>La IndustriALL intensifica la presi\u00f3n sobre Volkswagen para que negocie con el sindicato de Estados Unidos - industriall-union<\/title>\n<meta name=\"description\" content=\"Hace tres a\u00f1os, el 4 de diciembre de 2015, el 70 por ciento de los trabajadores cualificados de la planta de Volkswagen en Chattanooga (Estados Unidos),\" \/>\n<meta name=\"robots\" content=\"index, follow, max-snippet:-1, max-image-preview:large, max-video-preview:-1\" \/>\n<link rel=\"canonical\" href=\"https:\/\/admin.industriall-union.org\/es\/la-industriall-intensifica-la-presion-sobre-volkswagen-para-que-negocie-con-el-sindicato-de-estados-unidos\/\" \/>\n<meta property=\"og:locale\" content=\"es_ES\" \/>\n<meta property=\"og:type\" content=\"article\" \/>\n<meta property=\"og:title\" content=\"La IndustriALL intensifica la presi\u00f3n sobre Volkswagen para que negocie con el sindicato de Estados Unidos\" \/>\n<meta property=\"og:description\" content=\"Hace tres a\u00f1os, el 4 de diciembre de 2015, el 70 por ciento de los trabajadores cualificados de la planta de Volkswagen en Chattanooga (Estados Unidos),\" \/>\n<meta property=\"og:url\" content=\"https:\/\/admin.industriall-union.org\/es\/la-industriall-intensifica-la-presion-sobre-volkswagen-para-que-negocie-con-el-sindicato-de-estados-unidos\/\" \/>\n<meta property=\"og:site_name\" content=\"industriall-union\" \/>\n<meta property=\"article:modified_time\" content=\"2025-02-03T23:08:16+00:00\" \/>\n<meta name=\"twitter:card\" content=\"summary_large_image\" \/>\n<meta name=\"twitter:label1\" content=\"Est. reading time\" \/>\n\t<meta name=\"twitter:data1\" content=\"2 minutes\" \/>\n<script type=\"application\/ld+json\" class=\"yoast-schema-graph\">{\"@context\":\"https:\/\/schema.org\",\"@graph\":[{\"@type\":\"WebPage\",\"@id\":\"https:\/\/admin.industriall-union.org\/es\/la-industriall-intensifica-la-presion-sobre-volkswagen-para-que-negocie-con-el-sindicato-de-estados-unidos\/\",\"url\":\"https:\/\/admin.industriall-union.org\/es\/la-industriall-intensifica-la-presion-sobre-volkswagen-para-que-negocie-con-el-sindicato-de-estados-unidos\/\",\"name\":\"La IndustriALL intensifica la presi\u00f3n sobre Volkswagen para que negocie con el sindicato de Estados Unidos - industriall-union\",\"isPartOf\":{\"@id\":\"https:\/\/admin.industriall-union.org\/#website\"},\"datePublished\":\"2018-12-11T14:07:04+00:00\",\"dateModified\":\"2025-02-03T23:08:16+00:00\",\"description\":\"Hace tres a\u00f1os, el 4 de diciembre de 2015, el 70 por ciento de los trabajadores cualificados de la planta de Volkswagen en Chattanooga (Estados Unidos),\",\"breadcrumb\":{\"@id\":\"https:\/\/admin.industriall-union.org\/es\/la-industriall-intensifica-la-presion-sobre-volkswagen-para-que-negocie-con-el-sindicato-de-estados-unidos\/#breadcrumb\"},\"inLanguage\":\"es-ES\",\"potentialAction\":[{\"@type\":\"ReadAction\",\"target\":[\"https:\/\/admin.industriall-union.org\/es\/la-industriall-intensifica-la-presion-sobre-volkswagen-para-que-negocie-con-el-sindicato-de-estados-unidos\/\"]}]},{\"@type\":\"BreadcrumbList\",\"@id\":\"https:\/\/admin.industriall-union.org\/es\/la-industriall-intensifica-la-presion-sobre-volkswagen-para-que-negocie-con-el-sindicato-de-estados-unidos\/#breadcrumb\",\"itemListElement\":[{\"@type\":\"ListItem\",\"position\":1,\"name\":\"Home\",\"item\":\"https:\/\/admin.industriall-union.org\/\"},{\"@type\":\"ListItem\",\"position\":2,\"name\":\"Articles\",\"item\":\"https:\/\/admin.industriall-union.org\/article\/\"},{\"@type\":\"ListItem\",\"position\":3,\"name\":\"La IndustriALL intensifica la presi\u00f3n sobre Volkswagen para que negocie con el sindicato de Estados Unidos\"}]},{\"@type\":\"WebSite\",\"@id\":\"https:\/\/admin.industriall-union.org\/#website\",\"url\":\"https:\/\/admin.industriall-union.org\/\",\"name\":\"industriall-union\",\"description\":\"\",\"potentialAction\":[{\"@type\":\"SearchAction\",\"target\":{\"@type\":\"EntryPoint\",\"urlTemplate\":\"https:\/\/admin.industriall-union.org\/?s={search_term_string}\"},\"query-input\":{\"@type\":\"PropertyValueSpecification\",\"valueRequired\":true,\"valueName\":\"search_term_string\"}}],\"inLanguage\":\"es-ES\"}]}<\/script>\n<!-- \/ Yoast SEO Premium plugin. -->","yoast_head_json":{"title":"La IndustriALL intensifica la presi\u00f3n sobre Volkswagen para que negocie con el sindicato de Estados Unidos - industriall-union","description":"Hace tres a\u00f1os, el 4 de diciembre de 2015, el 70 por ciento de los trabajadores cualificados de la planta de Volkswagen en Chattanooga (Estados Unidos),","robots":{"index":"index","follow":"follow","max-snippet":"max-snippet:-1","max-image-preview":"max-image-preview:large","max-video-preview":"max-video-preview:-1"},"canonical":"https:\/\/admin.industriall-union.org\/es\/la-industriall-intensifica-la-presion-sobre-volkswagen-para-que-negocie-con-el-sindicato-de-estados-unidos\/","og_locale":"es_ES","og_type":"article","og_title":"La IndustriALL intensifica la presi\u00f3n sobre Volkswagen para que negocie con el sindicato de Estados Unidos","og_description":"Hace tres a\u00f1os, el 4 de diciembre de 2015, el 70 por ciento de los trabajadores cualificados de la planta de Volkswagen en Chattanooga (Estados Unidos),","og_url":"https:\/\/admin.industriall-union.org\/es\/la-industriall-intensifica-la-presion-sobre-volkswagen-para-que-negocie-con-el-sindicato-de-estados-unidos\/","og_site_name":"industriall-union","article_modified_time":"2025-02-03T23:08:16+00:00","twitter_card":"summary_large_image","twitter_misc":{"Est. reading time":"2 minutes"},"schema":{"@context":"https:\/\/schema.org","@graph":[{"@type":"WebPage","@id":"https:\/\/admin.industriall-union.org\/es\/la-industriall-intensifica-la-presion-sobre-volkswagen-para-que-negocie-con-el-sindicato-de-estados-unidos\/","url":"https:\/\/admin.industriall-union.org\/es\/la-industriall-intensifica-la-presion-sobre-volkswagen-para-que-negocie-con-el-sindicato-de-estados-unidos\/","name":"La IndustriALL intensifica la presi\u00f3n sobre Volkswagen para que negocie con el sindicato de Estados Unidos - industriall-union","isPartOf":{"@id":"https:\/\/admin.industriall-union.org\/#website"},"datePublished":"2018-12-11T14:07:04+00:00","dateModified":"2025-02-03T23:08:16+00:00","description":"Hace tres a\u00f1os, el 4 de diciembre de 2015, el 70 por ciento de los trabajadores cualificados de la planta de Volkswagen en Chattanooga (Estados Unidos),","breadcrumb":{"@id":"https:\/\/admin.industriall-union.org\/es\/la-industriall-intensifica-la-presion-sobre-volkswagen-para-que-negocie-con-el-sindicato-de-estados-unidos\/#breadcrumb"},"inLanguage":"es-ES","potentialAction":[{"@type":"ReadAction","target":["https:\/\/admin.industriall-union.org\/es\/la-industriall-intensifica-la-presion-sobre-volkswagen-para-que-negocie-con-el-sindicato-de-estados-unidos\/"]}]},{"@type":"BreadcrumbList","@id":"https:\/\/admin.industriall-union.org\/es\/la-industriall-intensifica-la-presion-sobre-volkswagen-para-que-negocie-con-el-sindicato-de-estados-unidos\/#breadcrumb","itemListElement":[{"@type":"ListItem","position":1,"name":"Home","item":"https:\/\/admin.industriall-union.org\/"},{"@type":"ListItem","position":2,"name":"Articles","item":"https:\/\/admin.industriall-union.org\/article\/"},{"@type":"ListItem","position":3,"name":"La IndustriALL intensifica la presi\u00f3n sobre Volkswagen para que negocie con el sindicato de Estados Unidos"}]},{"@type":"WebSite","@id":"https:\/\/admin.industriall-union.org\/#website","url":"https:\/\/admin.industriall-union.org\/","name":"industriall-union","description":"","potentialAction":[{"@type":"SearchAction","target":{"@type":"EntryPoint","urlTemplate":"https:\/\/admin.industriall-union.org\/?s={search_term_string}"},"query-input":{"@type":"PropertyValueSpecification","valueRequired":true,"valueName":"search_term_string"}}],"inLanguage":"es-ES"}]}},"_links":{"self":[{"href":"https:\/\/admin.industriall-union.org\/es\/wp-json\/wp\/v2\/article\/161073","targetHints":{"allow":["GET"]}}],"collection":[{"href":"https:\/\/admin.industriall-union.org\/es\/wp-json\/wp\/v2\/article"}],"about":[{"href":"https:\/\/admin.industriall-union.org\/es\/wp-json\/wp\/v2\/types\/article"}],"wp:attachment":[{"href":"https:\/\/admin.industriall-union.org\/es\/wp-json\/wp\/v2\/media?parent=161073"}],"wp:term":[{"taxonomy":"issues","embeddable":true,"href":"https:\/\/admin.industriall-union.org\/es\/wp-json\/wp\/v2\/issues?post=161073"},{"taxonomy":"companies","embeddable":true,"href":"https:\/\/admin.industriall-union.org\/es\/wp-json\/wp\/v2\/companies?post=161073"},{"taxonomy":"regions","embeddable":true,"href":"https:\/\/admin.industriall-union.org\/es\/wp-json\/wp\/v2\/regions?post=161073"},{"taxonomy":"sectors","embeddable":true,"href":"https:\/\/admin.industriall-union.org\/es\/wp-json\/wp\/v2\/sectors?post=161073"},{"taxonomy":"article_tags","embeddable":true,"href":"https:\/\/admin.industriall-union.org\/es\/wp-json\/wp\/v2\/article_tags?post=161073"}],"curies":[{"name":"wp","href":"https:\/\/api.w.org\/{rel}","templated":true}]}}