{"id":161042,"date":"2018-12-19T13:05:41","date_gmt":"2018-12-19T13:05:41","guid":{"rendered":"https:\/\/admin.industriall-union.org\/completan-capacitacion-sindical-jovenes-dirigentes-de-la-region-del-medio-oriente-y-africa-del-norte\/"},"modified":"2025-02-03T22:55:24","modified_gmt":"2025-02-03T22:55:24","slug":"completan-capacitacion-sindical-jovenes-dirigentes-de-la-region-del-medio-oriente-y-africa-del-norte","status":"publish","type":"article","link":"https:\/\/admin.industriall-union.org\/es\/completan-capacitacion-sindical-jovenes-dirigentes-de-la-region-del-medio-oriente-y-africa-del-norte\/","title":{"rendered":"Completan capacitaci\u00f3n sindical j\u00f3venes dirigentes de la regi\u00f3n del Medio Oriente y \u00c1frica del Norte"},"content":{"rendered":"<p>Doce participantes de sindicatos afiliados de T\u00fanez y 20 de Marruecos recibieron sus diplomas en la tercera reuni\u00f3n de la red regional de j\u00f3venes del Medio Oriente y \u00c1frica del Norte que se realiz\u00f3 en T\u00fanez el 12 de diciembre.<\/p><p>Como parte del curso, organizado por IndustriALL con el apoyo de sindicatos de Suecia, los participantes de cada sindicato dise\u00f1aron su propio proyecto para empoderar a los sindicalistas j\u00f3venes y ayudar con la sindicalizaci\u00f3n de m\u00e1s trabajadores\/as j\u00f3venes.<\/p><p>El curso fue dise\u00f1ado para facilitar habilidades a los j\u00f3venes sindicalistas en el \u00e1rea de los derechos sindicales, el trabajo precario y la sindicalizaci\u00f3n. El curso tambi\u00e9n tiene el objetivo de promover la inclusi\u00f3n y plena participaci\u00f3n de trabajadores\/as j\u00f3venes por medio de concientizaci\u00f3n sobre las barreras estructurales y sist\u00e9micas que existen.<\/p><p>Khalil Kaanane, del sindicato de Marruecos Syndicat National des Travailleurs de Phosphates, quien asisti\u00f3 al curso, se\u00f1al\u00f3:<\/p><p>&ldquo;Es un programa ambicioso, que ofrece una estupenda oportunidad para que los j\u00f3venes dirigentes sindicales de la regi\u00f3n puedan enriquecer sus conocimientos, ampliar sus contactos y desarrollar su trabajo, gracias a los diversos proyectos propuestos. La ambici\u00f3n, el compromiso y la creatividad son la clave para que este programa d\u00e9 buenos resultados, fomentando la comunicaci\u00f3n con los trabajadores y trabajadoras j\u00f3venes&rdquo;.<\/p><p>Los participantes en el curso completaron cuatro seminarios en 2018, cada uno con una duraci\u00f3n de tres o cuatro d\u00edas, cubriendo: las estructuras sindicales y los conceptos b\u00e1sicos del sindicalismo; sindicalizaci\u00f3n, negociaci\u00f3n colectiva y g\u00e9nero; herramientas de campa\u00f1a y multinacionales; y el futuro del trabajo, de la juventud y de los sindicatos.<\/p><p>Este curso es parte de un proyecto que surgi\u00f3 a consecuencia un an\u00e1lisis realizado por los delegados sindicales j\u00f3venes reunidos en el primer <u><a href=\"http:\/\/www.industriall-union.org\/industriall-launches-mena-youth-network\">encuentro de j\u00f3venes de la regi\u00f3n del Medio Oriente y \u00c1frica del Norte, realizado en Marruecos en 2016<\/a><\/u>.<\/p><p>Dirigentes sindicales j\u00f3venes de Irak y Marruecos participar\u00e1n en el curso en 2019.<\/p><p>Unos veinte delegados (diez hombres y diez mujeres) de T\u00fanez y otros pa\u00edses de la regi\u00f3n del Medio Oriente y \u00c1frica del Norte participaron en la reuni\u00f3n de la red regional de j\u00f3venes realizada del 11 al 13 de diciembre. Entre otros, participaron Carin Hallerstr\u00f6m (Secretaria Internacional) y Axcel Lindersson (Secretario de Democracia) del sindicato sueco UNIONEN.<\/p><p>Los participantes decidieron tomar medidas de inmediato para procurar &nbsp;una participaci\u00f3n y representaci\u00f3n juvenil m\u00e1s efectiva durante el pr\u00f3ximo per\u00edodo entre Congresos de IndustriALL que comenzar\u00e1 en octubre de 2020.<\/p><p>Los delegados de diferentes pa\u00edses y sindicatos afiliados tambi\u00e9n hicieron una lista de las prioridades en que van a centrar su atenci\u00f3n durante el pr\u00f3ximo a\u00f1o, incluyendo lo siguiente: concientizar a los j\u00f3venes sobre los sindicatos; aumentar la participaci\u00f3n de los j\u00f3venes en reuniones y sesiones de formaci\u00f3n sindical; m\u00e1s capacitaci\u00f3n de los j\u00f3venes respecto a la sindicalizaci\u00f3n; y mejorar los conocimientos del trabajo sindical y de la legislaci\u00f3n (tanto nacional como internacional).<\/p><p>La red de j\u00f3venes tambi\u00e9n eligi\u00f3 una fecha para tener un d\u00eda de acci\u00f3n regional.<\/p>","protected":false},"featured_media":0,"template":"","issues":[396,422,425],"companies":[],"regions":[288,300,305],"sectors":[],"article_tags":[536],"class_list":["post-161042","article","type-article","status-publish","hentry","issues-building-strong-unions","issues-human-trade-union-rights","issues-workers-rights","regions-middle-east-and-north-africa","regions-morocco","regions-tunisia","article_tags-youth"],"acf":[],"yoast_head":"<!-- This site is optimized with the Yoast SEO Premium plugin v27.1 (Yoast SEO v27.1) - https:\/\/yoast.com\/product\/yoast-seo-premium-wordpress\/ -->\n<title>Completan capacitaci\u00f3n sindical j\u00f3venes dirigentes de la regi\u00f3n del Medio Oriente y \u00c1frica del Norte - industriall-union<\/title>\n<meta name=\"description\" content=\"Doce participantes de sindicatos afiliados de T\u00fanez y 20 de Marruecos recibieron sus diplomas en la tercera reuni\u00f3n de la red regional de j\u00f3venes del\" \/>\n<meta name=\"robots\" content=\"index, follow, max-snippet:-1, max-image-preview:large, max-video-preview:-1\" \/>\n<link rel=\"canonical\" href=\"https:\/\/admin.industriall-union.org\/es\/completan-capacitacion-sindical-jovenes-dirigentes-de-la-region-del-medio-oriente-y-africa-del-norte\/\" \/>\n<meta property=\"og:locale\" content=\"es_ES\" \/>\n<meta property=\"og:type\" content=\"article\" \/>\n<meta property=\"og:title\" content=\"Completan capacitaci\u00f3n sindical j\u00f3venes dirigentes de la regi\u00f3n del Medio Oriente y \u00c1frica del Norte\" \/>\n<meta property=\"og:description\" content=\"Doce participantes de sindicatos afiliados de T\u00fanez y 20 de Marruecos recibieron sus diplomas en la tercera reuni\u00f3n de la red regional de j\u00f3venes del\" \/>\n<meta property=\"og:url\" content=\"https:\/\/admin.industriall-union.org\/es\/completan-capacitacion-sindical-jovenes-dirigentes-de-la-region-del-medio-oriente-y-africa-del-norte\/\" \/>\n<meta property=\"og:site_name\" content=\"industriall-union\" \/>\n<meta property=\"article:modified_time\" content=\"2025-02-03T22:55:24+00:00\" \/>\n<meta name=\"twitter:card\" content=\"summary_large_image\" \/>\n<meta name=\"twitter:label1\" content=\"Est. reading time\" \/>\n\t<meta name=\"twitter:data1\" content=\"3 minutes\" \/>\n<script type=\"application\/ld+json\" class=\"yoast-schema-graph\">{\"@context\":\"https:\/\/schema.org\",\"@graph\":[{\"@type\":\"WebPage\",\"@id\":\"https:\/\/admin.industriall-union.org\/es\/completan-capacitacion-sindical-jovenes-dirigentes-de-la-region-del-medio-oriente-y-africa-del-norte\/\",\"url\":\"https:\/\/admin.industriall-union.org\/es\/completan-capacitacion-sindical-jovenes-dirigentes-de-la-region-del-medio-oriente-y-africa-del-norte\/\",\"name\":\"Completan capacitaci\u00f3n sindical j\u00f3venes dirigentes de la regi\u00f3n del Medio Oriente y \u00c1frica del Norte - industriall-union\",\"isPartOf\":{\"@id\":\"https:\/\/admin.industriall-union.org\/#website\"},\"datePublished\":\"2018-12-19T13:05:41+00:00\",\"dateModified\":\"2025-02-03T22:55:24+00:00\",\"description\":\"Doce participantes de sindicatos afiliados de T\u00fanez y 20 de Marruecos recibieron sus diplomas en la tercera reuni\u00f3n de la red regional de j\u00f3venes del\",\"breadcrumb\":{\"@id\":\"https:\/\/admin.industriall-union.org\/es\/completan-capacitacion-sindical-jovenes-dirigentes-de-la-region-del-medio-oriente-y-africa-del-norte\/#breadcrumb\"},\"inLanguage\":\"es-ES\",\"potentialAction\":[{\"@type\":\"ReadAction\",\"target\":[\"https:\/\/admin.industriall-union.org\/es\/completan-capacitacion-sindical-jovenes-dirigentes-de-la-region-del-medio-oriente-y-africa-del-norte\/\"]}]},{\"@type\":\"BreadcrumbList\",\"@id\":\"https:\/\/admin.industriall-union.org\/es\/completan-capacitacion-sindical-jovenes-dirigentes-de-la-region-del-medio-oriente-y-africa-del-norte\/#breadcrumb\",\"itemListElement\":[{\"@type\":\"ListItem\",\"position\":1,\"name\":\"Home\",\"item\":\"https:\/\/admin.industriall-union.org\/\"},{\"@type\":\"ListItem\",\"position\":2,\"name\":\"Articles\",\"item\":\"https:\/\/admin.industriall-union.org\/article\/\"},{\"@type\":\"ListItem\",\"position\":3,\"name\":\"Completan capacitaci\u00f3n sindical j\u00f3venes dirigentes de la regi\u00f3n del Medio Oriente y \u00c1frica del Norte\"}]},{\"@type\":\"WebSite\",\"@id\":\"https:\/\/admin.industriall-union.org\/#website\",\"url\":\"https:\/\/admin.industriall-union.org\/\",\"name\":\"industriall-union\",\"description\":\"\",\"potentialAction\":[{\"@type\":\"SearchAction\",\"target\":{\"@type\":\"EntryPoint\",\"urlTemplate\":\"https:\/\/admin.industriall-union.org\/?s={search_term_string}\"},\"query-input\":{\"@type\":\"PropertyValueSpecification\",\"valueRequired\":true,\"valueName\":\"search_term_string\"}}],\"inLanguage\":\"es-ES\"}]}<\/script>\n<!-- \/ Yoast SEO Premium plugin. -->","yoast_head_json":{"title":"Completan capacitaci\u00f3n sindical j\u00f3venes dirigentes de la regi\u00f3n del Medio Oriente y \u00c1frica del Norte - industriall-union","description":"Doce participantes de sindicatos afiliados de T\u00fanez y 20 de Marruecos recibieron sus diplomas en la tercera reuni\u00f3n de la red regional de j\u00f3venes del","robots":{"index":"index","follow":"follow","max-snippet":"max-snippet:-1","max-image-preview":"max-image-preview:large","max-video-preview":"max-video-preview:-1"},"canonical":"https:\/\/admin.industriall-union.org\/es\/completan-capacitacion-sindical-jovenes-dirigentes-de-la-region-del-medio-oriente-y-africa-del-norte\/","og_locale":"es_ES","og_type":"article","og_title":"Completan capacitaci\u00f3n sindical j\u00f3venes dirigentes de la regi\u00f3n del Medio Oriente y \u00c1frica del Norte","og_description":"Doce participantes de sindicatos afiliados de T\u00fanez y 20 de Marruecos recibieron sus diplomas en la tercera reuni\u00f3n de la red regional de j\u00f3venes del","og_url":"https:\/\/admin.industriall-union.org\/es\/completan-capacitacion-sindical-jovenes-dirigentes-de-la-region-del-medio-oriente-y-africa-del-norte\/","og_site_name":"industriall-union","article_modified_time":"2025-02-03T22:55:24+00:00","twitter_card":"summary_large_image","twitter_misc":{"Est. reading time":"3 minutes"},"schema":{"@context":"https:\/\/schema.org","@graph":[{"@type":"WebPage","@id":"https:\/\/admin.industriall-union.org\/es\/completan-capacitacion-sindical-jovenes-dirigentes-de-la-region-del-medio-oriente-y-africa-del-norte\/","url":"https:\/\/admin.industriall-union.org\/es\/completan-capacitacion-sindical-jovenes-dirigentes-de-la-region-del-medio-oriente-y-africa-del-norte\/","name":"Completan capacitaci\u00f3n sindical j\u00f3venes dirigentes de la regi\u00f3n del Medio Oriente y \u00c1frica del Norte - industriall-union","isPartOf":{"@id":"https:\/\/admin.industriall-union.org\/#website"},"datePublished":"2018-12-19T13:05:41+00:00","dateModified":"2025-02-03T22:55:24+00:00","description":"Doce participantes de sindicatos afiliados de T\u00fanez y 20 de Marruecos recibieron sus diplomas en la tercera reuni\u00f3n de la red regional de j\u00f3venes del","breadcrumb":{"@id":"https:\/\/admin.industriall-union.org\/es\/completan-capacitacion-sindical-jovenes-dirigentes-de-la-region-del-medio-oriente-y-africa-del-norte\/#breadcrumb"},"inLanguage":"es-ES","potentialAction":[{"@type":"ReadAction","target":["https:\/\/admin.industriall-union.org\/es\/completan-capacitacion-sindical-jovenes-dirigentes-de-la-region-del-medio-oriente-y-africa-del-norte\/"]}]},{"@type":"BreadcrumbList","@id":"https:\/\/admin.industriall-union.org\/es\/completan-capacitacion-sindical-jovenes-dirigentes-de-la-region-del-medio-oriente-y-africa-del-norte\/#breadcrumb","itemListElement":[{"@type":"ListItem","position":1,"name":"Home","item":"https:\/\/admin.industriall-union.org\/"},{"@type":"ListItem","position":2,"name":"Articles","item":"https:\/\/admin.industriall-union.org\/article\/"},{"@type":"ListItem","position":3,"name":"Completan capacitaci\u00f3n sindical j\u00f3venes dirigentes de la regi\u00f3n del Medio Oriente y \u00c1frica del Norte"}]},{"@type":"WebSite","@id":"https:\/\/admin.industriall-union.org\/#website","url":"https:\/\/admin.industriall-union.org\/","name":"industriall-union","description":"","potentialAction":[{"@type":"SearchAction","target":{"@type":"EntryPoint","urlTemplate":"https:\/\/admin.industriall-union.org\/?s={search_term_string}"},"query-input":{"@type":"PropertyValueSpecification","valueRequired":true,"valueName":"search_term_string"}}],"inLanguage":"es-ES"}]}},"_links":{"self":[{"href":"https:\/\/admin.industriall-union.org\/es\/wp-json\/wp\/v2\/article\/161042","targetHints":{"allow":["GET"]}}],"collection":[{"href":"https:\/\/admin.industriall-union.org\/es\/wp-json\/wp\/v2\/article"}],"about":[{"href":"https:\/\/admin.industriall-union.org\/es\/wp-json\/wp\/v2\/types\/article"}],"wp:attachment":[{"href":"https:\/\/admin.industriall-union.org\/es\/wp-json\/wp\/v2\/media?parent=161042"}],"wp:term":[{"taxonomy":"issues","embeddable":true,"href":"https:\/\/admin.industriall-union.org\/es\/wp-json\/wp\/v2\/issues?post=161042"},{"taxonomy":"companies","embeddable":true,"href":"https:\/\/admin.industriall-union.org\/es\/wp-json\/wp\/v2\/companies?post=161042"},{"taxonomy":"regions","embeddable":true,"href":"https:\/\/admin.industriall-union.org\/es\/wp-json\/wp\/v2\/regions?post=161042"},{"taxonomy":"sectors","embeddable":true,"href":"https:\/\/admin.industriall-union.org\/es\/wp-json\/wp\/v2\/sectors?post=161042"},{"taxonomy":"article_tags","embeddable":true,"href":"https:\/\/admin.industriall-union.org\/es\/wp-json\/wp\/v2\/article_tags?post=161042"}],"curies":[{"name":"wp","href":"https:\/\/api.w.org\/{rel}","templated":true}]}}