{"id":161022,"date":"2018-12-29T17:46:33","date_gmt":"2018-12-29T17:46:33","guid":{"rendered":"https:\/\/admin.industriall-union.org\/triunfan-trabajadores-as-de-mayr-melnhof-en-turquia-tras-una-huelga-de-186-dias\/"},"modified":"2025-02-03T22:42:30","modified_gmt":"2025-02-03T22:42:30","slug":"triunfan-trabajadores-as-de-mayr-melnhof-en-turquia-tras-una-huelga-de-186-dias","status":"publish","type":"article","link":"https:\/\/admin.industriall-union.org\/es\/triunfan-trabajadores-as-de-mayr-melnhof-en-turquia-tras-una-huelga-de-186-dias\/","title":{"rendered":"Triunfan trabajadores\/as de Mayr-Melnhof en Turqu\u00eda tras una huelga de 186 d\u00edas"},"content":{"rendered":"<p>Los trabajadores\/as afiliados a Sel\u00fcloz-\u0130\u015f hab\u00edan estado en huelga desde el 20 de junio, despu\u00e9s de rechazar el convenio colectivo propuesto por la administraci\u00f3n, que quer\u00eda imponer un aumento salarial del 0%.<\/p><p>Con el actual convenio de tres a\u00f1os, se otorgar\u00e1n a la fuerza de trabajo aumentos salariales de 280 liras turcas (US$ 53) para 2018. En el segundo y tercer a\u00f1o del convenio, los trabajadores\/as tendr\u00e1n derecho a 300 liras (US$ 57) durante los primeros seis meses de 2019; los aumentos se basar\u00e1n en la tasa de inflaci\u00f3n en la segunda mitad de 2019, y en todo 2020.<\/p><p>Los sindicalistas en huelga tambi\u00e9n lograron aumentar sus prestaciones sociales, seg\u00fan hab\u00edan exigido. Con el nuevo convenio, incluyendo las prestaciones sociales, los salarios de los trabajadores\/as fluctuar\u00e1n entre 2.150 (US$ 407) y 3.700 liras (US$ 700).<\/p><p>Por su parte, \u0130smail G\u00fcdero\u011flu, representante sindical en MM S\u00fcperpak, se\u00f1al\u00f3: &ldquo;Este convenio, aprobado por los trabajadores y trabajadoras, es un avance muy importante. Agradecemos a todos los que han demostrado apoyo y solidaridad en nuestra leg\u00edtima lucha&rdquo;.<\/p><p>Los trabajadores\/as de las tres plantas reiniciar\u00e1n sus labores el 2 de enero de 2019.<\/p><p>Por otro lado, Kemal \u00d6zkan, Secretario General Adjunto de IndustriALL, puntualiz\u00f3: &ldquo;Cuando <a href=\"http:\/\/www.industriall-union.org\/es\/en-turquia-se-alarga-la-huelga-en-mayr-melnhof-por-terquedad-de-la-administracion\">IndustriALL visit\u00f3 el piquete<\/a> en MM S\u00fcperpak, nuestros compa\u00f1eros y compa\u00f1eras en huelga gritaban que la resistencia trae la victoria. Con este estupendo triunfo, han logrado lo que exig\u00edan. Felicitamos de todo coraz\u00f3n a los huelguistas y a su sindicato Sel\u00fcloz-\u0130\u015f&rdquo;.<\/p><p>MM S\u00fcperpak Ambalaj es una filial de Mayr-Melnhof, con sede en Austria. Cuenta con operaciones en Izmir, Karaman y Gaziantep.<\/p><p>La Comisi\u00f3n del Salario M\u00ednimo de Turqu\u00eda ha determinado que a partir del 1&ordm; de enero de 2019, el salario m\u00ednimo legal ser\u00e1 de 2.020 liras turcas (US$ 380) netas. Se calcula que esta cifra ascender\u00e1 a 2,558 liras (US$ 482), incluyendo las primas de la seguridad social y los impuestos sobre la renta. Seg\u00fan fuentes oficiales, aproximadamente 7 millones de los 30 millones de trabajadores y trabajadoras de Turqu\u00eda ganan el salario m\u00ednimo legal.<\/p>","protected":false},"featured_media":0,"template":"","issues":[398,425],"companies":[],"regions":[250],"sectors":[474],"article_tags":[],"class_list":["post-161022","article","type-article","status-publish","hentry","issues-union-win","issues-workers-rights","regions-turkiye","sectors-pulp-and-paper"],"acf":[],"yoast_head":"<!-- This site is optimized with the Yoast SEO Premium plugin v27.1 (Yoast SEO v27.1) - https:\/\/yoast.com\/product\/yoast-seo-premium-wordpress\/ -->\n<title>Triunfan trabajadores\/as de Mayr-Melnhof en Turqu\u00eda tras una huelga de 186 d\u00edas - industriall-union<\/title>\n<meta name=\"description\" content=\"Los trabajadores\/as afiliados a Sel\u00fcloz-\u0130\u015f hab\u00edan estado en huelga desde el 20 de junio, despu\u00e9s de rechazar el convenio colectivo propuesto por la\" \/>\n<meta name=\"robots\" content=\"index, follow, max-snippet:-1, max-image-preview:large, max-video-preview:-1\" \/>\n<link rel=\"canonical\" href=\"https:\/\/admin.industriall-union.org\/es\/triunfan-trabajadores-as-de-mayr-melnhof-en-turquia-tras-una-huelga-de-186-dias\/\" \/>\n<meta property=\"og:locale\" content=\"es_ES\" \/>\n<meta property=\"og:type\" content=\"article\" \/>\n<meta property=\"og:title\" content=\"Triunfan trabajadores\/as de Mayr-Melnhof en Turqu\u00eda tras una huelga de 186 d\u00edas\" \/>\n<meta property=\"og:description\" content=\"Los trabajadores\/as afiliados a Sel\u00fcloz-\u0130\u015f hab\u00edan estado en huelga desde el 20 de junio, despu\u00e9s de rechazar el convenio colectivo propuesto por la\" \/>\n<meta property=\"og:url\" content=\"https:\/\/admin.industriall-union.org\/es\/triunfan-trabajadores-as-de-mayr-melnhof-en-turquia-tras-una-huelga-de-186-dias\/\" \/>\n<meta property=\"og:site_name\" content=\"industriall-union\" \/>\n<meta property=\"article:modified_time\" content=\"2025-02-03T22:42:30+00:00\" \/>\n<meta name=\"twitter:card\" content=\"summary_large_image\" \/>\n<meta name=\"twitter:label1\" content=\"Est. reading time\" \/>\n\t<meta name=\"twitter:data1\" content=\"2 minutes\" \/>\n<script type=\"application\/ld+json\" class=\"yoast-schema-graph\">{\"@context\":\"https:\/\/schema.org\",\"@graph\":[{\"@type\":\"WebPage\",\"@id\":\"https:\/\/admin.industriall-union.org\/es\/triunfan-trabajadores-as-de-mayr-melnhof-en-turquia-tras-una-huelga-de-186-dias\/\",\"url\":\"https:\/\/admin.industriall-union.org\/es\/triunfan-trabajadores-as-de-mayr-melnhof-en-turquia-tras-una-huelga-de-186-dias\/\",\"name\":\"Triunfan trabajadores\/as de Mayr-Melnhof en Turqu\u00eda tras una huelga de 186 d\u00edas - industriall-union\",\"isPartOf\":{\"@id\":\"https:\/\/admin.industriall-union.org\/ru\/#website\"},\"datePublished\":\"2018-12-29T17:46:33+00:00\",\"dateModified\":\"2025-02-03T22:42:30+00:00\",\"description\":\"Los trabajadores\/as afiliados a Sel\u00fcloz-\u0130\u015f hab\u00edan estado en huelga desde el 20 de junio, despu\u00e9s de rechazar el convenio colectivo propuesto por la\",\"breadcrumb\":{\"@id\":\"https:\/\/admin.industriall-union.org\/es\/triunfan-trabajadores-as-de-mayr-melnhof-en-turquia-tras-una-huelga-de-186-dias\/#breadcrumb\"},\"inLanguage\":\"es-ES\",\"potentialAction\":[{\"@type\":\"ReadAction\",\"target\":[\"https:\/\/admin.industriall-union.org\/es\/triunfan-trabajadores-as-de-mayr-melnhof-en-turquia-tras-una-huelga-de-186-dias\/\"]}]},{\"@type\":\"BreadcrumbList\",\"@id\":\"https:\/\/admin.industriall-union.org\/es\/triunfan-trabajadores-as-de-mayr-melnhof-en-turquia-tras-una-huelga-de-186-dias\/#breadcrumb\",\"itemListElement\":[{\"@type\":\"ListItem\",\"position\":1,\"name\":\"Home\",\"item\":\"https:\/\/admin.industriall-union.org\/ru\/\"},{\"@type\":\"ListItem\",\"position\":2,\"name\":\"Articles\",\"item\":\"https:\/\/admin.industriall-union.org\/ru\/article\/\"},{\"@type\":\"ListItem\",\"position\":3,\"name\":\"Triunfan trabajadores\/as de Mayr-Melnhof en Turqu\u00eda tras una huelga de 186 d\u00edas\"}]},{\"@type\":\"WebSite\",\"@id\":\"https:\/\/admin.industriall-union.org\/ru\/#website\",\"url\":\"https:\/\/admin.industriall-union.org\/ru\/\",\"name\":\"industriall-union\",\"description\":\"\",\"potentialAction\":[{\"@type\":\"SearchAction\",\"target\":{\"@type\":\"EntryPoint\",\"urlTemplate\":\"https:\/\/admin.industriall-union.org\/ru\/?s={search_term_string}\"},\"query-input\":{\"@type\":\"PropertyValueSpecification\",\"valueRequired\":true,\"valueName\":\"search_term_string\"}}],\"inLanguage\":\"es-ES\"}]}<\/script>\n<!-- \/ Yoast SEO Premium plugin. -->","yoast_head_json":{"title":"Triunfan trabajadores\/as de Mayr-Melnhof en Turqu\u00eda tras una huelga de 186 d\u00edas - industriall-union","description":"Los trabajadores\/as afiliados a Sel\u00fcloz-\u0130\u015f hab\u00edan estado en huelga desde el 20 de junio, despu\u00e9s de rechazar el convenio colectivo propuesto por la","robots":{"index":"index","follow":"follow","max-snippet":"max-snippet:-1","max-image-preview":"max-image-preview:large","max-video-preview":"max-video-preview:-1"},"canonical":"https:\/\/admin.industriall-union.org\/es\/triunfan-trabajadores-as-de-mayr-melnhof-en-turquia-tras-una-huelga-de-186-dias\/","og_locale":"es_ES","og_type":"article","og_title":"Triunfan trabajadores\/as de Mayr-Melnhof en Turqu\u00eda tras una huelga de 186 d\u00edas","og_description":"Los trabajadores\/as afiliados a Sel\u00fcloz-\u0130\u015f hab\u00edan estado en huelga desde el 20 de junio, despu\u00e9s de rechazar el convenio colectivo propuesto por la","og_url":"https:\/\/admin.industriall-union.org\/es\/triunfan-trabajadores-as-de-mayr-melnhof-en-turquia-tras-una-huelga-de-186-dias\/","og_site_name":"industriall-union","article_modified_time":"2025-02-03T22:42:30+00:00","twitter_card":"summary_large_image","twitter_misc":{"Est. reading time":"2 minutes"},"schema":{"@context":"https:\/\/schema.org","@graph":[{"@type":"WebPage","@id":"https:\/\/admin.industriall-union.org\/es\/triunfan-trabajadores-as-de-mayr-melnhof-en-turquia-tras-una-huelga-de-186-dias\/","url":"https:\/\/admin.industriall-union.org\/es\/triunfan-trabajadores-as-de-mayr-melnhof-en-turquia-tras-una-huelga-de-186-dias\/","name":"Triunfan trabajadores\/as de Mayr-Melnhof en Turqu\u00eda tras una huelga de 186 d\u00edas - industriall-union","isPartOf":{"@id":"https:\/\/admin.industriall-union.org\/ru\/#website"},"datePublished":"2018-12-29T17:46:33+00:00","dateModified":"2025-02-03T22:42:30+00:00","description":"Los trabajadores\/as afiliados a Sel\u00fcloz-\u0130\u015f hab\u00edan estado en huelga desde el 20 de junio, despu\u00e9s de rechazar el convenio colectivo propuesto por la","breadcrumb":{"@id":"https:\/\/admin.industriall-union.org\/es\/triunfan-trabajadores-as-de-mayr-melnhof-en-turquia-tras-una-huelga-de-186-dias\/#breadcrumb"},"inLanguage":"es-ES","potentialAction":[{"@type":"ReadAction","target":["https:\/\/admin.industriall-union.org\/es\/triunfan-trabajadores-as-de-mayr-melnhof-en-turquia-tras-una-huelga-de-186-dias\/"]}]},{"@type":"BreadcrumbList","@id":"https:\/\/admin.industriall-union.org\/es\/triunfan-trabajadores-as-de-mayr-melnhof-en-turquia-tras-una-huelga-de-186-dias\/#breadcrumb","itemListElement":[{"@type":"ListItem","position":1,"name":"Home","item":"https:\/\/admin.industriall-union.org\/ru\/"},{"@type":"ListItem","position":2,"name":"Articles","item":"https:\/\/admin.industriall-union.org\/ru\/article\/"},{"@type":"ListItem","position":3,"name":"Triunfan trabajadores\/as de Mayr-Melnhof en Turqu\u00eda tras una huelga de 186 d\u00edas"}]},{"@type":"WebSite","@id":"https:\/\/admin.industriall-union.org\/ru\/#website","url":"https:\/\/admin.industriall-union.org\/ru\/","name":"industriall-union","description":"","potentialAction":[{"@type":"SearchAction","target":{"@type":"EntryPoint","urlTemplate":"https:\/\/admin.industriall-union.org\/ru\/?s={search_term_string}"},"query-input":{"@type":"PropertyValueSpecification","valueRequired":true,"valueName":"search_term_string"}}],"inLanguage":"es-ES"}]}},"_links":{"self":[{"href":"https:\/\/admin.industriall-union.org\/es\/wp-json\/wp\/v2\/article\/161022","targetHints":{"allow":["GET"]}}],"collection":[{"href":"https:\/\/admin.industriall-union.org\/es\/wp-json\/wp\/v2\/article"}],"about":[{"href":"https:\/\/admin.industriall-union.org\/es\/wp-json\/wp\/v2\/types\/article"}],"wp:attachment":[{"href":"https:\/\/admin.industriall-union.org\/es\/wp-json\/wp\/v2\/media?parent=161022"}],"wp:term":[{"taxonomy":"issues","embeddable":true,"href":"https:\/\/admin.industriall-union.org\/es\/wp-json\/wp\/v2\/issues?post=161022"},{"taxonomy":"companies","embeddable":true,"href":"https:\/\/admin.industriall-union.org\/es\/wp-json\/wp\/v2\/companies?post=161022"},{"taxonomy":"regions","embeddable":true,"href":"https:\/\/admin.industriall-union.org\/es\/wp-json\/wp\/v2\/regions?post=161022"},{"taxonomy":"sectors","embeddable":true,"href":"https:\/\/admin.industriall-union.org\/es\/wp-json\/wp\/v2\/sectors?post=161022"},{"taxonomy":"article_tags","embeddable":true,"href":"https:\/\/admin.industriall-union.org\/es\/wp-json\/wp\/v2\/article_tags?post=161022"}],"curies":[{"name":"wp","href":"https:\/\/api.w.org\/{rel}","templated":true}]}}