{"id":161020,"date":"2018-12-29T18:12:27","date_gmt":"2018-12-29T18:12:27","guid":{"rendered":"https:\/\/admin.industriall-union.org\/alemania-se-despide-de-la-hulla-despues-de-200-anos\/"},"modified":"2025-02-03T22:40:21","modified_gmt":"2025-02-03T22:40:21","slug":"alemania-se-despide-de-la-hulla-despues-de-200-anos","status":"publish","type":"article","link":"https:\/\/admin.industriall-union.org\/es\/alemania-se-despide-de-la-hulla-despues-de-200-anos\/","title":{"rendered":"Alemania se despide de la hulla despu\u00e9s de 200 a\u00f1os"},"content":{"rendered":"<p>Asistieron a la ceremonia el presidente Federal de Alemania, Frank-Walter Steinmeier, el presidente de la Comisi\u00f3n de la UE, Jean-Claude Juncker, el primer ministro de Renania del Norte-Westfalia, Armin Laschet, y Michael Vassiliadis, presidente del afiliado alem\u00e1n a la IndustriALL Global Union la Uni\u00f3n de la Miner\u00eda, la Qu\u00edmica y la Industria de la Energ\u00eda (IG BCE).<\/p><p>&quot;El cierre de la mina de Bottrop significa el fin de una era industrial que ha influido profundamente en Alemania, y en particular en la zona del Ruhr&quot;, dijo Michael Vassiliadis. Nos despedimos de una industria que ha hecho fuerte y rica a Alemania, y no s\u00f3lo econ\u00f3micamente, sino tambi\u00e9n cultural y socialmente.&quot;<\/p><p>En 2007, los interlocutores sociales en la industria del carb\u00f3n alemana llegaron a un acuerdo para eliminar la producci\u00f3n de huella en 2018. Sin embargo, los combustibles f\u00f3siles siguen representando una parte importante de los componentes energ\u00e9ticos, y del lignito, o carb\u00f3n bituminoso, producido en Alemania se deriva todav\u00eda una parte de ellos.<\/p><p>En el decenio de 1950, la industria del carb\u00f3n alemana empleaba a unos 600.000 trabajadores, cifra que disminuy\u00f3 a unos 4.500 en 2017.<\/p><p>Los mineros tienen en Alemania, como en otras partes del mundo, una larga tradici\u00f3n de solidaridad y compa\u00f1erismo. &quot;&iexcl;Este pa\u00eds necesita de nuevo m\u00e1s cultura de camarader\u00eda!&quot;, dijo Michael Vassiliadis.<\/p><p>La IG BCE y sus organizaciones predecesoras han desempe\u00f1ado una funci\u00f3n esencial para garantizar una Transici\u00f3n justa en los \u00faltimos 25 a\u00f1os, pues la mano de obra en la industria minera se ha reducido notablemente. En el proceso de negociaci\u00f3n&nbsp; colectiva ha habido acuerdos innovadores con nuevos modelos en el proceso de ajuste.<\/p><p>&ldquo;Este es un momento emocionante para los mineros de Alemania y del mundo entero&quot;, dijo Kemal \u00d6zkan, secretario general adjunto de la IndustriALL.<\/p><p>&ldquo;El modelo de Transici\u00f3n justa utilizado en la industria minera alemana es un gran ejemplo de c\u00f3mo los sindicatos pueden manejar un proceso de este tipo. Encomiamos la labor realizada por los interlocutores sociales, en particular la IG BCE, durante esta transformaci\u00f3n.&quot;<\/p>","protected":false},"featured_media":0,"template":"","issues":[393],"companies":[],"regions":[219],"sectors":[495],"article_tags":[],"class_list":["post-161020","article","type-article","status-publish","hentry","issues-climate-change-just-transition","regions-germany","sectors-mining"],"acf":[],"yoast_head":"<!-- This site is optimized with the Yoast SEO Premium plugin v27.1 (Yoast SEO v27.1) - https:\/\/yoast.com\/product\/yoast-seo-premium-wordpress\/ -->\n<title>Alemania se despide de la hulla despu\u00e9s de 200 a\u00f1os - industriall-union<\/title>\n<meta name=\"description\" content=\"Asistieron a la ceremonia el presidente Federal de Alemania, Frank-Walter Steinmeier, el presidente de la Comisi\u00f3n de la UE, Jean-Claude Juncker, el\" \/>\n<meta name=\"robots\" content=\"index, follow, max-snippet:-1, max-image-preview:large, max-video-preview:-1\" \/>\n<link rel=\"canonical\" href=\"https:\/\/admin.industriall-union.org\/es\/alemania-se-despide-de-la-hulla-despues-de-200-anos\/\" \/>\n<meta property=\"og:locale\" content=\"es_ES\" \/>\n<meta property=\"og:type\" content=\"article\" \/>\n<meta property=\"og:title\" content=\"Alemania se despide de la hulla despu\u00e9s de 200 a\u00f1os\" \/>\n<meta property=\"og:description\" content=\"Asistieron a la ceremonia el presidente Federal de Alemania, Frank-Walter Steinmeier, el presidente de la Comisi\u00f3n de la UE, Jean-Claude Juncker, el\" \/>\n<meta property=\"og:url\" content=\"https:\/\/admin.industriall-union.org\/es\/alemania-se-despide-de-la-hulla-despues-de-200-anos\/\" \/>\n<meta property=\"og:site_name\" content=\"industriall-union\" \/>\n<meta property=\"article:modified_time\" content=\"2025-02-03T22:40:21+00:00\" \/>\n<meta name=\"twitter:card\" content=\"summary_large_image\" \/>\n<meta name=\"twitter:label1\" content=\"Est. reading time\" \/>\n\t<meta name=\"twitter:data1\" content=\"2 minutes\" \/>\n<script type=\"application\/ld+json\" class=\"yoast-schema-graph\">{\"@context\":\"https:\/\/schema.org\",\"@graph\":[{\"@type\":\"WebPage\",\"@id\":\"https:\/\/admin.industriall-union.org\/es\/alemania-se-despide-de-la-hulla-despues-de-200-anos\/\",\"url\":\"https:\/\/admin.industriall-union.org\/es\/alemania-se-despide-de-la-hulla-despues-de-200-anos\/\",\"name\":\"Alemania se despide de la hulla despu\u00e9s de 200 a\u00f1os - industriall-union\",\"isPartOf\":{\"@id\":\"https:\/\/admin.industriall-union.org\/#website\"},\"datePublished\":\"2018-12-29T18:12:27+00:00\",\"dateModified\":\"2025-02-03T22:40:21+00:00\",\"description\":\"Asistieron a la ceremonia el presidente Federal de Alemania, Frank-Walter Steinmeier, el presidente de la Comisi\u00f3n de la UE, Jean-Claude Juncker, el\",\"breadcrumb\":{\"@id\":\"https:\/\/admin.industriall-union.org\/es\/alemania-se-despide-de-la-hulla-despues-de-200-anos\/#breadcrumb\"},\"inLanguage\":\"es-ES\",\"potentialAction\":[{\"@type\":\"ReadAction\",\"target\":[\"https:\/\/admin.industriall-union.org\/es\/alemania-se-despide-de-la-hulla-despues-de-200-anos\/\"]}]},{\"@type\":\"BreadcrumbList\",\"@id\":\"https:\/\/admin.industriall-union.org\/es\/alemania-se-despide-de-la-hulla-despues-de-200-anos\/#breadcrumb\",\"itemListElement\":[{\"@type\":\"ListItem\",\"position\":1,\"name\":\"Home\",\"item\":\"https:\/\/admin.industriall-union.org\/\"},{\"@type\":\"ListItem\",\"position\":2,\"name\":\"Articles\",\"item\":\"https:\/\/admin.industriall-union.org\/article\/\"},{\"@type\":\"ListItem\",\"position\":3,\"name\":\"Alemania se despide de la hulla despu\u00e9s de 200 a\u00f1os\"}]},{\"@type\":\"WebSite\",\"@id\":\"https:\/\/admin.industriall-union.org\/#website\",\"url\":\"https:\/\/admin.industriall-union.org\/\",\"name\":\"industriall-union\",\"description\":\"\",\"potentialAction\":[{\"@type\":\"SearchAction\",\"target\":{\"@type\":\"EntryPoint\",\"urlTemplate\":\"https:\/\/admin.industriall-union.org\/?s={search_term_string}\"},\"query-input\":{\"@type\":\"PropertyValueSpecification\",\"valueRequired\":true,\"valueName\":\"search_term_string\"}}],\"inLanguage\":\"es-ES\"}]}<\/script>\n<!-- \/ Yoast SEO Premium plugin. -->","yoast_head_json":{"title":"Alemania se despide de la hulla despu\u00e9s de 200 a\u00f1os - industriall-union","description":"Asistieron a la ceremonia el presidente Federal de Alemania, Frank-Walter Steinmeier, el presidente de la Comisi\u00f3n de la UE, Jean-Claude Juncker, el","robots":{"index":"index","follow":"follow","max-snippet":"max-snippet:-1","max-image-preview":"max-image-preview:large","max-video-preview":"max-video-preview:-1"},"canonical":"https:\/\/admin.industriall-union.org\/es\/alemania-se-despide-de-la-hulla-despues-de-200-anos\/","og_locale":"es_ES","og_type":"article","og_title":"Alemania se despide de la hulla despu\u00e9s de 200 a\u00f1os","og_description":"Asistieron a la ceremonia el presidente Federal de Alemania, Frank-Walter Steinmeier, el presidente de la Comisi\u00f3n de la UE, Jean-Claude Juncker, el","og_url":"https:\/\/admin.industriall-union.org\/es\/alemania-se-despide-de-la-hulla-despues-de-200-anos\/","og_site_name":"industriall-union","article_modified_time":"2025-02-03T22:40:21+00:00","twitter_card":"summary_large_image","twitter_misc":{"Est. reading time":"2 minutes"},"schema":{"@context":"https:\/\/schema.org","@graph":[{"@type":"WebPage","@id":"https:\/\/admin.industriall-union.org\/es\/alemania-se-despide-de-la-hulla-despues-de-200-anos\/","url":"https:\/\/admin.industriall-union.org\/es\/alemania-se-despide-de-la-hulla-despues-de-200-anos\/","name":"Alemania se despide de la hulla despu\u00e9s de 200 a\u00f1os - industriall-union","isPartOf":{"@id":"https:\/\/admin.industriall-union.org\/#website"},"datePublished":"2018-12-29T18:12:27+00:00","dateModified":"2025-02-03T22:40:21+00:00","description":"Asistieron a la ceremonia el presidente Federal de Alemania, Frank-Walter Steinmeier, el presidente de la Comisi\u00f3n de la UE, Jean-Claude Juncker, el","breadcrumb":{"@id":"https:\/\/admin.industriall-union.org\/es\/alemania-se-despide-de-la-hulla-despues-de-200-anos\/#breadcrumb"},"inLanguage":"es-ES","potentialAction":[{"@type":"ReadAction","target":["https:\/\/admin.industriall-union.org\/es\/alemania-se-despide-de-la-hulla-despues-de-200-anos\/"]}]},{"@type":"BreadcrumbList","@id":"https:\/\/admin.industriall-union.org\/es\/alemania-se-despide-de-la-hulla-despues-de-200-anos\/#breadcrumb","itemListElement":[{"@type":"ListItem","position":1,"name":"Home","item":"https:\/\/admin.industriall-union.org\/"},{"@type":"ListItem","position":2,"name":"Articles","item":"https:\/\/admin.industriall-union.org\/article\/"},{"@type":"ListItem","position":3,"name":"Alemania se despide de la hulla despu\u00e9s de 200 a\u00f1os"}]},{"@type":"WebSite","@id":"https:\/\/admin.industriall-union.org\/#website","url":"https:\/\/admin.industriall-union.org\/","name":"industriall-union","description":"","potentialAction":[{"@type":"SearchAction","target":{"@type":"EntryPoint","urlTemplate":"https:\/\/admin.industriall-union.org\/?s={search_term_string}"},"query-input":{"@type":"PropertyValueSpecification","valueRequired":true,"valueName":"search_term_string"}}],"inLanguage":"es-ES"}]}},"_links":{"self":[{"href":"https:\/\/admin.industriall-union.org\/es\/wp-json\/wp\/v2\/article\/161020","targetHints":{"allow":["GET"]}}],"collection":[{"href":"https:\/\/admin.industriall-union.org\/es\/wp-json\/wp\/v2\/article"}],"about":[{"href":"https:\/\/admin.industriall-union.org\/es\/wp-json\/wp\/v2\/types\/article"}],"wp:attachment":[{"href":"https:\/\/admin.industriall-union.org\/es\/wp-json\/wp\/v2\/media?parent=161020"}],"wp:term":[{"taxonomy":"issues","embeddable":true,"href":"https:\/\/admin.industriall-union.org\/es\/wp-json\/wp\/v2\/issues?post=161020"},{"taxonomy":"companies","embeddable":true,"href":"https:\/\/admin.industriall-union.org\/es\/wp-json\/wp\/v2\/companies?post=161020"},{"taxonomy":"regions","embeddable":true,"href":"https:\/\/admin.industriall-union.org\/es\/wp-json\/wp\/v2\/regions?post=161020"},{"taxonomy":"sectors","embeddable":true,"href":"https:\/\/admin.industriall-union.org\/es\/wp-json\/wp\/v2\/sectors?post=161020"},{"taxonomy":"article_tags","embeddable":true,"href":"https:\/\/admin.industriall-union.org\/es\/wp-json\/wp\/v2\/article_tags?post=161020"}],"curies":[{"name":"wp","href":"https:\/\/api.w.org\/{rel}","templated":true}]}}