{"id":161004,"date":"2019-01-07T09:52:10","date_gmt":"2019-01-07T09:52:10","guid":{"rendered":"https:\/\/admin.industriall-union.org\/sindicalistas-detenidos-en-argelia-en-una-protesta\/"},"modified":"2025-02-03T22:32:16","modified_gmt":"2025-02-03T22:32:16","slug":"sindicalistas-detenidos-en-argelia-en-una-protesta","status":"publish","type":"article","link":"https:\/\/admin.industriall-union.org\/es\/sindicalistas-detenidos-en-argelia-en-una-protesta\/","title":{"rendered":"Sindicalistas detenidos en Argelia en una protesta"},"content":{"rendered":"<p>La polic\u00eda detuvo a m\u00e1s de 15 sindicalistas, entre ellos Abdelkader Kawafi, secretario general del afiliado a la IndustriALL Global Union el sindicato de trabajadores de la electricidad y el gas, SNATEG, Zakaria Ben Haddad, secretario general del sindicato de trabajadores de la energ\u00eda, SNT \u00c9NERGIE, y Mezayani Moussa, del sindicato SNSI.<\/p><p>Los manifestantes exig\u00edan&nbsp; la readmisi\u00f3n de once dirigentes del SNATEG que hab\u00edan sido despedidos por sus actividades sindicales en la compa\u00f1\u00eda estatal de la electricidad y el gas Sonelgaz.<\/p><p>Algunos llevan sin trabajo m\u00e1s de 26 meses, con el consiguiente sufrimiento que supone para ellos y sus familias.<\/p><p>Los manifestantes tambi\u00e9n reivindicaban la aplicaci\u00f3n de las recomendaciones de la Comisi\u00f3n de Aplicaci\u00f3n de Normas de la Organizaci\u00f3n Internacional del Trabajo formuladas en junio del a\u00f1o pasado. Entre las recomendaciones, la Comisi\u00f3n pidi\u00f3 al Gobierno argelino que:<\/p><ul><li>asegure que la libertad sindical pueda ejercerse en un clima exento de intimidaci\u00f3n y de actos de violencia contra los trabajadores, los sindicatos, los empleadores o las organizaciones de empleadores;<\/li><li>proporcione m\u00e1s informaci\u00f3n sobre la r\u00e1pida reintegraci\u00f3n de empleados del Gobierno a los que se haya despedido por motivos antisindicales, y<\/li><li>suministre informaci\u00f3n a la misi\u00f3n a la que se alude a continuaci\u00f3n sobre la decisi\u00f3n de disolver el sindicato SNATEGS.<\/li><\/ul><p>Los manifestantes tambi\u00e9n exigieron el fin de la criminalizaci\u00f3n de las actividades de los defensores de los derechos sindicales y los derechos humanos, incluidos periodistas y blogueros.<\/p><p>Los sindicalistas permanecieron detenidos en la comisar\u00eda de polic\u00eda de Argel durante seis horas y fueron obligados a firmar un documento denunciando su propio comportamiento para poder salir.<\/p><p>El secretario general adjunto de la IndustriALL Kemal \u00d6zkan dijo:<\/p><p>&ldquo;Condenamos este acoso y la detenci\u00f3n ilegal de sindicalistas, que s\u00f3lo ejerc\u00edan su leg\u00edtimo derecho a la protesta pac\u00edfica. Los derechos sindicales se est\u00e1n perdiendo en Argelia, y el mundo debe reaccionar a la ilegal acci\u00f3n del Gobierno.&quot;<\/p>","protected":false},"featured_media":0,"template":"","issues":[422,423],"companies":[],"regions":[289,288],"sectors":[483],"article_tags":[],"class_list":["post-161004","article","type-article","status-publish","hentry","issues-human-trade-union-rights","issues-ilo-watch","regions-algeria","regions-middle-east-and-north-africa","sectors-energy-oil-gas-electricity-and-nuclear"],"acf":[],"yoast_head":"<!-- This site is optimized with the Yoast SEO Premium plugin v27.1 (Yoast SEO v27.1) - https:\/\/yoast.com\/product\/yoast-seo-premium-wordpress\/ -->\n<title>Sindicalistas detenidos en Argelia en una protesta - industriall-union<\/title>\n<meta name=\"description\" content=\"La polic\u00eda detuvo a m\u00e1s de 15 sindicalistas, entre ellos Abdelkader Kawafi, secretario general del afiliado a la IndustriALL Global Union el sindicato de\" \/>\n<meta name=\"robots\" content=\"index, follow, max-snippet:-1, max-image-preview:large, max-video-preview:-1\" \/>\n<link rel=\"canonical\" href=\"https:\/\/admin.industriall-union.org\/es\/sindicalistas-detenidos-en-argelia-en-una-protesta\/\" \/>\n<meta property=\"og:locale\" content=\"es_ES\" \/>\n<meta property=\"og:type\" content=\"article\" \/>\n<meta property=\"og:title\" content=\"Sindicalistas detenidos en Argelia en una protesta\" \/>\n<meta property=\"og:description\" content=\"La polic\u00eda detuvo a m\u00e1s de 15 sindicalistas, entre ellos Abdelkader Kawafi, secretario general del afiliado a la IndustriALL Global Union el sindicato de\" \/>\n<meta property=\"og:url\" content=\"https:\/\/admin.industriall-union.org\/es\/sindicalistas-detenidos-en-argelia-en-una-protesta\/\" \/>\n<meta property=\"og:site_name\" content=\"industriall-union\" \/>\n<meta property=\"article:modified_time\" content=\"2025-02-03T22:32:16+00:00\" \/>\n<meta name=\"twitter:card\" content=\"summary_large_image\" \/>\n<meta name=\"twitter:label1\" content=\"Est. reading time\" \/>\n\t<meta name=\"twitter:data1\" content=\"2 minutes\" \/>\n<script type=\"application\/ld+json\" class=\"yoast-schema-graph\">{\"@context\":\"https:\/\/schema.org\",\"@graph\":[{\"@type\":\"WebPage\",\"@id\":\"https:\/\/admin.industriall-union.org\/es\/sindicalistas-detenidos-en-argelia-en-una-protesta\/\",\"url\":\"https:\/\/admin.industriall-union.org\/es\/sindicalistas-detenidos-en-argelia-en-una-protesta\/\",\"name\":\"Sindicalistas detenidos en Argelia en una protesta - industriall-union\",\"isPartOf\":{\"@id\":\"https:\/\/admin.industriall-union.org\/#website\"},\"datePublished\":\"2019-01-07T09:52:10+00:00\",\"dateModified\":\"2025-02-03T22:32:16+00:00\",\"description\":\"La polic\u00eda detuvo a m\u00e1s de 15 sindicalistas, entre ellos Abdelkader Kawafi, secretario general del afiliado a la IndustriALL Global Union el sindicato de\",\"breadcrumb\":{\"@id\":\"https:\/\/admin.industriall-union.org\/es\/sindicalistas-detenidos-en-argelia-en-una-protesta\/#breadcrumb\"},\"inLanguage\":\"es-ES\",\"potentialAction\":[{\"@type\":\"ReadAction\",\"target\":[\"https:\/\/admin.industriall-union.org\/es\/sindicalistas-detenidos-en-argelia-en-una-protesta\/\"]}]},{\"@type\":\"BreadcrumbList\",\"@id\":\"https:\/\/admin.industriall-union.org\/es\/sindicalistas-detenidos-en-argelia-en-una-protesta\/#breadcrumb\",\"itemListElement\":[{\"@type\":\"ListItem\",\"position\":1,\"name\":\"Home\",\"item\":\"https:\/\/admin.industriall-union.org\/\"},{\"@type\":\"ListItem\",\"position\":2,\"name\":\"Articles\",\"item\":\"https:\/\/admin.industriall-union.org\/article\/\"},{\"@type\":\"ListItem\",\"position\":3,\"name\":\"Sindicalistas detenidos en Argelia en una protesta\"}]},{\"@type\":\"WebSite\",\"@id\":\"https:\/\/admin.industriall-union.org\/#website\",\"url\":\"https:\/\/admin.industriall-union.org\/\",\"name\":\"industriall-union\",\"description\":\"\",\"potentialAction\":[{\"@type\":\"SearchAction\",\"target\":{\"@type\":\"EntryPoint\",\"urlTemplate\":\"https:\/\/admin.industriall-union.org\/?s={search_term_string}\"},\"query-input\":{\"@type\":\"PropertyValueSpecification\",\"valueRequired\":true,\"valueName\":\"search_term_string\"}}],\"inLanguage\":\"es-ES\"}]}<\/script>\n<!-- \/ Yoast SEO Premium plugin. -->","yoast_head_json":{"title":"Sindicalistas detenidos en Argelia en una protesta - industriall-union","description":"La polic\u00eda detuvo a m\u00e1s de 15 sindicalistas, entre ellos Abdelkader Kawafi, secretario general del afiliado a la IndustriALL Global Union el sindicato de","robots":{"index":"index","follow":"follow","max-snippet":"max-snippet:-1","max-image-preview":"max-image-preview:large","max-video-preview":"max-video-preview:-1"},"canonical":"https:\/\/admin.industriall-union.org\/es\/sindicalistas-detenidos-en-argelia-en-una-protesta\/","og_locale":"es_ES","og_type":"article","og_title":"Sindicalistas detenidos en Argelia en una protesta","og_description":"La polic\u00eda detuvo a m\u00e1s de 15 sindicalistas, entre ellos Abdelkader Kawafi, secretario general del afiliado a la IndustriALL Global Union el sindicato de","og_url":"https:\/\/admin.industriall-union.org\/es\/sindicalistas-detenidos-en-argelia-en-una-protesta\/","og_site_name":"industriall-union","article_modified_time":"2025-02-03T22:32:16+00:00","twitter_card":"summary_large_image","twitter_misc":{"Est. reading time":"2 minutes"},"schema":{"@context":"https:\/\/schema.org","@graph":[{"@type":"WebPage","@id":"https:\/\/admin.industriall-union.org\/es\/sindicalistas-detenidos-en-argelia-en-una-protesta\/","url":"https:\/\/admin.industriall-union.org\/es\/sindicalistas-detenidos-en-argelia-en-una-protesta\/","name":"Sindicalistas detenidos en Argelia en una protesta - industriall-union","isPartOf":{"@id":"https:\/\/admin.industriall-union.org\/#website"},"datePublished":"2019-01-07T09:52:10+00:00","dateModified":"2025-02-03T22:32:16+00:00","description":"La polic\u00eda detuvo a m\u00e1s de 15 sindicalistas, entre ellos Abdelkader Kawafi, secretario general del afiliado a la IndustriALL Global Union el sindicato de","breadcrumb":{"@id":"https:\/\/admin.industriall-union.org\/es\/sindicalistas-detenidos-en-argelia-en-una-protesta\/#breadcrumb"},"inLanguage":"es-ES","potentialAction":[{"@type":"ReadAction","target":["https:\/\/admin.industriall-union.org\/es\/sindicalistas-detenidos-en-argelia-en-una-protesta\/"]}]},{"@type":"BreadcrumbList","@id":"https:\/\/admin.industriall-union.org\/es\/sindicalistas-detenidos-en-argelia-en-una-protesta\/#breadcrumb","itemListElement":[{"@type":"ListItem","position":1,"name":"Home","item":"https:\/\/admin.industriall-union.org\/"},{"@type":"ListItem","position":2,"name":"Articles","item":"https:\/\/admin.industriall-union.org\/article\/"},{"@type":"ListItem","position":3,"name":"Sindicalistas detenidos en Argelia en una protesta"}]},{"@type":"WebSite","@id":"https:\/\/admin.industriall-union.org\/#website","url":"https:\/\/admin.industriall-union.org\/","name":"industriall-union","description":"","potentialAction":[{"@type":"SearchAction","target":{"@type":"EntryPoint","urlTemplate":"https:\/\/admin.industriall-union.org\/?s={search_term_string}"},"query-input":{"@type":"PropertyValueSpecification","valueRequired":true,"valueName":"search_term_string"}}],"inLanguage":"es-ES"}]}},"_links":{"self":[{"href":"https:\/\/admin.industriall-union.org\/es\/wp-json\/wp\/v2\/article\/161004","targetHints":{"allow":["GET"]}}],"collection":[{"href":"https:\/\/admin.industriall-union.org\/es\/wp-json\/wp\/v2\/article"}],"about":[{"href":"https:\/\/admin.industriall-union.org\/es\/wp-json\/wp\/v2\/types\/article"}],"wp:attachment":[{"href":"https:\/\/admin.industriall-union.org\/es\/wp-json\/wp\/v2\/media?parent=161004"}],"wp:term":[{"taxonomy":"issues","embeddable":true,"href":"https:\/\/admin.industriall-union.org\/es\/wp-json\/wp\/v2\/issues?post=161004"},{"taxonomy":"companies","embeddable":true,"href":"https:\/\/admin.industriall-union.org\/es\/wp-json\/wp\/v2\/companies?post=161004"},{"taxonomy":"regions","embeddable":true,"href":"https:\/\/admin.industriall-union.org\/es\/wp-json\/wp\/v2\/regions?post=161004"},{"taxonomy":"sectors","embeddable":true,"href":"https:\/\/admin.industriall-union.org\/es\/wp-json\/wp\/v2\/sectors?post=161004"},{"taxonomy":"article_tags","embeddable":true,"href":"https:\/\/admin.industriall-union.org\/es\/wp-json\/wp\/v2\/article_tags?post=161004"}],"curies":[{"name":"wp","href":"https:\/\/api.w.org\/{rel}","templated":true}]}}